{"id":263915,"date":"2025-07-21T18:00:12","date_gmt":"2025-07-21T18:00:12","guid":{"rendered":"https:\/\/www.europesays.com\/fr\/263915\/"},"modified":"2025-07-21T18:00:12","modified_gmt":"2025-07-21T18:00:12","slug":"airbus-va-former-les-futurs-cybercombattants-de-larmee-en-simulant-des-scenarios-dattaque-defense","status":"publish","type":"post","link":"https:\/\/www.europesays.com\/fr\/263915\/","title":{"rendered":"Airbus va former les futurs \u00ab\u00a0cybercombattants\u00a0\u00bb de l&rsquo;Arm\u00e9e en simulant \u00ab\u00a0des sc\u00e9narios d&rsquo;attaque-d\u00e9fense\u00a0\u00bb"},"content":{"rendered":"<p>            Par<br \/>\n        <strong><br \/>\n            <a href=\"https:\/\/actu.fr\/auteur\/guillaume-laurens\" title=\"Consulter tous les articles de Guillaume Laurens\" rel=\"nofollow noopener\" target=\"_blank\">Guillaume Laurens<\/a><br \/>\n        <\/strong><\/p>\n<p>        Publi\u00e9 le<\/p>\n<p>            21 juil. 2025 \u00e0 19h25        <\/p>\n<p>La Direction g\u00e9n\u00e9rale de l\u2019armement (DGA) et <a href=\"https:\/\/actu.fr\/occitanie\/toulouse_31555\/la-filiale-defence-and-space-bat-de-l-aile-chez-airbus-plus-de-2000-postes-sont-supprimes_62850981.html\" rel=\"nofollow noopener\" target=\"_blank\"><strong>Airbus Defence and Space<\/strong><\/a> ont annonc\u00e9 en ce mois de juillet\u00a02025 la signature d\u2019un \u00ab\u2009contrat-cadre pour la formation et l\u2019entra\u00eenement \u00e0 la cyberd\u00e9fense\u2009\u00bb de <strong>l\u2019ensemble des experts en cybers\u00e9curit\u00e9<\/strong> du minist\u00e8re des Arm\u00e9es, notamment les <strong>cybercombattants<\/strong> des <strong>forces arm\u00e9es<\/strong>, a annonc\u00e9 le g\u00e9ant europ\u00e9en de l\u2019a\u00e9rospatiale, dont le si\u00e8ge mondial est \u00e0 <strong>Toulouse<\/strong>.<\/p>\n<p>Un centre d\u2019entra\u00eenement \u00e0 la cyberd\u00e9fense<\/p>\n<p class=\" wall-content\">Portant sur une dur\u00e9e de <strong>huit ans<\/strong>, et d\u2019un \u00ab\u2009montant maximal\u2009\u00bb de <strong>250\u00a0millions d\u2019euros,<\/strong> ce contrat conduit par Airbus Defence and Space couvre \u00ab\u2009le d\u00e9veloppement, la r\u00e9alisation et le maintien en condition op\u00e9rationnelle de plateformes d\u2019entra\u00eenement, ainsi que la fourniture de prestations de formation et d\u2019entra\u00eenement, y compris l\u2019\u00e9laboration de sc\u00e9narios op\u00e9rationnels de cyberd\u00e9fense\u2009\u00bb, a pr\u00e9cis\u00e9 l\u2019avionneur.<\/p>\n<p class=\" wall-content\">Il pr\u00e9voit notamment d\u2019\u00e9quiper l\u2019Acad\u00e9mie de la Cyberd\u00e9fense du Commandement de la cyberd\u00e9fense (COMCYBER), bas\u00e9 pr\u00e8s de Rennes (Ille-et-Vilaine), d\u2019un <strong>centre d\u2019entra\u00eenement \u00e0 la cyberd\u00e9fense<\/strong>.<\/p>\n<blockquote class=\"ac-article-quote wall-content\">\n<p>Ce centre va concourir \u00e0 la pr\u00e9paration op\u00e9rationnelle des cybercombattants par le biais d&rsquo;entra\u00eenements sp\u00e9cifiques d\u00e9di\u00e9s aux diff\u00e9rents sp\u00e9cialistes cyber.<\/p>\n<p>    <strong>Airbus<\/strong>\n            <\/p><\/blockquote>\n<p>\u00ab\u2009Simuler des sc\u00e9narios d\u2019attaque-d\u00e9fense\u2009\u00bb<\/p>\n<p class=\" wall-content\">Toujours selon Airbus, \u00ab\u2009le cyberentra\u00eenement du personnel et des organisations vise \u00e0 <strong>accro\u00eetre le vivier d\u2019experts en cybers\u00e9curit\u00e9<\/strong> et \u00e0 renforcer les techniques de cyberd\u00e9fense des forces arm\u00e9es, leur efficacit\u00e9 et leur maturit\u00e9 op\u00e9rationnelle\u2009\u00bb.<\/p>\n<p>Vid\u00e9os : en ce moment sur Actu<\/p>\n<p class=\" wall-content\">Plus pr\u00e9cis\u00e9ment, ces plateformes permettront de <strong>\u00ab\u2009simuler des sc\u00e9narios d\u2019attaque-d\u00e9fense<\/strong> dans le cadre d\u2019op\u00e9rations militaires du champ de bataille num\u00e9rique\u2009\u00bb, ainsi que dans le cadre d\u2019exercices \u00e0 grande \u00e9chelle, au plan national, interarm\u00e9es ou encore multinational, tels qu\u2019Orion ou DefNet.<\/p>\n<p>Attaques malveillantes, vols de donn\u00e9es et d\u00e9sinformation<\/p>\n<p class=\" wall-content\">Concr\u00e8tement, Airbus pr\u00e9cise que \u00ab\u2009les formations et les entra\u00eenements couvriront l\u2019ensemble du spectre des <strong>menaces cyber<\/strong>\u2009: attaques malveillantes par malware, d\u00e9ni de service, vol de donn\u00e9es, manipulation d\u2019informations ou encore lutte informatique d\u2019influence telle que la d\u00e9sinformation sur les r\u00e9seaux sociaux\u2009\u00bb.<\/p>\n<blockquote class=\"ac-article-quote wall-content\">\n<p>Afin de faire \u00e9voluer sa plateforme et prendre en compte l\u2019\u00e9mergence de nouvelles menaces et technologies, Airbus pourra collaborer avec des start-ups et des PME dans des domaines tels que l\u2019intelligence artificielle.<\/p>\n<p>    <strong>Airbus<\/strong>\n            <\/p><\/blockquote>\n<p>    <img   decoding=\"async\" loading=\"lazy\" src=\"https:\/\/www.europesays.com\/fr\/wp-content\/uploads\/2025\/07\/airbus-cybersecurite-960x640.jpg\" alt=\"Airbus est un acteur de haut vol dans le monde de la cybers\u00e9curit\u00e9\" width=\"960\" height=\"640\"\/><br \/>\n    Airbus est un acteur de haut vol dans le monde de la cybers\u00e9curit\u00e9 (\u00a9Airbus)Un acteur de haut vol dans la cybers\u00e9curit\u00e9<\/p>\n<p class=\" wall-content\">Airbus a sacr\u00e9ment <strong>\u00e9toff\u00e9 son savoir-faire<\/strong> ces derni\u00e8res ann\u00e9es en mati\u00e8re de <strong>cybers\u00e9curit\u00e9<\/strong>. Dans le domaine de l\u2019entra\u00eenement et de la formation, le groupe d\u00e9ploie depuis pr\u00e8s de 10\u00a0ans ses <strong>plateformes CyberRange<\/strong> au sein de diff\u00e9rents minist\u00e8res et entreprises dans des secteurs d\u2019activit\u00e9 sensibles pour r\u00e9aliser des formations, exercices et challenges, ainsi que pour des \u00e9v\u00e8nements tels que \u201cPasse ton Hack D\u2019abord\u201d, organis\u00e9 pour 7\u2009000\u00a0\u00e9l\u00e8ves et \u00e9tudiants par le COMCYBER et le minist\u00e8re de l\u2019\u00c9ducation nationale, de l\u2019Enseignement sup\u00e9rieur et de la Recherche. La plateforme CyberRange d\u2019Airbus est aussi d\u00e9ploy\u00e9e dans plus de 25 \u00e9coles partenaires pour outiller les cursus de formation \u00e0 la cybers\u00e9curit\u00e9 et contribuer \u00e0 d\u00e9velopper le vivier d\u2019experts.<\/p>\n<p class=\" wall-content\">Plus largement, l\u2019entreprise fournit les SOC (Security Operation Center) d\u00e9ploy\u00e9s en m\u00e9tropole par le minist\u00e8re des Arm\u00e9es et des SOC Tactiques pour les op\u00e9rations ext\u00e9rieures (OPEX) afin de superviser la s\u00e9curit\u00e9 de ses syst\u00e8mes d\u2019information et de communication.<\/p>\n<p class=\" wall-content\">Suivez toute l\u2019actualit\u00e9 de vos villes et m\u00e9dias favoris en vous inscrivant \u00e0 <a href=\"https:\/\/moncompte.actu.fr\" title=\"D\u00e9couvez Mon Actu\" rel=\"nofollow noopener\" data-trk=\"{&quot;cta&quot;:{&quot;action&quot;:&quot;https:\\\/\\\/moncompte.actu.fr&quot;,&quot;category&quot;:&quot;mon compte&quot;,&quot;from&quot;:&quot;article footer&quot;,&quot;name&quot;:&quot;Mon actu&quot;,&quot;type&quot;:&quot;cta&quot;}}\" target=\"_blank\">Mon Actu<\/a>.<\/p>\n","protected":false},"excerpt":{"rendered":"Par Guillaume Laurens Publi\u00e9 le 21 juil. 2025 \u00e0 19h25 La Direction g\u00e9n\u00e9rale de l\u2019armement (DGA) et Airbus&hellip;\n","protected":false},"author":2,"featured_media":263916,"comment_status":"","ping_status":"","sticky":false,"template":"","format":"standard","meta":{"footnotes":""},"categories":[2816],"tags":[1111,11,36,2481,33,1777,674,1011,27,12,2680,25,2312],"class_list":{"0":"post-263915","1":"post","2":"type-post","3":"status-publish","4":"format-standard","5":"has-post-thumbnail","7":"category-toulouse","8":"tag-actu","9":"tag-actualites","10":"tag-airbus","11":"tag-cyberattaque","12":"tag-economie","13":"tag-eu","14":"tag-europe","15":"tag-fr","16":"tag-france","17":"tag-news","18":"tag-occitanie","19":"tag-republique-francaise","20":"tag-toulouse"},"share_on_mastodon":{"url":"https:\/\/pubeurope.com\/@fr\/114892532837780659","error":""},"_links":{"self":[{"href":"https:\/\/www.europesays.com\/fr\/wp-json\/wp\/v2\/posts\/263915","targetHints":{"allow":["GET"]}}],"collection":[{"href":"https:\/\/www.europesays.com\/fr\/wp-json\/wp\/v2\/posts"}],"about":[{"href":"https:\/\/www.europesays.com\/fr\/wp-json\/wp\/v2\/types\/post"}],"author":[{"embeddable":true,"href":"https:\/\/www.europesays.com\/fr\/wp-json\/wp\/v2\/users\/2"}],"replies":[{"embeddable":true,"href":"https:\/\/www.europesays.com\/fr\/wp-json\/wp\/v2\/comments?post=263915"}],"version-history":[{"count":0,"href":"https:\/\/www.europesays.com\/fr\/wp-json\/wp\/v2\/posts\/263915\/revisions"}],"wp:featuredmedia":[{"embeddable":true,"href":"https:\/\/www.europesays.com\/fr\/wp-json\/wp\/v2\/media\/263916"}],"wp:attachment":[{"href":"https:\/\/www.europesays.com\/fr\/wp-json\/wp\/v2\/media?parent=263915"}],"wp:term":[{"taxonomy":"category","embeddable":true,"href":"https:\/\/www.europesays.com\/fr\/wp-json\/wp\/v2\/categories?post=263915"},{"taxonomy":"post_tag","embeddable":true,"href":"https:\/\/www.europesays.com\/fr\/wp-json\/wp\/v2\/tags?post=263915"}],"curies":[{"name":"wp","href":"https:\/\/api.w.org\/{rel}","templated":true}]}}