{"id":263919,"date":"2025-07-21T18:02:21","date_gmt":"2025-07-21T18:02:21","guid":{"rendered":"https:\/\/www.europesays.com\/fr\/263919\/"},"modified":"2025-07-21T18:02:21","modified_gmt":"2025-07-21T18:02:21","slug":"ce-groupe-de-40-musiciens-sera-en-concert-gratuit-a-villeneuve-dascq-ce-mardi","status":"publish","type":"post","link":"https:\/\/www.europesays.com\/fr\/263919\/","title":{"rendered":"Ce groupe de 40 musiciens sera en concert gratuit \u00e0 Villeneuve-d&rsquo;Ascq ce mardi"},"content":{"rendered":"<p>            Par<br \/>\n        <strong><br \/>\n            <a href=\"https:\/\/actu.fr\/auteur\/nicolas-demollien\" title=\"Consulter tous les articles de Nicolas Demollien\" rel=\"nofollow noopener\" target=\"_blank\">Nicolas Demollien<\/a><br \/>\n        <\/strong><\/p>\n<p>        Publi\u00e9 le<\/p>\n<p>            21 juil. 2025 \u00e0 15h44        <\/p>\n<p>Une <b>soir\u00e9e festive et gratuite<\/b> ! Voici la promesse du <a href=\"https:\/\/actu.fr\/loisirs-culture\/concert\" rel=\"nofollow noopener\" target=\"_blank\">concert<\/a> annonc\u00e9 ce mardi 22 juillet 2025 au <b>parc arch\u00e9ologique Asnapio<\/b> \u00e0 <a href=\"https:\/\/actu.fr\/hauts-de-france\/villeneuve-d-ascq_59009\" rel=\"nofollow noopener\" target=\"_blank\">Villeneuve-d\u2019Ascq<\/a> (Nord). Le <b>groupe Fantasy Orchestra<\/b> sera en effet sur place avec ses <b>40 musiciens<\/b>.<\/p>\n<p>Le groupe Fantasy Orchestra en concert gratuit ce mardi \u00e0 Villeneuve-d\u2019Ascq<\/p>\n<p class=\" wall-content\">Le rendez-vous est donn\u00e9 sur place \u00e0 18h. Au menu de ce joli moment la sp\u00e9cialit\u00e9 de cette formation : un savant m\u00e9lange de reprises vitamin\u00e9es et de cr\u00e9ations originales.<\/p>\n<p class=\" wall-content\">Fantasy Orchestra<b> <\/b>est un\u00a0orchestre pop franco-britannique d\u2019une quarantaine de musiciens, multiculturel et inclusif. \u00ab\u00a0Il effectue une<b>\u00a0<\/b>tourn\u00e9e \u00e0 v\u00e9lo en Belgique cet \u00e9t\u00e9, mais son itin\u00e9raire fait une halte ici\u00a0\u00bb, se r\u00e9jouit-on du c\u00f4t\u00e9 de la Ville.<\/p>\n<p class=\" wall-content\">Tourn\u00e9e au chapeau et petite restauration sur place. Plus d\u2019infos sur le site <a href=\"https:\/\/www.villeneuvedascq.fr\/agenda\/194\/evenement\/36207583\/le-fantasy-orchestra-au-parc-asnapio\" rel=\"nofollow noopener\" target=\"_blank\">villeneuvedascq.fr<\/a><\/p>\n<p class=\" wall-content\">Suivez toute l\u2019actualit\u00e9 de vos villes et m\u00e9dias favoris en vous inscrivant \u00e0 <a href=\"https:\/\/moncompte.actu.fr\" title=\"D\u00e9couvez Mon Actu\" rel=\"nofollow noopener\" data-trk=\"{&quot;cta&quot;:{&quot;action&quot;:&quot;https:\\\/\\\/moncompte.actu.fr&quot;,&quot;category&quot;:&quot;mon compte&quot;,&quot;from&quot;:&quot;article footer&quot;,&quot;name&quot;:&quot;Mon actu&quot;,&quot;type&quot;:&quot;cta&quot;}}\" target=\"_blank\">Mon Actu<\/a>.<\/p>\n","protected":false},"excerpt":{"rendered":"Par Nicolas Demollien Publi\u00e9 le 21 juil. 2025 \u00e0 15h44 Une soir\u00e9e festive et gratuite ! Voici la&hellip;\n","protected":false},"author":2,"featured_media":263920,"comment_status":"","ping_status":"","sticky":false,"template":"","format":"standard","meta":{"footnotes":""},"categories":[2815],"tags":[1111,11,1697,1777,674,1011,27,811,1307,1652,12,25],"class_list":{"0":"post-263919","1":"post","2":"type-post","3":"status-publish","4":"format-standard","5":"has-post-thumbnail","7":"category-lille","8":"tag-actu","9":"tag-actualites","10":"tag-concert","11":"tag-eu","12":"tag-europe","13":"tag-fr","14":"tag-france","15":"tag-hauts-de-france","16":"tag-lille","17":"tag-loisirs-culture","18":"tag-news","19":"tag-republique-francaise"},"share_on_mastodon":{"url":"https:\/\/pubeurope.com\/@fr\/114892540751714202","error":""},"_links":{"self":[{"href":"https:\/\/www.europesays.com\/fr\/wp-json\/wp\/v2\/posts\/263919","targetHints":{"allow":["GET"]}}],"collection":[{"href":"https:\/\/www.europesays.com\/fr\/wp-json\/wp\/v2\/posts"}],"about":[{"href":"https:\/\/www.europesays.com\/fr\/wp-json\/wp\/v2\/types\/post"}],"author":[{"embeddable":true,"href":"https:\/\/www.europesays.com\/fr\/wp-json\/wp\/v2\/users\/2"}],"replies":[{"embeddable":true,"href":"https:\/\/www.europesays.com\/fr\/wp-json\/wp\/v2\/comments?post=263919"}],"version-history":[{"count":0,"href":"https:\/\/www.europesays.com\/fr\/wp-json\/wp\/v2\/posts\/263919\/revisions"}],"wp:featuredmedia":[{"embeddable":true,"href":"https:\/\/www.europesays.com\/fr\/wp-json\/wp\/v2\/media\/263920"}],"wp:attachment":[{"href":"https:\/\/www.europesays.com\/fr\/wp-json\/wp\/v2\/media?parent=263919"}],"wp:term":[{"taxonomy":"category","embeddable":true,"href":"https:\/\/www.europesays.com\/fr\/wp-json\/wp\/v2\/categories?post=263919"},{"taxonomy":"post_tag","embeddable":true,"href":"https:\/\/www.europesays.com\/fr\/wp-json\/wp\/v2\/tags?post=263919"}],"curies":[{"name":"wp","href":"https:\/\/api.w.org\/{rel}","templated":true}]}}