{"id":263923,"date":"2025-07-21T18:04:10","date_gmt":"2025-07-21T18:04:10","guid":{"rendered":"https:\/\/www.europesays.com\/fr\/263923\/"},"modified":"2025-07-21T18:04:10","modified_gmt":"2025-07-21T18:04:10","slug":"le-tribunal-administratif-de-marseille-annule-la-protection-fonctionnelle-de-francois-bernardini-et-marc-einaudi","status":"publish","type":"post","link":"https:\/\/www.europesays.com\/fr\/263923\/","title":{"rendered":"Le tribunal administratif de Marseille annule la protection fonctionnelle de Fran\u00e7ois Bernardini et Marc Einaudi"},"content":{"rendered":"<p>Par un jugement rendu le 18 juillet 2025, le tribunal administratif de Marseille a annul\u00e9 la d\u00e9lib\u00e9ration du 6 octobre 2022 par laquelle le conseil municipal d\u2019Istres avait accord\u00e9 la protection fonctionnelle \u00e0 son maire, Fran\u00e7ois Bernardini, ainsi qu\u2019\u00e0 son adjoint Marc Einaudi. Saisi par la pr\u00e9fecture des Bouches-du-Rh\u00f4ne, ainsi que par l\u2019\u00e9lu d\u2019opposition et ancien maire (2002-2006), le tribunal estime que cette protection, permettant \u00e0 un \u00e9lu de voir ses frais de justice pris en charge par la collectivit\u00e9, a \u00e9t\u00e9 octroy\u00e9e en m\u00e9connaissance du cadre l\u00e9gal.<\/p>\n<p>Dans son ordonnance, la juridiction pr\u00e9cise que \u00ab\u00a0le seul courrier du <a href=\"https:\/\/www.laprovence.com\/actu\/en-direct\/5800159\/breve-bernardini-pnf.html\" target=\"_blank\" rel=\"noopener\">parquet national financier <\/a>mentionnant l\u2019existence d\u2019investigations pr\u00e9liminaires ne constitue pas une mise en cause suffisante au sens de l\u2019article L. 2123-34 du CGCT.\u00a0\u00bb Elle ajoute que \u00ab\u00a0l\u2019octroi de la protection fonctionnelle suppose, \u00e0 tout le moins, qu\u2019une plainte avec constitution de partie civile ou une mise en examen ait \u00e9t\u00e9 notifi\u00e9e \u00e0 l\u2019int\u00e9ress\u00e9.\u00a0\u00bb Ce n\u2019\u00e9tait pas le cas \u00e0 la date de la d\u00e9lib\u00e9ration.<\/p>\n<p>En outre, le tribunal souligne que les faits en cause, relatifs \u00e0 des soup\u00e7ons de favoritisme et de d\u00e9tournement de fonds publics, sont \u00ab\u00a0de nature \u00e0 relever d\u2019une faute personnelle d\u00e9tachable de l\u2019exercice des fonctions\u00a0\u00bb, ce qui exclut une prise en charge par la collectivit\u00e9. Il conclut que le <a href=\"https:\/\/www.laprovence.com\/article\/region\/3121008304902314\/au-conseil-municipal-d-istres-la-vente-de-lancien-hotel-de-ville-vole-la-vedette-au-budget\" target=\"_blank\" rel=\"noopener\">conseil municipal<\/a> a commis une erreur de droit en accordant la protection fonctionnelle dans ces conditions.<\/p>\n","protected":false},"excerpt":{"rendered":"Par un jugement rendu le 18 juillet 2025, le tribunal administratif de Marseille a annul\u00e9 la d\u00e9lib\u00e9ration du&hellip;\n","protected":false},"author":2,"featured_media":263924,"comment_status":"","ping_status":"","sticky":false,"template":"","format":"standard","meta":{"footnotes":""},"categories":[2814],"tags":[17,1111,11,34492,17884,1777,674,40329,1011,27,11846,884,12,4846,882,16,25,3693],"class_list":{"0":"post-263923","1":"post","2":"type-post","3":"status-publish","4":"format-standard","5":"has-post-thumbnail","7":"category-marseille","8":"tag-17","9":"tag-actu","10":"tag-actualites","11":"tag-administratif","12":"tag-annule","13":"tag-eu","14":"tag-europe","15":"tag-fonctionnelle","16":"tag-fr","17":"tag-france","18":"tag-francois","19":"tag-marseille","20":"tag-news","21":"tag-protection","22":"tag-provence-alpes-cote-dazur","23":"tag-region","24":"tag-republique-francaise","25":"tag-tribunal"},"share_on_mastodon":{"url":"https:\/\/pubeurope.com\/@fr\/114892548564809174","error":""},"_links":{"self":[{"href":"https:\/\/www.europesays.com\/fr\/wp-json\/wp\/v2\/posts\/263923","targetHints":{"allow":["GET"]}}],"collection":[{"href":"https:\/\/www.europesays.com\/fr\/wp-json\/wp\/v2\/posts"}],"about":[{"href":"https:\/\/www.europesays.com\/fr\/wp-json\/wp\/v2\/types\/post"}],"author":[{"embeddable":true,"href":"https:\/\/www.europesays.com\/fr\/wp-json\/wp\/v2\/users\/2"}],"replies":[{"embeddable":true,"href":"https:\/\/www.europesays.com\/fr\/wp-json\/wp\/v2\/comments?post=263923"}],"version-history":[{"count":0,"href":"https:\/\/www.europesays.com\/fr\/wp-json\/wp\/v2\/posts\/263923\/revisions"}],"wp:featuredmedia":[{"embeddable":true,"href":"https:\/\/www.europesays.com\/fr\/wp-json\/wp\/v2\/media\/263924"}],"wp:attachment":[{"href":"https:\/\/www.europesays.com\/fr\/wp-json\/wp\/v2\/media?parent=263923"}],"wp:term":[{"taxonomy":"category","embeddable":true,"href":"https:\/\/www.europesays.com\/fr\/wp-json\/wp\/v2\/categories?post=263923"},{"taxonomy":"post_tag","embeddable":true,"href":"https:\/\/www.europesays.com\/fr\/wp-json\/wp\/v2\/tags?post=263923"}],"curies":[{"name":"wp","href":"https:\/\/api.w.org\/{rel}","templated":true}]}}