{"id":263927,"date":"2025-07-21T18:06:27","date_gmt":"2025-07-21T18:06:27","guid":{"rendered":"https:\/\/www.europesays.com\/fr\/263927\/"},"modified":"2025-07-21T18:06:27","modified_gmt":"2025-07-21T18:06:27","slug":"les-ehpad-sur-scene-a-la-biennale-de-la-danse","status":"publish","type":"post","link":"https:\/\/www.europesays.com\/fr\/263927\/","title":{"rendered":"les Ehpad sur sc\u00e8ne \u00e0 la Biennale de la danse"},"content":{"rendered":"<p>\u00ab\u00a0Vous aimez danser\u00a0?\u00a0\u00bb Les yeux noisette de Claudine s\u2019illuminent, un sourire se dessine, et les ann\u00e9es d\u00e9filent dans son regard. \u00ab\u00a0Ah, j\u2019adorais danser la valse\u00a0\u00bb se rem\u00e9more-t-elle, \u00ab\u00a0avec mon mari, on formait un couple incroyable. C\u2019\u00e9tait mon cavalier \u00e9m\u00e9rite.\u00a0\u00bb<\/p>\n<p>Madame Bourgogne &#8211; ou Claudine pour les intimes &#8211; est la derni\u00e8re des dix danseuses amatrices \u00e0 s\u2019installer dans la salle d\u2019animation de l\u2019Ehpad Colline&#8230;<\/p>\n","protected":false},"excerpt":{"rendered":"\u00ab\u00a0Vous aimez danser\u00a0?\u00a0\u00bb Les yeux noisette de Claudine s\u2019illuminent, un sourire se dessine, et les ann\u00e9es d\u00e9filent dans&hellip;\n","protected":false},"author":2,"featured_media":263928,"comment_status":"","ping_status":"","sticky":false,"template":"","format":"standard","meta":{"footnotes":""},"categories":[1889],"tags":[1111,11,2430,1687,2757,1777,674,1011,27,2428,2756,12,25,2429,3140],"class_list":{"0":"post-263927","1":"post","2":"type-post","3":"status-publish","4":"format-standard","5":"has-post-thumbnail","7":"category-lyon","8":"tag-actu","9":"tag-actualites","10":"tag-auvergne-rhone-alpes","11":"tag-culture-loisirs","12":"tag-edition-lyon-villeurbanne","13":"tag-eu","14":"tag-europe","15":"tag-fr","16":"tag-france","17":"tag-lyon","18":"tag-lyon-bassin","19":"tag-news","20":"tag-republique-francaise","21":"tag-rhone","22":"tag-spectacle"},"share_on_mastodon":{"url":"https:\/\/pubeurope.com\/@fr\/114892556489442985","error":""},"_links":{"self":[{"href":"https:\/\/www.europesays.com\/fr\/wp-json\/wp\/v2\/posts\/263927","targetHints":{"allow":["GET"]}}],"collection":[{"href":"https:\/\/www.europesays.com\/fr\/wp-json\/wp\/v2\/posts"}],"about":[{"href":"https:\/\/www.europesays.com\/fr\/wp-json\/wp\/v2\/types\/post"}],"author":[{"embeddable":true,"href":"https:\/\/www.europesays.com\/fr\/wp-json\/wp\/v2\/users\/2"}],"replies":[{"embeddable":true,"href":"https:\/\/www.europesays.com\/fr\/wp-json\/wp\/v2\/comments?post=263927"}],"version-history":[{"count":0,"href":"https:\/\/www.europesays.com\/fr\/wp-json\/wp\/v2\/posts\/263927\/revisions"}],"wp:featuredmedia":[{"embeddable":true,"href":"https:\/\/www.europesays.com\/fr\/wp-json\/wp\/v2\/media\/263928"}],"wp:attachment":[{"href":"https:\/\/www.europesays.com\/fr\/wp-json\/wp\/v2\/media?parent=263927"}],"wp:term":[{"taxonomy":"category","embeddable":true,"href":"https:\/\/www.europesays.com\/fr\/wp-json\/wp\/v2\/categories?post=263927"},{"taxonomy":"post_tag","embeddable":true,"href":"https:\/\/www.europesays.com\/fr\/wp-json\/wp\/v2\/tags?post=263927"}],"curies":[{"name":"wp","href":"https:\/\/api.w.org\/{rel}","templated":true}]}}