{"id":263931,"date":"2025-07-21T18:09:13","date_gmt":"2025-07-21T18:09:13","guid":{"rendered":"https:\/\/www.europesays.com\/fr\/263931\/"},"modified":"2025-07-21T18:09:13","modified_gmt":"2025-07-21T18:09:13","slug":"meteo-des-orages-sabattent-sur-paris-et-lile-de-france-la-vigilance-jaune-declenchee","status":"publish","type":"post","link":"https:\/\/www.europesays.com\/fr\/263931\/","title":{"rendered":"M\u00e9t\u00e9o. Des orages s&rsquo;abattent sur Paris et l&rsquo;\u00cele-de-France, la vigilance jaune d\u00e9clench\u00e9e"},"content":{"rendered":"<p>            Par<br \/>\n        <strong><br \/>\n            <a href=\"https:\/\/actu.fr\/auteur\/redaction-paris\" title=\"Consulter tous les articles de R\u00e9daction Paris\" rel=\"nofollow noopener\" target=\"_blank\">R\u00e9daction Paris<\/a><br \/>\n        <\/strong><\/p>\n<p>        Publi\u00e9 le<\/p>\n<p>            21 juil. 2025 \u00e0 14h17        <\/p>\n<p>\u00c0 la pluie s\u2019ajoutent les orages. Ce lundi 21\u00a0juillet 2025, depuis le lever du jour, les averses intenses s\u2019encha\u00eenent. Et le temps n\u2019est pas pr\u00e8s de s\u2019arranger puisque <a href=\"https:\/\/actu.fr\/tag\/meteo-france\" rel=\"nofollow noopener\" target=\"_blank\">M\u00e9t\u00e9o France<\/a> a d\u00e9clench\u00e9, \u00e0 midi, la <strong>vigilance jaune orage<\/strong> pour Paris et l\u2019\u00cele-de-France.<\/p>\n<p>Retour possible des orages<\/p>\n<p class=\" wall-content\">Les premiers coups de tonnerre ont d\u00e9j\u00e0 retenti et cela devrait continuer jusqu\u2019en fin d\u2019apr\u00e8s-midi. L\u2019alerte sera lev\u00e9e \u00e0 18\u00a0heures. Toujours selon l\u2019institut de m\u00e9t\u00e9orologie, quelques <strong>\u00e9claircies<\/strong> peuvent \u00eatre esp\u00e9r\u00e9es \u00e0 partir de 19\u00a0heures.<\/p>\n<p class=\" wall-content\">Un temps pluvieux qui devrait se poursuivre le reste de la semaine. Les temp\u00e9ratures oscilleront entre <strong>23\u00b0C<\/strong> et <strong>17\u00b0C<\/strong> degr\u00e9s et les orages pourraient revenir mercredi 23\u00a0juillet 2025.<\/p>\n<p class=\" wall-content\">Suivez toute l\u2019actualit\u00e9 de vos villes et m\u00e9dias favoris en vous inscrivant \u00e0 <a href=\"https:\/\/moncompte.actu.fr\" title=\"D\u00e9couvez Mon Actu\" rel=\"nofollow noopener\" data-trk=\"{&quot;cta&quot;:{&quot;action&quot;:&quot;https:\\\/\\\/moncompte.actu.fr&quot;,&quot;category&quot;:&quot;mon compte&quot;,&quot;from&quot;:&quot;article footer&quot;,&quot;name&quot;:&quot;Mon actu&quot;,&quot;type&quot;:&quot;cta&quot;}}\" target=\"_blank\">Mon Actu<\/a>.<\/p>\n","protected":false},"excerpt":{"rendered":"Par R\u00e9daction Paris Publi\u00e9 le 21 juil. 2025 \u00e0 14h17 \u00c0 la pluie s\u2019ajoutent les orages. Ce lundi&hellip;\n","protected":false},"author":2,"featured_media":263932,"comment_status":"","ping_status":"","sticky":false,"template":"","format":"standard","meta":{"footnotes":""},"categories":[1592],"tags":[1111,11,1777,674,1011,27,662,2487,2357,12,4594,626,25],"class_list":{"0":"post-263931","1":"post","2":"type-post","3":"status-publish","4":"format-standard","5":"has-post-thumbnail","7":"category-ile-de-france","8":"tag-actu","9":"tag-actualites","10":"tag-eu","11":"tag-europe","12":"tag-fr","13":"tag-france","14":"tag-ile-de-france","15":"tag-meteo","16":"tag-meteo-france","17":"tag-news","18":"tag-orages","19":"tag-paris","20":"tag-republique-francaise"},"share_on_mastodon":{"url":"https:\/\/pubeurope.com\/@fr\/114892568333549467","error":""},"_links":{"self":[{"href":"https:\/\/www.europesays.com\/fr\/wp-json\/wp\/v2\/posts\/263931","targetHints":{"allow":["GET"]}}],"collection":[{"href":"https:\/\/www.europesays.com\/fr\/wp-json\/wp\/v2\/posts"}],"about":[{"href":"https:\/\/www.europesays.com\/fr\/wp-json\/wp\/v2\/types\/post"}],"author":[{"embeddable":true,"href":"https:\/\/www.europesays.com\/fr\/wp-json\/wp\/v2\/users\/2"}],"replies":[{"embeddable":true,"href":"https:\/\/www.europesays.com\/fr\/wp-json\/wp\/v2\/comments?post=263931"}],"version-history":[{"count":0,"href":"https:\/\/www.europesays.com\/fr\/wp-json\/wp\/v2\/posts\/263931\/revisions"}],"wp:featuredmedia":[{"embeddable":true,"href":"https:\/\/www.europesays.com\/fr\/wp-json\/wp\/v2\/media\/263932"}],"wp:attachment":[{"href":"https:\/\/www.europesays.com\/fr\/wp-json\/wp\/v2\/media?parent=263931"}],"wp:term":[{"taxonomy":"category","embeddable":true,"href":"https:\/\/www.europesays.com\/fr\/wp-json\/wp\/v2\/categories?post=263931"},{"taxonomy":"post_tag","embeddable":true,"href":"https:\/\/www.europesays.com\/fr\/wp-json\/wp\/v2\/tags?post=263931"}],"curies":[{"name":"wp","href":"https:\/\/api.w.org\/{rel}","templated":true}]}}