{"id":263940,"date":"2025-07-21T18:14:10","date_gmt":"2025-07-21T18:14:10","guid":{"rendered":"https:\/\/www.europesays.com\/fr\/263940\/"},"modified":"2025-07-21T18:14:10","modified_gmt":"2025-07-21T18:14:10","slug":"la-hongrie-et-la-serbie-sentendent-avec-la-russie-sur-la-construction-dun-oleoduc","status":"publish","type":"post","link":"https:\/\/www.europesays.com\/fr\/263940\/","title":{"rendered":"La Hongrie et la Serbie s&rsquo;entendent avec la Russie sur la construction d&rsquo;un ol\u00e9oduc"},"content":{"rendered":"<p>La Serbie, la Hongrie et la Russie ont convenu de la construction d&rsquo;un ol\u00e9oduc pour transporter le p\u00e9trole russe de Budapest \u00e0 Belgrade, alors que des sanctions contre Moscou pour son agression militaire contre l&rsquo;Ukraine sont adopt\u00e9es au niveau de l&rsquo;UE et que la question de la r\u00e9duction de la d\u00e9pendance \u00e9nerg\u00e9tique est abord\u00e9e.<\/p>\n<p>Mais pour P\u00e9ter Szijj\u00e1rt\u00f3, le ministre hongrois des Affaires \u00e9trang\u00e8res et du Commerce, les Russes sont bien des \u00ab\u00a0partenaires\u00a0\u00bb.<\/p>\n<p>\u00ab\u00a0Avec des partenaires serbes et russes, nous encourageons la construction d&rsquo;un nouvel ol\u00e9oduc entre la Hongrie et la Serbie. Alors que Bruxelles interdit l&rsquo;\u00e9nergie russe, coupe les liens et bloque les voies de transit, nous avons besoin de plus de sources [d&rsquo;\u00e9nergie], de plus de voies de transit. La Hongrie ne sera pas victime de ces d\u00e9cisions d\u00e9sastreuses\u00a0\u00bb, a ass\u00e9n\u00e9 le diplomate hongrois sur X.<\/p>\n<p>Dans une autre d\u00e9claration sur Facebook, Szijj\u00e1rt\u00f3 a accus\u00e9 Bruxelles de prendre des \u00ab\u00a0d\u00e9cisions erron\u00e9es\u00a0\u00bb et de \u00ab\u00a0rompre brutalement les liens \u00e9nerg\u00e9tiques\u00a0\u00bb.<\/p>\n<p>\u00ab\u00a0Une s\u00e9rie de d\u00e9cisions erron\u00e9es prises \u00e0 Bruxelles ont plac\u00e9 l&rsquo;Europe dans une position tr\u00e8s difficile sur le march\u00e9 international de l&rsquo;\u00e9nergie. Aujourd&rsquo;hui, les prix de l&rsquo;\u00e9nergie en Europe sont plusieurs fois plus \u00e9lev\u00e9s que dans le reste du monde. Ce n&rsquo;est pas surprenant, \u00e9tant donn\u00e9 la brutalit\u00e9 avec laquelle Bruxelles rompt les liens \u00e9nerg\u00e9tiques, interdit les livraisons d&rsquo;\u00e9nergie russe et bloque les voies d&rsquo;approvisionnement. Pour sortir de cette situation, il faut importer plus d&rsquo;\u00e9nergie et construire plus de voies de transit. Aujourd&rsquo;hui, nous discutons avec nos coll\u00e8gues serbes et russes de la construction d&rsquo;un nouvel ol\u00e9oduc reliant la Hongrie \u00e0 la Serbie\u00a0\u00bb, peut-on lire dans sa publication.<\/p>\n<p>\u00ab\u00a0Bruxelles veut que les co\u00fbts des familles hongroises soient multipli\u00e9s par deux ou quatre apr\u00e8s s&rsquo;\u00eatre d\u00e9tourn\u00e9e du p\u00e9trole et du gaz naturel russes. Nous ne le permettrons pas, nous ne devons pas fermer les voies de transport\u00a0\u00bb, a d\u00e9clar\u00e9 Szijj\u00e1rt\u00f3, cit\u00e9 par les m\u00e9dias hongrois.<\/p>\n<p>Le porte-parole du gouvernement hongrois, Zolt\u00e1n Kov\u00e1cs, a d\u00e9clar\u00e9 que l&rsquo;ol\u00e9oduc pourrait \u00eatre op\u00e9rationnel d&rsquo;ici 2027 et que sa capacit\u00e9 serait de 5 millions de tonnes par an. Selon le plan, la Hongrie construira 180 kilom\u00e8tres de l&rsquo;ol\u00e9oduc.<\/p>\n<p>La Russie \u00e9tait repr\u00e9sent\u00e9e par le vice-ministre de l&rsquo;\u00e9nergie, Pavel Sorokin.<\/p>\n<p>La ministre serbe de l&rsquo;\u00e9nergie, Dubravka \u0110edovi\u0107 Handanovi\u0107, a parl\u00e9 de \u00ab\u00a0diversification\u00a0\u00bb, d'\u00a0\u00bbind\u00e9pendance\u00a0\u00bb et de discussion sur \u00ab\u00a0l&rsquo;un des projets \u00e9nerg\u00e9tiques strat\u00e9giques les plus importants pour la Serbie\u00a0\u00bb. Selon elle, \u00ab\u00a0une route alternative pour l&rsquo;approvisionnement en p\u00e9trole brut\u00a0\u00bb signifie \u00ab\u00a0une plus grande s\u00e9curit\u00e9 \u00e9nerg\u00e9tique, moins de d\u00e9pendance et une position plus forte de la Serbie dans la r\u00e9gion et en Europe\u00a0\u00bb.<\/p>\n<p>La ministre a indiqu\u00e9 que la conception et la documentation technique en Serbie en \u00e9taient au stade final et que les travaux devraient commencer au d\u00e9but de l&rsquo;ann\u00e9e prochaine.<\/p>\n<p>L&rsquo;ol\u00e9oduc devrait relier la ville hongroise d&rsquo;Algy\u0151 et la ville serbe de Novi Sad.<\/p>\n","protected":false},"excerpt":{"rendered":"La Serbie, la Hongrie et la Russie ont convenu de la construction d&rsquo;un ol\u00e9oduc pour transporter le p\u00e9trole&hellip;\n","protected":false},"author":2,"featured_media":263941,"comment_status":"","ping_status":"","sticky":false,"template":"","format":"standard","meta":{"footnotes":""},"categories":[1591],"tags":[11,1887,804,34356,2489,12,1885,1886,132,3329,40330],"class_list":{"0":"post-263940","1":"post","2":"type-post","3":"status-publish","4":"format-standard","5":"has-post-thumbnail","7":"category-russie","8":"tag-actualites","9":"tag-federation-de-russie","10":"tag-hongrie","11":"tag-la-construction","12":"tag-la-russie","13":"tag-news","14":"tag-russia","15":"tag-russian-federation","16":"tag-russie","17":"tag-serbie","18":"tag-szijjarto"},"share_on_mastodon":{"url":"https:\/\/pubeurope.com\/@fr\/114892587941581325","error":""},"_links":{"self":[{"href":"https:\/\/www.europesays.com\/fr\/wp-json\/wp\/v2\/posts\/263940","targetHints":{"allow":["GET"]}}],"collection":[{"href":"https:\/\/www.europesays.com\/fr\/wp-json\/wp\/v2\/posts"}],"about":[{"href":"https:\/\/www.europesays.com\/fr\/wp-json\/wp\/v2\/types\/post"}],"author":[{"embeddable":true,"href":"https:\/\/www.europesays.com\/fr\/wp-json\/wp\/v2\/users\/2"}],"replies":[{"embeddable":true,"href":"https:\/\/www.europesays.com\/fr\/wp-json\/wp\/v2\/comments?post=263940"}],"version-history":[{"count":0,"href":"https:\/\/www.europesays.com\/fr\/wp-json\/wp\/v2\/posts\/263940\/revisions"}],"wp:featuredmedia":[{"embeddable":true,"href":"https:\/\/www.europesays.com\/fr\/wp-json\/wp\/v2\/media\/263941"}],"wp:attachment":[{"href":"https:\/\/www.europesays.com\/fr\/wp-json\/wp\/v2\/media?parent=263940"}],"wp:term":[{"taxonomy":"category","embeddable":true,"href":"https:\/\/www.europesays.com\/fr\/wp-json\/wp\/v2\/categories?post=263940"},{"taxonomy":"post_tag","embeddable":true,"href":"https:\/\/www.europesays.com\/fr\/wp-json\/wp\/v2\/tags?post=263940"}],"curies":[{"name":"wp","href":"https:\/\/api.w.org\/{rel}","templated":true}]}}