{"id":263948,"date":"2025-07-21T18:18:12","date_gmt":"2025-07-21T18:18:12","guid":{"rendered":"https:\/\/www.europesays.com\/fr\/263948\/"},"modified":"2025-07-21T18:18:12","modified_gmt":"2025-07-21T18:18:12","slug":"deux-representants-des-talibans-en-allemagne-pour-aider-aux-expulsions-vers-lafghanistan","status":"publish","type":"post","link":"https:\/\/www.europesays.com\/fr\/263948\/","title":{"rendered":"Deux repr\u00e9sentants des talibans en Allemagne pour aider aux expulsions vers l&rsquo;Afghanistan"},"content":{"rendered":"<p>Les autorit\u00e9s talibanes ont envoy\u00e9 deux repr\u00e9sentants en Allemagne pour pr\u00e9parer de nouvelles expulsions vers l&rsquo;Afghanistan, a indiqu\u00e9 lundi le gouvernement allemand, trois jours apr\u00e8s le renvoi par Berlin de 81 condamn\u00e9s afghans dans leur pays.<\/p>\n<p>La vol rapatriant les explus\u00e9s a eu lieu vendredi. C&rsquo;\u00e9tait la seconde op\u00e9ration de ce type depuis l&rsquo;\u00e9t\u00e9 2024.<\/p>\n<p>L&rsquo;Allemagne ne reconna\u00eet pas les talibans en tant que gouvernement l\u00e9gitime de l&rsquo;Afghanistan mais entretient des \u00ab\u00a0contacts techniques\u00a0\u00bb avec eux pour les expulsions qui ont pu se d\u00e9rouler gr\u00e2ce \u00e0 l&rsquo;entremise du Qatar.<\/p>\n<p>Le porte-parole du gouvernement allemand, Stefan Kornelius, a indiqu\u00e9 qu'\u00a0\u00bbau cours d&rsquo;\u00e9changes\u00a0\u00bb avec les talibans, \u00ab\u00a0il a \u00e9t\u00e9 convenu que deux repr\u00e9sentants de l&rsquo;administration afghane seraient int\u00e9gr\u00e9s\u00a0\u00bb dans les missions diplomatiques de l&rsquo;Afghanistan en Allemagne.<\/p>\n<p>Une source du minist\u00e8re des Affaires \u00e9trang\u00e8res a ensuite confirm\u00e9 \u00e0 l&rsquo;AFP que les deux envoy\u00e9s \u00e9taient arriv\u00e9s en Allemagne au cours du week-end.<\/p>\n<p>\u00ab\u00a0Ils sont actuellement en train de suivre la proc\u00e9dure d&rsquo;enregistrement habituelle avant de commencer leur travail\u00a0\u00bb, selon cette source.<\/p>\n<p>Selon le quotidien allemand Frankfurter Allgemeine Zeitung (FAZ), ces deux repr\u00e9sentants vont travailler \u00e0 l&rsquo;ambassade de l&rsquo;Afghanistan \u00e0 Berlin et au consulat de Bonn (ouest).<\/p>\n<p>Les talibans avaient pos\u00e9 cette condition pour permettre le retour des 81 condamn\u00e9s vendredi en Afghanistan, croit savoir le journal.<\/p>\n<p>Il ajoute que les noms des deux repr\u00e9sentants ont d\u00e9j\u00e0 \u00e9t\u00e9 envoy\u00e9s \u00e0 Berlin et qu&rsquo;il s&rsquo;agit de deux personnes ayant d\u00e9j\u00e0 travaill\u00e9 aux services consulaires du pr\u00e9c\u00e9dent gouvernement afghan, reconnu internationalement.<\/p>\n<p>Ces deux repr\u00e9sentants ne sont pas consid\u00e9r\u00e9s comme extr\u00e9mistes, selon la FAZ.<\/p>\n<p>Apr\u00e8s le retour au pouvoir des talibans en 2021, l&rsquo;Allemagne avait cess\u00e9 les expulsions vers l&rsquo;Afghanistan et ferm\u00e9 son ambassade.<\/p>\n<p>Mais en ao\u00fbt 2024, le gouvernement du chancelier social-d\u00e9mocrate Olaf Scholz les avait reprises, affr\u00e9tant un avion avec 28 d\u00e9linquants afghans.<\/p>\n<p>Le conservateur Friedrich Merz, qui a pris la succession de M. Scholz en mai \u00e0 la t\u00eate de l&rsquo;Allemagne, a promis de continuer les expulsions, dans le cadre d&rsquo;un durcissement g\u00e9n\u00e9ral de la politique migratoire du pays.<\/p>\n<p>M. Kornelius a fait savoir, lors d&rsquo;un point presse r\u00e9gulier du gouvernement, que d&rsquo;autres vols de ce type \u00e9taient pr\u00e9vus.<\/p>\n<p>\u00ab\u00a0Le gouvernement s&rsquo;est engag\u00e9 \u00e0 expulser syst\u00e9matiquement les personnes reconnues coupables de crimes, et un seul vol ne suffira pas \u00e0 atteindre cet objectif\u00a0\u00bb, a-t-il d\u00e9clar\u00e9.<\/p>\n","protected":false},"excerpt":{"rendered":"Les autorit\u00e9s talibanes ont envoy\u00e9 deux repr\u00e9sentants en Allemagne pour pr\u00e9parer de nouvelles expulsions vers l&rsquo;Afghanistan, a indiqu\u00e9&hellip;\n","protected":false},"author":2,"featured_media":7101,"comment_status":"","ping_status":"","sticky":false,"template":"","format":"standard","meta":{"footnotes":""},"categories":[1587],"tags":[11,672,1804,1805,1803,1777,674,1801,12,1802],"class_list":{"0":"post-263948","1":"post","2":"type-post","3":"status-publish","4":"format-standard","5":"has-post-thumbnail","7":"category-allemagne","8":"tag-actualites","9":"tag-allemagne","10":"tag-bundesrepublik-deutschland","11":"tag-de","12":"tag-deutschland","13":"tag-eu","14":"tag-europe","15":"tag-germany","16":"tag-news","17":"tag-republique-federale-dallemagne"},"share_on_mastodon":{"url":"https:\/\/pubeurope.com\/@fr\/114892603876564067","error":""},"_links":{"self":[{"href":"https:\/\/www.europesays.com\/fr\/wp-json\/wp\/v2\/posts\/263948","targetHints":{"allow":["GET"]}}],"collection":[{"href":"https:\/\/www.europesays.com\/fr\/wp-json\/wp\/v2\/posts"}],"about":[{"href":"https:\/\/www.europesays.com\/fr\/wp-json\/wp\/v2\/types\/post"}],"author":[{"embeddable":true,"href":"https:\/\/www.europesays.com\/fr\/wp-json\/wp\/v2\/users\/2"}],"replies":[{"embeddable":true,"href":"https:\/\/www.europesays.com\/fr\/wp-json\/wp\/v2\/comments?post=263948"}],"version-history":[{"count":0,"href":"https:\/\/www.europesays.com\/fr\/wp-json\/wp\/v2\/posts\/263948\/revisions"}],"wp:featuredmedia":[{"embeddable":true,"href":"https:\/\/www.europesays.com\/fr\/wp-json\/wp\/v2\/media\/7101"}],"wp:attachment":[{"href":"https:\/\/www.europesays.com\/fr\/wp-json\/wp\/v2\/media?parent=263948"}],"wp:term":[{"taxonomy":"category","embeddable":true,"href":"https:\/\/www.europesays.com\/fr\/wp-json\/wp\/v2\/categories?post=263948"},{"taxonomy":"post_tag","embeddable":true,"href":"https:\/\/www.europesays.com\/fr\/wp-json\/wp\/v2\/tags?post=263948"}],"curies":[{"name":"wp","href":"https:\/\/api.w.org\/{rel}","templated":true}]}}