{"id":263959,"date":"2025-07-21T18:24:22","date_gmt":"2025-07-21T18:24:22","guid":{"rendered":"https:\/\/www.europesays.com\/fr\/263959\/"},"modified":"2025-07-21T18:24:22","modified_gmt":"2025-07-21T18:24:22","slug":"scheffler-prend-le-large-sur-mcilroy-english-revient-dans-le-top-10-pavon-saccroche-au-top-100","status":"publish","type":"post","link":"https:\/\/www.europesays.com\/fr\/263959\/","title":{"rendered":"Scheffler prend le large sur McIlroy, English revient dans le top 10, Pavon s&rsquo;accroche au top 100"},"content":{"rendered":"<p>\t\t\t\t\t\t<img width=\"770\" height=\"557\" src=\"https:\/\/www.europesays.com\/fr\/wp-content\/uploads\/2025\/07\/mattpavonportrush-770x557.jpg\" class=\"img-responsive wp-post-image\" alt=\"\" decoding=\"async\" fetchpriority=\"high\"  \/>\t\t\t\t\t<\/p>\n<p>\t\t\t\t\t\t Partager cet article <\/p>\n<p class=\"screen-reader-text juiz_sps_maybe_hidden_text\">Partager la publication \u00ab\u00a0Scheffler prend le large sur McIlroy, English revient dans le top 10, Pavon s\u2019accroche au top 100\u00a0\u00bb<\/p>\n<p><strong>Victorieux de The Open, son 2e Majeur de l\u2019ann\u00e9e, son 4e depuis avril 2022, Scottie Scheffler entame une 148e semaine cons\u00e9cutive en tant que n\u00b01 mondial, loin devant son dauphin Rory McIlroy. La moyenne de points d\u2019\u00e9cart entre les deux hommes est hallucinante : 8,6959 ! Seul deuxi\u00e8me \u00e0 Portrush, Harris English revient dans le top 10, \u00e0 la 8e place, pour la premi\u00e8re fois depuis le 18 juillet 2021. N\u2019ayant pas r\u00e9ussi \u00e0 franchir le cut vendredi soir en Irlande du Nord, Matthieu Pavon (photo), qui vient de se s\u00e9parer de son coach, Mark Blackburn, recule de sept rangs mais demeure encore dans le top 100 : 98e !\u00a0<\/strong><\/p>\n<p>\t\t\t\t\t<a id=\"178050\" href=\"https:\/\/www.eurogolf.fr\" target=\"_blank\" rel=\"sponsorised nofollow noopener\"><img decoding=\"async\" src=\"data:image\/svg+xml,%3Csvg%20xmlns=\" http:=\"\" class=\"img-responsive\" alt=\"\" data-lazy-src=\"https:\/\/www.europesays.com\/fr\/wp-content\/uploads\/2025\/07\/eurogolf-e02-soldes-ete-1170x275-1.jpeg\"\/><\/a><\/p>\n<p><strong>L.V.<\/strong><\/p>\n<p>Certes, <strong>Scottie Scheffler<\/strong> est encore tr\u00e8s loin du record de <strong>Tiger Woods<\/strong>, 683 semaines (en cumul\u00e9) en t\u00eate du classement mondial du 15 juin 1997 au 18 mai 2014, mais le Texan affiche une belle cadence avec l\u2019entame d\u2019une 148e semaine cons\u00e9cutive leader de l\u2019OWGR (il a \u00e9t\u00e9 n\u00b01 pour la premi\u00e8re fois le 28 mars 2022). Et cela devrait se poursuivre encore longtemps cette ann\u00e9e, voire tr\u00e8s vraisemblablement l\u2019ann\u00e9e prochaine. En effet, <strong>Rory McIlroy<\/strong>, 7e de The Open (<a href=\"https:\/\/www.golfplanete.com\/actualites\/lhomme-de-fer-scheffler-triomphe-haut-la-main-a-portrush-le-local-hero-mcilroy-un-peu-court\/\" target=\"_blank\" rel=\"noopener nofollow\">\u00e0 sept coups de Scheffler<\/a>), accuse 8,6959 points de moyenne de retard sur l\u2019Am\u00e9ricain. <strong>Xander Schauffele<\/strong>, <a href=\"https:\/\/www.owgr.com\/current-world-ranking\" target=\"_blank\" rel=\"noopener nofollow\">3e de ce classement mondial r\u00e9actualis\u00e9 au 20 juillet<\/a>, est \u00e0 12,9636 pts de moyenne derri\u00e8re !\u00a0<\/p>\n<p>L\u2019autre fait marquant au sein du top 10 mondial, c\u2019est le retour \u00e0 ce niveau de <strong>Harris English<\/strong>. Seul deuxi\u00e8me du British avec quatre cartes sous le par s\u2019il vous plait, le natif de Sea Island (Georgie) \u00e2g\u00e9 de 35 ans pointe ainsi \u00e0 la 8e place. Soit un bond de 11 rangs par rapport \u00e0 la semaine pass\u00e9e. Revenu dans le top 50 le 26 janvier dernier, il am\u00e9liore sensiblement sa position. Il n\u2019avait jamais fait mieux qu\u2019une 10e place mondiale le 18 juillet 2021.\u00a0<\/p>\n<p>\t\t\t\t<img loading=\"lazy\" decoding=\"async\" src=\"data:image\/svg+xml,%3Csvg%20xmlns=\" http:=\"\" attributionsrc=\"\" border=\"0\" height=\"1\" width=\"1\" alt=\"Advertisement\" data-lazy-src=\"https:\/\/www.europesays.com\/fr\/wp-content\/uploads\/2025\/07\/B33047934.411969880;dc_trk_aid=603484932;dc_trk_cid=227659580;ord=[timestamp];dc_lat=;dc_rdid=;tag_f.gif\"\/><\/p>\n<p>\t\t\t\t\t<a id=\"158175\" href=\"https:\/\/ad.doubleclick.net\/ddm\/trackclk\/N1153799.3770024GOLFPLANATE\/B33047934.411969880;dc_trk_aid=603484932;dc_trk_cid=227659580;dc_lat=;dc_rdid=;tag_for_child_directed_treatment=;tfua=;gdpr=${GDPR};gdpr_consent=${GDPR_CONSENT_755};ltd=;dc_tdv=1\" target=\"_blank\" rel=\"sponsorised nofollow noopener\"><img decoding=\"async\" src=\"data:image\/svg+xml,%3Csvg%20xmlns=\" http:=\"\" class=\"img-responsive\" alt=\"\" data-lazy-src=\"https:\/\/www.europesays.com\/fr\/wp-content\/uploads\/2025\/07\/callaway-e01-elyte-driver-1170x275-1.jpg\"\/><\/a><\/p>\n<p><img loading=\"lazy\" decoding=\"async\" class=\"wp-image-180607 size-large aligncenter\" src=\"data:image\/svg+xml,%3Csvg%20xmlns=\" http:=\"\" alt=\"\" width=\"770\" height=\"463\" data-lazy- data-lazy- data-lazy-src=\"https:\/\/www.europesays.com\/fr\/wp-content\/uploads\/2025\/07\/captureclassmond1-770x463.jpg\"\/><\/p>\n<p><img loading=\"lazy\" decoding=\"async\" class=\"wp-image-180608 size-large aligncenter\" src=\"data:image\/svg+xml,%3Csvg%20xmlns=\" http:=\"\" alt=\"\" width=\"770\" height=\"458\" data-lazy- data-lazy- data-lazy-src=\"https:\/\/www.europesays.com\/fr\/wp-content\/uploads\/2025\/07\/captureclassmond2-770x458.jpg\"\/><\/p>\n<p>\t\t\t\t\t<a id=\"178017\" href=\"https:\/\/www.formigolf.fr\/voyage-pays~jardin-de-tecina-4etoiles-la-gomera~75~canaries\" target=\"_blank\" rel=\"sponsorised nofollow noopener\"><img decoding=\"async\" src=\"data:image\/svg+xml,%3Csvg%20xmlns=\" http:=\"\" class=\"img-responsive\" alt=\"\" data-lazy-src=\"https:\/\/www.europesays.com\/fr\/wp-content\/uploads\/2025\/07\/formigolf-e07-canaries-gomera-1170x275-1.gif\"\/><\/a><\/p>\n<p>C\u00f4t\u00e9 Fran\u00e7ais, encore 31e \u00e0 la fin de l\u2019ann\u00e9e 2024, <strong>Matthieu Pavon<\/strong> s\u2019accroche tant bien que mal au top 100, mais pour deux places seulement. Le Bordelais, qui n\u2019a pas pass\u00e9 le cut \u00e0 Portrush et qui a d\u00e9cid\u00e9 <a href=\"https:\/\/www.golfplanete.com\/actualites\/matthieu-pavon-se-separe-de-son-entraineur\/\" target=\"_blank\" rel=\"noopener nofollow\">de mettre un terme \u00e0 sa collaboration technique avec l\u2019Anglais Mark Blackburn<\/a>, est 98e (-7). Suivent <strong>Victor Perez<\/strong> (110e, -5) et <strong>Martin Couvra<\/strong> (131e, -4).<\/p>\n<p><a href=\"https:\/\/www.golfplanete.com\/actualites\/un-british-plein-de-promesses-pour-saddier-bien-plus-frustrant-pour-rozner-et-langasque\/\" target=\"_blank\" rel=\"noopener nofollow\">Meilleur tricolore de ce dernier Majeur de la saison (52e)<\/a>, <strong>Adrien Saddier<\/strong> avance de quatre places : 135e. <strong>Romain Langasque<\/strong> et <strong>Antoine Rozner<\/strong>, les deux autres Fran\u00e7ais pr\u00e9sents ce week-end en Ulster, grapillent eux aussi quelques rangs. 145e pour l\u2019Azur\u00e9en (+1), 146e pour le Parisien (+2).\u00a0<\/p>\n<p>\t\t\t\t\t<a id=\"178032\" href=\"https:\/\/www.golfy.fr\/landing\/golf-planete-decouvrez-les-golfs-collections-du-reseau-golfy?utm_source=golf_planete&amp;utm_medium=display&amp;utm_campaign=golfs_collection_2025\" target=\"_blank\" rel=\"sponsorised nofollow noopener\"><img decoding=\"async\" src=\"https:\/\/www.europesays.com\/fr\/wp-content\/uploads\/2025\/06\/golfy-e06-golfs-collection-france-ete-1170x275-1.jpg\" class=\"img-responsive\" alt=\"\"\/><\/a><\/p>\n<p><img loading=\"lazy\" decoding=\"async\" class=\"wp-image-180609 size-large aligncenter\" src=\"data:image\/svg+xml,%3Csvg%20xmlns=\" http:=\"\" alt=\"\" width=\"770\" height=\"501\" data-lazy- data-lazy- data-lazy-src=\"https:\/\/www.europesays.com\/fr\/wp-content\/uploads\/2025\/07\/captureclassmondfrench1-770x501.jpg\"\/><\/p>\n<p><img loading=\"lazy\" decoding=\"async\" class=\"wp-image-180610 size-large aligncenter\" src=\"data:image\/svg+xml,%3Csvg%20xmlns=\" http:=\"\" alt=\"\" width=\"770\" height=\"497\" data-lazy- data-lazy- data-lazy-src=\"https:\/\/www.europesays.com\/fr\/wp-content\/uploads\/2025\/07\/captureclassmondfrench2-770x497.jpg\"\/><\/p>\n<p>\t\t\t\t\t<a id=\"180462\" href=\"https:\/\/www.makilas-golftour.com\/sejour\/makilas-agadir-2023-2-2\/\" target=\"_blank\" rel=\"sponsorised nofollow noopener\"><img decoding=\"async\" src=\"data:image\/svg+xml,%3Csvg%20xmlns=\" http:=\"\" class=\"img-responsive\" alt=\"\" data-lazy-src=\"https:\/\/www.europesays.com\/fr\/wp-content\/uploads\/2025\/07\/challengeorganisation-e01-rencontres-agadir-1170x275-1.jpeg\"\/><\/a><\/p>\n<p>Photo : Stuart Kerr\/R&amp;A\/R&amp;A via Getty Images<\/p>\n","protected":false},"excerpt":{"rendered":"Partager cet article Partager la publication \u00ab\u00a0Scheffler prend le large sur McIlroy, English revient dans le top 10,&hellip;\n","protected":false},"author":2,"featured_media":263960,"comment_status":"","ping_status":"","sticky":false,"template":"","format":"standard","meta":{"footnotes":""},"categories":[1418],"tags":[1011,27,1472,60],"class_list":{"0":"post-263959","1":"post","2":"type-post","3":"status-publish","4":"format-standard","5":"has-post-thumbnail","7":"category-golf","8":"tag-fr","9":"tag-france","10":"tag-golf","11":"tag-sports"},"share_on_mastodon":{"url":"https:\/\/pubeurope.com\/@fr\/114892627205391814","error":""},"_links":{"self":[{"href":"https:\/\/www.europesays.com\/fr\/wp-json\/wp\/v2\/posts\/263959","targetHints":{"allow":["GET"]}}],"collection":[{"href":"https:\/\/www.europesays.com\/fr\/wp-json\/wp\/v2\/posts"}],"about":[{"href":"https:\/\/www.europesays.com\/fr\/wp-json\/wp\/v2\/types\/post"}],"author":[{"embeddable":true,"href":"https:\/\/www.europesays.com\/fr\/wp-json\/wp\/v2\/users\/2"}],"replies":[{"embeddable":true,"href":"https:\/\/www.europesays.com\/fr\/wp-json\/wp\/v2\/comments?post=263959"}],"version-history":[{"count":0,"href":"https:\/\/www.europesays.com\/fr\/wp-json\/wp\/v2\/posts\/263959\/revisions"}],"wp:featuredmedia":[{"embeddable":true,"href":"https:\/\/www.europesays.com\/fr\/wp-json\/wp\/v2\/media\/263960"}],"wp:attachment":[{"href":"https:\/\/www.europesays.com\/fr\/wp-json\/wp\/v2\/media?parent=263959"}],"wp:term":[{"taxonomy":"category","embeddable":true,"href":"https:\/\/www.europesays.com\/fr\/wp-json\/wp\/v2\/categories?post=263959"},{"taxonomy":"post_tag","embeddable":true,"href":"https:\/\/www.europesays.com\/fr\/wp-json\/wp\/v2\/tags?post=263959"}],"curies":[{"name":"wp","href":"https:\/\/api.w.org\/{rel}","templated":true}]}}