{"id":263961,"date":"2025-07-21T18:26:11","date_gmt":"2025-07-21T18:26:11","guid":{"rendered":"https:\/\/www.europesays.com\/fr\/263961\/"},"modified":"2025-07-21T18:26:11","modified_gmt":"2025-07-21T18:26:11","slug":"super-league-micky-mcilorum-et-mitchell-pearce-entraineurs-adjoints-des-dragons-la-saison-prochaine-rugby-a-xiii","status":"publish","type":"post","link":"https:\/\/www.europesays.com\/fr\/263961\/","title":{"rendered":"Super League &#8211; Micky McIlorum et Mitchell Pearce entra\u00eeneurs adjoints des Dragons la saison prochaine ? &#8211; Rugby \u00e0 XIII"},"content":{"rendered":"<p style=\"text-align: justify;\"><strong>Alors que <a href=\"https:\/\/treizemondial.fr\/joel-tomkins-devrait-poursuivre-dans-son-role-la-saison-prochaine\/\" target=\"_blank\" rel=\"noopener\">Joel Tomkins sera probablement l\u2019entra\u00eeneur principal la saison prochaine<\/a>, selon All Out Rugby League, il devrait pouvoir compter sur deux nouveaux adjoints en la personne de Micky McIlorum et de Mitchell Pearce.<\/strong><\/p>\n<p style=\"text-align: justify;\">L\u2019ancien talonneur des Dragons Catalans et actuel joueur de Hull KR, Micky McIlorum, a toujours d\u00e9clar\u00e9 son amour pour le sud de la France et qu\u2019il reviendrait y vivre une fois sa carri\u00e8re de joueur termin\u00e9e. C\u2019est donc tr\u00e8s probablement sous la casquette d\u2019entra\u00eeneur adjoint qu\u2019il le fera.<\/p>\n<p style=\"text-align: justify;\">Joueur cl\u00e9 du club durant sept saisons avec un engagement total, c\u2019est surtout son importance au sein de l\u2019effectif qui \u00e9tait unanimement mis en avant. Il se murmure m\u00eame en coulisses que son d\u00e9part a \u00e9t\u00e9 un \u00e9l\u00e9ment d\u00e9clencheur de ruptures au sein de l\u2019effectif, lui qui maitrisait parfaitement le fran\u00e7ais et permettait d\u2019assurer la liaison avec les anglophones arrivant au club.<\/p>\n<p class=\"Paragraph_paragraph-text__PVKlh \" style=\"text-align: justify;\" data-marker-percentage=\"90\">Il sera vraisemblablement rejoint par Mitchell Pearce, d\u00e9j\u00e0 pr\u00e9sent \u00e0 Perpignan depuis plusieurs semaines, il avait d\u00e9clar\u00e9 publiquement vouloir donner un coup de main \u00e0 son ancien club en difficult\u00e9. Avec une \u00e9norme exp\u00e9rience en NRL avec un titre de champion et 19 matchs sous les couleurs des Blues, il a pass\u00e9 deux saisons en sang et or avant de prendre sa retraite sportive en 2023 apr\u00e8s la finale de Super League perdue.<\/p>\n<p style=\"text-align: justify;\">Si le choix est confirm\u00e9, ce sera un signal fort de Bernard Guasch et son entourage que de confier les reines de l\u2019\u00e9quipe \u00e0 un trio d\u2019entra\u00eeneurs aussi jeune mais qui eux comprennent le club, la culture catalane et qui y sont particuli\u00e8rement attach\u00e9s.<\/p>\n<blockquote class=\"twitter-tweet\" data-width=\"500\" data-dnt=\"true\">\n<p lang=\"en\" dir=\"ltr\">\ud83d\udc09 Catalans Dragons have made a decision on their next head coach, and they&rsquo;ll have a high-profile coaching team to support them.<a href=\"https:\/\/t.co\/M1ZoNiDL3J\">https:\/\/t.co\/M1ZoNiDL3J<\/a><\/p>\n<p>\u2014 All Out Rugby League (@AORugbyLeague) <a href=\"https:\/\/twitter.com\/AORugbyLeague\/status\/1947233000300614125?ref_src=twsrc%5Etfw\" target=\"_blank\" rel=\"noopener\">July 21, 2025<\/a><\/p>\n<\/blockquote>\n<p>        <script async src=\"https:\/\/platform.twitter.com\/widgets.js\" charset=\"utf-8\"><\/script><\/p>\n","protected":false},"excerpt":{"rendered":"Alors que Joel Tomkins sera probablement l\u2019entra\u00eeneur principal la saison prochaine, selon All Out Rugby League, il devrait&hellip;\n","protected":false},"author":2,"featured_media":263962,"comment_status":"","ping_status":"","sticky":false,"template":"","format":"standard","meta":{"footnotes":""},"categories":[1416],"tags":[3248,1011,27,24010,40331,40332,479,2228,1468,2229,60],"class_list":{"0":"post-263961","1":"post","2":"type-post","3":"status-publish","4":"format-standard","5":"has-post-thumbnail","7":"category-rugby","8":"tag-dragons-catalans","9":"tag-fr","10":"tag-france","11":"tag-joel-tomkins","12":"tag-micky-mcilorum","13":"tag-mitchell-pearce","14":"tag-rugby","15":"tag-rugby-a-xiii","16":"tag-rugby-football","17":"tag-rugby-league","18":"tag-sports"},"share_on_mastodon":{"url":"https:\/\/pubeurope.com\/@fr\/114892635154694354","error":""},"_links":{"self":[{"href":"https:\/\/www.europesays.com\/fr\/wp-json\/wp\/v2\/posts\/263961","targetHints":{"allow":["GET"]}}],"collection":[{"href":"https:\/\/www.europesays.com\/fr\/wp-json\/wp\/v2\/posts"}],"about":[{"href":"https:\/\/www.europesays.com\/fr\/wp-json\/wp\/v2\/types\/post"}],"author":[{"embeddable":true,"href":"https:\/\/www.europesays.com\/fr\/wp-json\/wp\/v2\/users\/2"}],"replies":[{"embeddable":true,"href":"https:\/\/www.europesays.com\/fr\/wp-json\/wp\/v2\/comments?post=263961"}],"version-history":[{"count":0,"href":"https:\/\/www.europesays.com\/fr\/wp-json\/wp\/v2\/posts\/263961\/revisions"}],"wp:featuredmedia":[{"embeddable":true,"href":"https:\/\/www.europesays.com\/fr\/wp-json\/wp\/v2\/media\/263962"}],"wp:attachment":[{"href":"https:\/\/www.europesays.com\/fr\/wp-json\/wp\/v2\/media?parent=263961"}],"wp:term":[{"taxonomy":"category","embeddable":true,"href":"https:\/\/www.europesays.com\/fr\/wp-json\/wp\/v2\/categories?post=263961"},{"taxonomy":"post_tag","embeddable":true,"href":"https:\/\/www.europesays.com\/fr\/wp-json\/wp\/v2\/tags?post=263961"}],"curies":[{"name":"wp","href":"https:\/\/api.w.org\/{rel}","templated":true}]}}