{"id":263965,"date":"2025-07-21T18:29:16","date_gmt":"2025-07-21T18:29:16","guid":{"rendered":"https:\/\/www.europesays.com\/fr\/263965\/"},"modified":"2025-07-21T18:29:16","modified_gmt":"2025-07-21T18:29:16","slug":"luca-marini-renouvelle-pour-un-an-avec-honda","status":"publish","type":"post","link":"https:\/\/www.europesays.com\/fr\/263965\/","title":{"rendered":"Luca Marini renouvelle pour un an avec Honda"},"content":{"rendered":"<p><a href=\"https:\/\/fr.motorsport.com\/driver\/luca-marini\/201098\/\" target=\"_blank\" rel=\"noopener\">Luca Marini<\/a> va rester en poste une saison de plus. Le pilote italien, qui a rejoint la cat\u00e9gorie MotoGP en 2021, a d&rsquo;abord roul\u00e9 trois ans sur Ducati avant d&rsquo;int\u00e9grer l&rsquo;\u00e9quipe d&rsquo;usine Honda l&rsquo;an dernier en remplacement de <a href=\"https:\/\/fr.motorsport.com\/driver\/marc-marquez\/92646\/\" target=\"_blank\" rel=\"noopener\">Marc M\u00e1rquez<\/a>, parti avant la fin de son contrat. D&rsquo;apr\u00e8s nos informations, il va donc conserver cette place aux c\u00f4t\u00e9s de <a href=\"https:\/\/fr.motorsport.com\/driver\/joan-mir\/289392\/\" target=\"_blank\" rel=\"noopener\">Joan Mir<\/a>, d&rsquo;ores et d\u00e9j\u00e0 sous contrat jusque fin 2026.<\/p>\n<p>R\u00e9cemment bless\u00e9, Marini compte pour meilleur r\u00e9sultat avec Honda une sixi\u00e8me place obtenue pr\u00e9cis\u00e9ment \u00e0 l&rsquo;occasion de son retour \u00e0 la comp\u00e9tition, il y a deux semaines en Allemagne. L&rsquo;an dernier, il n&rsquo;\u00e9tait pas mont\u00e9 plus haut que la 12e place le dimanche et la dixi\u00e8me le samedi, terminant au 22e rang du championnat. Il est aujourd&rsquo;hui 15e du <a href=\"https:\/\/fr.motorsport.com\/motogp\/news\/championnat-marquez-matelas-bezzecchi-quatri%C3%A8me\/10743652\/\" target=\"_self\" rel=\"noopener\">classement g\u00e9n\u00e9ral<\/a> malgr\u00e9 ses trois Grands Prix d&rsquo;absence, deuxi\u00e8me meilleur repr\u00e9sentant de Honda devant son co\u00e9quipier.<\/p>\n<p>\u00c0 l&rsquo;arriv\u00e9e du GP de R\u00e9publique tch\u00e8que, dimanche \u00e0 Brno, il a \u00e9t\u00e9 demand\u00e9 \u00e0 Marini s&rsquo;il \u00e9tait press\u00e9 de boucler son contrat, avant de se rendre en Autriche dans trois semaines pour la reprise du championnat. \u00ab\u00a0Il n&rsquo;y a pas de pr\u00e9cipitation. Ce n&rsquo;est pas le but, car nous avons d\u00e9j\u00e0 r\u00e9gl\u00e9 nos affaires depuis longtemps\u00a0\u00bb, a-t-il alors r\u00e9pondu. D&rsquo;apr\u00e8s les informations de <strong>Motorsport.com<\/strong>, il \u00e9tait d\u00e9j\u00e0 certain \u00e0 ce moment-l\u00e0 de rester sur une Honda la saison prochaine.<\/p>\n<p>Cette prolongation est la suite logique \u00e0 l&rsquo;abandon des tentatives de <a href=\"https:\/\/fr.motorsport.com\/driver\/jorge-martin\/109391\/\" target=\"_blank\" rel=\"noopener\">Jorge Mart\u00edn<\/a> de sortir de son contrat avec Aprilia pour rejoindre Honda. Selon nos informations, l&rsquo;Espagnol reste la cible principale du HRC pour int\u00e9grer son \u00e9quipe officielle en 2027, ann\u00e9e o\u00f9 entrera en vigueur le nouveau r\u00e8glement technique et o\u00f9 la plupart des pilotes seront en recherche d&rsquo;un nouveau contrat.<\/p>\n<p>Prolonger Zarco et lui trouver un co\u00e9quipier<\/p>\n<p>Maintenant que son \u00e9quipe d&rsquo;usine est constitu\u00e9e pour 2026, Honda finalise la prolongation de <a href=\"https:\/\/fr.motorsport.com\/driver\/johann-zarco\/96107\/\" target=\"_blank\" rel=\"noopener\">Johann Zarco<\/a> en tant que leader du projet satellite chez LCR. Le Fran\u00e7ais s&rsquo;est r\u00e9cemment dit d\u00e9sireux de rester dans l&rsquo;\u00e9quipe de Lucio Cecchinello, mais <a href=\"https:\/\/fr.motorsport.com\/motogp\/news\/zarco-pilote-numero-un-honda-lcr\/10742878\/\" target=\"_self\" rel=\"noopener\">avec l&rsquo;espoir de devenir le pilote num\u00e9ro un de la marque<\/a> au vu des r\u00e9sultats qu&rsquo;il a obtenus durant la premi\u00e8re partie de cette saison.<\/p>\n<p>Toujours d&rsquo;apr\u00e8s nos informations, son co\u00e9quipier <a href=\"https:\/\/fr.motorsport.com\/driver\/somkiat-chantra\/823104\/\" target=\"_blank\" rel=\"noopener\">Somkiat Chantra<\/a> a toutes les chances de quitter LCR apr\u00e8s une premi\u00e8re moiti\u00e9 de championnat d\u00e9cevante, qui a mis en \u00e9vidence une tr\u00e8s nette diff\u00e9rence de vitesse entre le rookie et le reste du plateau.<\/p>\n<p>Son guidon \u00e9tant financ\u00e9 par le p\u00e9trolier Idemitsu, dans un montage pr\u00e9voyant la pr\u00e9sence d&rsquo;un pilote asiatique, <a href=\"https:\/\/fr.motorsport.com\/motogp\/news\/honda-lcr-somkiat-chantra-revoir-plans\/10742640\/\" target=\"_self\" rel=\"noopener\">il est probable que la strat\u00e9gie change<\/a> car le manque de pilotes comp\u00e9titifs venant du continent fragilise les efforts de Honda pour combler son retard sur la concurrence. Tous les regards se tournent \u00e0 pr\u00e9sent vers les meilleurs pilotes Moto2 ou ceux qui seraient \u00e9cart\u00e9s des autres teams MotoGP.<\/p>\n<p>Lire aussi :<\/p>\n<p>Dans cet article<\/p>\n<p>Soyez le premier inform\u00e9 et souscrivez aux alertes mails pour recevoir les infos en temps r\u00e9el<\/p>\n<p>    S&rsquo;abonner aux alertes de news<\/p>\n","protected":false},"excerpt":{"rendered":"Luca Marini va rester en poste une saison de plus. Le pilote italien, qui a rejoint la cat\u00e9gorie&hellip;\n","protected":false},"author":2,"featured_media":263966,"comment_status":"","ping_status":"","sticky":false,"template":"","format":"standard","meta":{"footnotes":""},"categories":[1413],"tags":[1011,27,3345,15966,1457,1456,1458,60],"class_list":{"0":"post-263965","1":"post","2":"type-post","3":"status-publish","4":"format-standard","5":"has-post-thumbnail","7":"category-moto","8":"tag-fr","9":"tag-france","10":"tag-honda-hrc","11":"tag-luca-marini","12":"tag-moto","13":"tag-motocycle","14":"tag-motogp","15":"tag-sports"},"share_on_mastodon":{"url":"https:\/\/pubeurope.com\/@fr\/114892647120754792","error":""},"_links":{"self":[{"href":"https:\/\/www.europesays.com\/fr\/wp-json\/wp\/v2\/posts\/263965","targetHints":{"allow":["GET"]}}],"collection":[{"href":"https:\/\/www.europesays.com\/fr\/wp-json\/wp\/v2\/posts"}],"about":[{"href":"https:\/\/www.europesays.com\/fr\/wp-json\/wp\/v2\/types\/post"}],"author":[{"embeddable":true,"href":"https:\/\/www.europesays.com\/fr\/wp-json\/wp\/v2\/users\/2"}],"replies":[{"embeddable":true,"href":"https:\/\/www.europesays.com\/fr\/wp-json\/wp\/v2\/comments?post=263965"}],"version-history":[{"count":0,"href":"https:\/\/www.europesays.com\/fr\/wp-json\/wp\/v2\/posts\/263965\/revisions"}],"wp:featuredmedia":[{"embeddable":true,"href":"https:\/\/www.europesays.com\/fr\/wp-json\/wp\/v2\/media\/263966"}],"wp:attachment":[{"href":"https:\/\/www.europesays.com\/fr\/wp-json\/wp\/v2\/media?parent=263965"}],"wp:term":[{"taxonomy":"category","embeddable":true,"href":"https:\/\/www.europesays.com\/fr\/wp-json\/wp\/v2\/categories?post=263965"},{"taxonomy":"post_tag","embeddable":true,"href":"https:\/\/www.europesays.com\/fr\/wp-json\/wp\/v2\/tags?post=263965"}],"curies":[{"name":"wp","href":"https:\/\/api.w.org\/{rel}","templated":true}]}}