{"id":263973,"date":"2025-07-21T18:33:10","date_gmt":"2025-07-21T18:33:10","guid":{"rendered":"https:\/\/www.europesays.com\/fr\/263973\/"},"modified":"2025-07-21T18:33:10","modified_gmt":"2025-07-21T18:33:10","slug":"je-ten-supplie-les-adieux-dechirants-entre-mayer-et-romy-dans-secret-story-enfin-devoiles","status":"publish","type":"post","link":"https:\/\/www.europesays.com\/fr\/263973\/","title":{"rendered":"\u00ab\u00a0Je t\u2019en supplie\u00a0\u00bb : les adieux d\u00e9chirants entre Mayer et Romy dans \u00ab\u00a0Secret Story\u00a0\u00bb enfin d\u00e9voil\u00e9s"},"content":{"rendered":"<p>      R\u00e9sum\u00e9<\/p>\n<p>Mayer quitte pr\u00e9matur\u00e9ment Secret Story, \u00e9voquant son hypersensibilit\u00e9 li\u00e9e \u00e0 son haut QI, provoquant des adieux \u00e9mouvants avec Romy dans la maison des secrets.<\/p>\n<p>        Sommaire<\/p>\n<p>La fin pr\u00e9matur\u00e9e d\u2019une belle histoire n\u00e9e dans la maison des secrets. En effet, Romy a perdu son \u00e9paule et son bin\u00f4me au cours du week-end dans <strong><a href=\"https:\/\/vsd.fr\/tag\/secret-story\/\" target=\"_blank\" rel=\"noopener\">Secret Story<\/a><\/strong>. Son acolyte Mayer <a href=\"https:\/\/www.public.fr\/secret-story-coup-de-theatre-mayer-abandonne-juste-avant-la-finale\" target=\"_blank\" rel=\"noopener\">a d\u00e9cid\u00e9 d\u2019abandonner le jeu<\/a> comme la production l\u2019a officiellement annonc\u00e9 samedi 19 juillet 2025.\u00a0<\/p>\n<p>Vers 17h50, la production a officialis\u00e9 l&rsquo;abandon de Mayer.\u00a0\u00ab\u00a0Mayer a d\u00e9cid\u00e9 de quitter l&rsquo;aventure Secret Story.\u00a0<strong>C&rsquo;est un choix qu&rsquo;il a m\u00fbrement r\u00e9fl\u00e9chi,<\/strong> et que nous respectons, ainsi que tous les habitants. Il a retrouv\u00e9 ses proches et tout va pour le mieux pour lui. Cette d\u00e9cision lui appartient et il s&rsquo;exprimera sur<strong>\u00a0les raisons de son d\u00e9part<\/strong>\u00a0\u00bb\u00a0a fait savoir\u00a0Secret Story\u00a0dans un communiqu\u00e9.<\/p>\n<p>Le principal int\u00e9ress\u00e9 a \u00e9galement <a href=\"https:\/\/www.public.fr\/mayer-explique-son-abandon-de-secret-story-son-secret-la-pousse-a-bout-je-narrivais-pas-a-dormir\" target=\"_blank\" rel=\"noopener\">pris la parole apr\u00e8s cette annonce<\/a>. Selon ses dires, son secret (faire partie des 1% de la population mondiale \u00e0 avoir un quotient intellectuel sup\u00e9rieur \u00e0 134) aurait entrain\u00e9 son d\u00e9part. Le fait d\u2019\u00eatre neuro-atypique l\u2019aurait fortement handicap\u00e9 au cours de son s\u00e9jour dans la maison des secrets.\u00a0<\/p>\n<p>Mayer s&rsquo;explique apr\u00e8s son d\u00e9part de \u00ab\u00a0Secret Story\u00a0\u00bb<\/p>\n<p>\u00ab\u00a0<strong>On r\u00e9fl\u00e9chit beaucoup plus<\/strong>, on est hypersensible. Et \u00e7a fait que le cerveau est toujours en marche, et \u00e7a s&rsquo;arr\u00eate jamais. Et dans un contexte comme la maison des secrets, c&rsquo;est encore plus pouss\u00e9. Les \u00e9motions sont d\u00e9cupl\u00e9es\u00a0\u00bb, a expliqu\u00e9 le candidat de <strong>Secret Story<\/strong> dans une interview publi\u00e9e par Endemol.\u00a0<\/p>\n<p>Avant de confier : \u00ab\u00a0Mon secret me rattrapait et le soir, je n&rsquo;arrivais pas \u00e0 dormir forc\u00e9ment tr\u00e8s bien\u00a0tout le temps et donc je cogitais \u00e9norm\u00e9ment. La solution pour moi, malheureusement, \u00e9tait de partir\u00a0\u00bb. Face \u00e0 la situation, l\u2019acolyte de Romy a donc pr\u00e9f\u00e9r\u00e9 quitter la maison des secrets plut\u00f4t que souffrir un jour de plus.<\/p>\n<p>Les adieux d\u00e9chirant avec Romy, diffus\u00e9s en avant-premi\u00e8re<\/p>\n<p>Une annonce qui n\u2019a pas manqu\u00e9 d\u2019attrister les fans de <strong>Secret Story<\/strong>. D\u2019autant plus que Mayer faisait partie des favoris de l\u2019aventure. Mais la personne la plus attrist\u00e9e par cette d\u00e9cision reste Romy. Celle-ci a nou\u00e9 une relation tr\u00e8s forte avec le jeune homme. Au point que certains fans \u00e9voquent des sentiments amoureux.<\/p>\n<p>De fait, en apprenant le d\u00e9part de son bin\u00f4me de l\u2019aventure, la jeune femme ayant fait le buzz sur la Toile il y a quelques ann\u00e9es, n\u2019a pas pu retenir ses larmes. Dans un extrait diffus\u00e9 sur les r\u00e9seaux sociaux de l\u2019\u00e9mission ce lundi 21 juillet 2025, <strong>nous pouvons l\u2019entendre supplier Mayer de revenir sur sa d\u00e9cision.<\/strong><\/p>\n<p>Malgr\u00e9 <strong>les larmes et les pri\u00e8res de Romy<\/strong>, Mayer, tr\u00e8s \u00e9mu et les yeux embu\u00e9s, n\u2019a pas fait machine arri\u00e8re et a bel et bien pris la direction du sas pour s\u2019en aller. Des images \u00e0 d\u00e9couvrir dans leur totalit\u00e9, dans la quotidienne de ce lundi sur TFX.\u00a0<\/p>\n<p>      Mentionn\u00e9s dans cet article<\/p>\n<p>\u00c0 lire aussi<\/p>\n","protected":false},"excerpt":{"rendered":"R\u00e9sum\u00e9 Mayer quitte pr\u00e9matur\u00e9ment Secret Story, \u00e9voquant son hypersensibilit\u00e9 li\u00e9e \u00e0 son haut QI, provoquant des adieux \u00e9mouvants&hellip;\n","protected":false},"author":2,"featured_media":263974,"comment_status":"","ping_status":"","sticky":false,"template":"","format":"standard","meta":{"footnotes":""},"categories":[1359],"tags":[58,59,1011,27,22247,973,29901],"class_list":{"0":"post-263973","1":"post","2":"type-post","3":"status-publish","4":"format-standard","5":"has-post-thumbnail","7":"category-people","8":"tag-divertissement","9":"tag-entertainment","10":"tag-fr","11":"tag-france","12":"tag-mayer","13":"tag-people","14":"tag-secret-story"},"share_on_mastodon":{"url":"https:\/\/pubeurope.com\/@fr\/114892662659092484","error":""},"_links":{"self":[{"href":"https:\/\/www.europesays.com\/fr\/wp-json\/wp\/v2\/posts\/263973","targetHints":{"allow":["GET"]}}],"collection":[{"href":"https:\/\/www.europesays.com\/fr\/wp-json\/wp\/v2\/posts"}],"about":[{"href":"https:\/\/www.europesays.com\/fr\/wp-json\/wp\/v2\/types\/post"}],"author":[{"embeddable":true,"href":"https:\/\/www.europesays.com\/fr\/wp-json\/wp\/v2\/users\/2"}],"replies":[{"embeddable":true,"href":"https:\/\/www.europesays.com\/fr\/wp-json\/wp\/v2\/comments?post=263973"}],"version-history":[{"count":0,"href":"https:\/\/www.europesays.com\/fr\/wp-json\/wp\/v2\/posts\/263973\/revisions"}],"wp:featuredmedia":[{"embeddable":true,"href":"https:\/\/www.europesays.com\/fr\/wp-json\/wp\/v2\/media\/263974"}],"wp:attachment":[{"href":"https:\/\/www.europesays.com\/fr\/wp-json\/wp\/v2\/media?parent=263973"}],"wp:term":[{"taxonomy":"category","embeddable":true,"href":"https:\/\/www.europesays.com\/fr\/wp-json\/wp\/v2\/categories?post=263973"},{"taxonomy":"post_tag","embeddable":true,"href":"https:\/\/www.europesays.com\/fr\/wp-json\/wp\/v2\/tags?post=263973"}],"curies":[{"name":"wp","href":"https:\/\/api.w.org\/{rel}","templated":true}]}}