{"id":263975,"date":"2025-07-21T18:34:14","date_gmt":"2025-07-21T18:34:14","guid":{"rendered":"https:\/\/www.europesays.com\/fr\/263975\/"},"modified":"2025-07-21T18:34:14","modified_gmt":"2025-07-21T18:34:14","slug":"au-musee-dorsay-un-tableau-de-courbet-fait-peau-neuve-sous-les-yeux-des-visiteurs","status":"publish","type":"post","link":"https:\/\/www.europesays.com\/fr\/263975\/","title":{"rendered":"Au Mus\u00e9e d\u2019Orsay, un tableau de Courbet fait peau neuve sous les yeux des visiteurs"},"content":{"rendered":"<p>                         <img loading=\"lazy\" decoding=\"async\" src=\"https:\/\/www.europesays.com\/fr\/wp-content\/uploads\/2025\/07\/0654cc4_upload-1-rynrifppnacz-03-restauration-de-un-enterrement-ai-ornans-de-courbet-au-musei-e-da-o.jpeg\" alt=\"Restauration du tableau \u00ab\u00a0Un enterrement a\u0300 Ornans\u00a0\u00bb (1849-1850), de Gustave Courbet, au Muse\u0301e d\u2019Orsay, \u00e0 Paris, en juin 2025.\"   width=\"664\" height=\"443\"\/>    Restauration du tableau \u00ab\u00a0Un enterrement a\u0300 Ornans\u00a0\u00bb (1849-1850), de Gustave Courbet, au Muse\u0301e d\u2019Orsay, \u00e0 Paris, en juin 2025.  LAETITIA STIRFFLING                 <\/p>\n<p class=\"article__paragraph  \">Une pr\u00e9cision d\u2019orf\u00e8vre et une patience \u00e0 toute \u00e9preuve. Dans la galerie principale du Mus\u00e9e d\u2019Orsay \u00e0 Paris, une arcade lat\u00e9rale fait sensation. Les visiteurs se pressent entre les inscriptions \u00ab\u00a0Poitiers\u00a0\u00bb et \u00ab\u00a0Limoges\u00a0\u00bb pour observer un spectacle original. Derri\u00e8re des vitres de plexiglas, une poign\u00e9e de restaurateurs s\u2019affairent pour donner une deuxi\u00e8me jeunesse au c\u00e9l\u00e8bre tableau de <a href=\"https:\/\/www.lemonde.fr\/culture\/article\/2007\/10\/12\/gustave-courbet-un-peintre-radical_966281_3246.html\" rel=\"nofollow noopener\" target=\"_blank\">Gustave Courbet<\/a> (1819-1877), Un enterrement \u00e0 Ornans.<\/p>\n<p class=\"article__paragraph  \">Depuis d\u00e9but juin, la toile monumentale \u2013 longue de 6,68 m\u00e8tres et haute de 3,15 m\u00e8tres \u2013 est restaur\u00e9e en public. Tous les jeudis matin, trois groupes de 12 personnes profitent m\u00eame d\u2019une visite explicative au plus pr\u00e8s de l\u2019\u0153uvre. A l\u2019int\u00e9rieur de l\u2019espace r\u00e9serv\u00e9 aux restaurateurs, \u00e9chafaudages, spots lumineux et outils utiles \u00e0 la r\u00e9novation entourent la peinture r\u00e9aliste. Pendant une demi-heure, les professionnels reviennent sur l\u2019histoire de l\u2019\u0153uvre, expliquent la nature de leur travail et les diff\u00e9rentes \u00e9tapes de r\u00e9habilitation.<\/p>\n<p class=\"article__paragraph  \">Cette initiative gratuite est ouverte \u00e0 tous sur r\u00e9servation. \u00ab\u00a0C\u2019est passionnant, je ne pensais pas que le m\u00e9tier de restaurateur n\u00e9cessitait autant de comp\u00e9tences scientifiques, glisse Sylvie, responsable commerciale \u00e0 la retraite, en sortant de la visite.\u00a0\u00c7a m\u2019a donn\u00e9 envie de revenir dans les prochains mois pour voir l\u2019avanc\u00e9e du chantier.\u00a0\u00bb Suspendues au mois d\u2019ao\u00fbt, les visites reprendront en septembre.<\/p>\n<p class=\"reading-mode-only \"><strong>Il vous reste 73.8% de cet article \u00e0 lire. La suite est r\u00e9serv\u00e9e aux abonn\u00e9s.<\/strong><\/p>\n","protected":false},"excerpt":{"rendered":"Restauration du tableau \u00ab\u00a0Un enterrement a\u0300 Ornans\u00a0\u00bb (1849-1850), de Gustave Courbet, au Muse\u0301e d\u2019Orsay, \u00e0 Paris, en juin&hellip;\n","protected":false},"author":2,"featured_media":263976,"comment_status":"","ping_status":"","sticky":false,"template":"","format":"standard","meta":{"footnotes":""},"categories":[1358],"tags":[1348,1384,1385,1386,58,59,1011,27],"class_list":{"0":"post-263975","1":"post","2":"type-post","3":"status-publish","4":"format-standard","5":"has-post-thumbnail","7":"category-arts-et-design","8":"tag-arts","9":"tag-arts-and-design","10":"tag-arts-et-design","11":"tag-design","12":"tag-divertissement","13":"tag-entertainment","14":"tag-fr","15":"tag-france"},"share_on_mastodon":{"url":"https:\/\/pubeurope.com\/@fr\/114892666595799760","error":""},"_links":{"self":[{"href":"https:\/\/www.europesays.com\/fr\/wp-json\/wp\/v2\/posts\/263975","targetHints":{"allow":["GET"]}}],"collection":[{"href":"https:\/\/www.europesays.com\/fr\/wp-json\/wp\/v2\/posts"}],"about":[{"href":"https:\/\/www.europesays.com\/fr\/wp-json\/wp\/v2\/types\/post"}],"author":[{"embeddable":true,"href":"https:\/\/www.europesays.com\/fr\/wp-json\/wp\/v2\/users\/2"}],"replies":[{"embeddable":true,"href":"https:\/\/www.europesays.com\/fr\/wp-json\/wp\/v2\/comments?post=263975"}],"version-history":[{"count":0,"href":"https:\/\/www.europesays.com\/fr\/wp-json\/wp\/v2\/posts\/263975\/revisions"}],"wp:featuredmedia":[{"embeddable":true,"href":"https:\/\/www.europesays.com\/fr\/wp-json\/wp\/v2\/media\/263976"}],"wp:attachment":[{"href":"https:\/\/www.europesays.com\/fr\/wp-json\/wp\/v2\/media?parent=263975"}],"wp:term":[{"taxonomy":"category","embeddable":true,"href":"https:\/\/www.europesays.com\/fr\/wp-json\/wp\/v2\/categories?post=263975"},{"taxonomy":"post_tag","embeddable":true,"href":"https:\/\/www.europesays.com\/fr\/wp-json\/wp\/v2\/tags?post=263975"}],"curies":[{"name":"wp","href":"https:\/\/api.w.org\/{rel}","templated":true}]}}