{"id":263979,"date":"2025-07-21T18:36:11","date_gmt":"2025-07-21T18:36:11","guid":{"rendered":"https:\/\/www.europesays.com\/fr\/263979\/"},"modified":"2025-07-21T18:36:11","modified_gmt":"2025-07-21T18:36:11","slug":"cosby-show-lacteur-star-du-feuilleton-malcolm-jamal-warner-est-decede-a-lage-de-54-ans","status":"publish","type":"post","link":"https:\/\/www.europesays.com\/fr\/263979\/","title":{"rendered":"Cosby show : l\u2019acteur star du feuilleton, Malcolm Jamal Warner est d\u00e9c\u00e9d\u00e9 \u00e0 l\u2019\u00e2ge de 54 ans"},"content":{"rendered":"<p>L\u2019acteur am\u00e9ricain <a href=\"https:\/\/www.public.fr\/malcolm-jamal-warner-l-ancienne-star-de-la-serie-the-cosby-show-de-nouveau-celibataire\" rel=\"nofollow noopener\" target=\"_blank\">Malcolm-Jamal Warner<\/a> est mort \u00e0 l\u2019\u00e2ge de 54 ans. Connu pour son r\u00f4le dans la s\u00e9rie t\u00e9l\u00e9vis\u00e9e <strong><a href=\"https:\/\/www.public.fr\/une-star-du-cosby-show-enceinte\" rel=\"nofollow noopener\" target=\"_blank\">The Cosby Show,<\/a><\/strong> tr\u00e8s populaire dans les ann\u00e9es 1980 et 1990, il jouait le personnage de Theo Huxtable, le fils du Dr Huxtable.\u00a0<\/p>\n<p>Selon les premi\u00e8res informations, l\u2019acteur <strong>aurait perdu la vie dans un accident<\/strong>. D\u2019apr\u00e8s nos confr\u00e8res, il serait en effet <strong>mort par noyade<\/strong>. Les circonstances exactes ne sont pas encore connues et sa famille n\u2019a pas encore fait de d\u00e9claration publique.<\/p>\n<p>Disparition de Malcolm-Jamal Warner, visage embl\u00e9matique de \u00ab\u00a0The Cosby Show\u00a0\u00bb<\/p>\n<p>Malcolm-Jamal Warner a commenc\u00e9 sa carri\u00e8re tr\u00e8s jeune et a connu la c\u00e9l\u00e9brit\u00e9 gr\u00e2ce, notamment, \u00e0 <strong><a href=\"https:\/\/vsd.fr\/13860-cosby-chaud\/\" rel=\"nofollow noopener\" target=\"_blank\">The Cosby Show<\/a><\/strong>, diffus\u00e9 entre 1984 et 1992. \u00c2g\u00e9 d\u2019\u00e0 peine 14 ans lorsqu\u2019il a d\u00e9marr\u00e9 sa carri\u00e8re d\u2019acteur dans la s\u00e9rie \u00e0 succ\u00e8s, son personnage a tout de suite \u00e9t\u00e9 tr\u00e8s appr\u00e9ci\u00e9 du public. Un r\u00f4le qui lui a d\u2019ailleurs valu une nomination aux Emmy Awards.<\/p>\n<p>Apr\u00e8s la fin de <strong>The Cosby Show<\/strong>, Malcolm-Jamal Warner a continu\u00e9 \u00e0 travailler pour plusieurs projets t\u00e9l\u00e9vis\u00e9s. Nous avons par exemple pu le retrouver dans <strong>Malcolm &amp; Eddie, Reed Between the Lines, The Resident<\/strong>, ou encore <strong>9-1-1<\/strong>. Il a aussi pr\u00eat\u00e9 sa voix \u00e0 des dessins anim\u00e9s, comme <strong>The Magic School Bus.<\/strong><\/p>\n<p>En plus d\u2019\u00eatre acteur, Malcolm-Jamal Warner \u00e9tait aussi musicien et jouait de la basse. En 2015, il a remport\u00e9 un Grammy Award pour une chanson en duo avec Robert Glasper. Outre la musique, Malcolm-Jamal Warner \u00e9crivait aussi de la po\u00e9sie et a publi\u00e9 plusieurs recueils.<\/p>\n<p>Ces derni\u00e8res ann\u00e9es, il animait un podcast, <strong>Not all hood,<\/strong> dans lequel il parlait de la vie, de la soci\u00e9t\u00e9 et de la culture afro-am\u00e9ricaine. Le dernier \u00e9pisode a \u00e9t\u00e9 publi\u00e9 seulement quelques jours avant sa mort.<\/p>\n<p>Discret sur sa vie, il \u00e9tait mari\u00e9 et avait une fille<\/p>\n<p>Malcolm-Jamal Warner \u00e9tait une personne discr\u00e8te sur sa vie priv\u00e9e. \u00c2g\u00e9 de 54 ans, le com\u00e9dien \u00e9tait mari\u00e9 et avait une fille, mais exposait que tr\u00e8s rarement sa famille dans les m\u00e9dias car il tenait \u00e0 garder cette partie de sa vie loin des projecteurs et pr\u00e9server un maximum sa vie priv\u00e9e.<\/p>\n<p>Sa disparition a provoqu\u00e9 une grande tristesse chez ses fans et dans le monde de la t\u00e9l\u00e9vision. De nombreux coll\u00e8gues et artistes lui ont rendu hommage en saluant son talent, sa gentillesse et son engagement.<\/p>\n<p>Malcolm-Jamal Warner restera dans les m\u00e9moires comme<strong> l\u2019un des visages embl\u00e9matiques de la t\u00e9l\u00e9vision am\u00e9ricaine des ann\u00e9es 80<\/strong>. Notamment gr\u00e2ce \u00e0 son r\u00f4le de Theo Huxtable, qui restera grav\u00e9 dans l\u2019histoire de la t\u00e9l\u00e9vision.<\/p>\n<p>      Mentionn\u00e9s dans cet article<\/p>\n<p>\u00c0 lire aussi<\/p>\n","protected":false},"excerpt":{"rendered":"L\u2019acteur am\u00e9ricain Malcolm-Jamal Warner est mort \u00e0 l\u2019\u00e2ge de 54 ans. Connu pour son r\u00f4le dans la s\u00e9rie&hellip;\n","protected":false},"author":2,"featured_media":263980,"comment_status":"","ping_status":"","sticky":false,"template":"","format":"standard","meta":{"footnotes":""},"categories":[1356],"tags":[40333,40334,58,59,1011,27,30828,7781,252,1364],"class_list":{"0":"post-263979","1":"post","2":"type-post","3":"status-publish","4":"format-standard","5":"has-post-thumbnail","7":"category-television","8":"tag-bill-cosby","9":"tag-cosby-show","10":"tag-divertissement","11":"tag-entertainment","12":"tag-fr","13":"tag-france","14":"tag-malcolm","15":"tag-noyade","16":"tag-television","17":"tag-tv"},"share_on_mastodon":{"url":"https:\/\/pubeurope.com\/@fr\/114892674429193359","error":""},"_links":{"self":[{"href":"https:\/\/www.europesays.com\/fr\/wp-json\/wp\/v2\/posts\/263979","targetHints":{"allow":["GET"]}}],"collection":[{"href":"https:\/\/www.europesays.com\/fr\/wp-json\/wp\/v2\/posts"}],"about":[{"href":"https:\/\/www.europesays.com\/fr\/wp-json\/wp\/v2\/types\/post"}],"author":[{"embeddable":true,"href":"https:\/\/www.europesays.com\/fr\/wp-json\/wp\/v2\/users\/2"}],"replies":[{"embeddable":true,"href":"https:\/\/www.europesays.com\/fr\/wp-json\/wp\/v2\/comments?post=263979"}],"version-history":[{"count":0,"href":"https:\/\/www.europesays.com\/fr\/wp-json\/wp\/v2\/posts\/263979\/revisions"}],"wp:featuredmedia":[{"embeddable":true,"href":"https:\/\/www.europesays.com\/fr\/wp-json\/wp\/v2\/media\/263980"}],"wp:attachment":[{"href":"https:\/\/www.europesays.com\/fr\/wp-json\/wp\/v2\/media?parent=263979"}],"wp:term":[{"taxonomy":"category","embeddable":true,"href":"https:\/\/www.europesays.com\/fr\/wp-json\/wp\/v2\/categories?post=263979"},{"taxonomy":"post_tag","embeddable":true,"href":"https:\/\/www.europesays.com\/fr\/wp-json\/wp\/v2\/tags?post=263979"}],"curies":[{"name":"wp","href":"https:\/\/api.w.org\/{rel}","templated":true}]}}