{"id":26398,"date":"2025-04-15T11:28:08","date_gmt":"2025-04-15T11:28:08","guid":{"rendered":"https:\/\/www.europesays.com\/fr\/26398\/"},"modified":"2025-04-15T11:28:08","modified_gmt":"2025-04-15T11:28:08","slug":"des-telephones-jetables-pour-aller-aux-etats-unis-lue-met-a-jour-ses-recommandations-par-crainte-despionnage","status":"publish","type":"post","link":"https:\/\/www.europesays.com\/fr\/26398\/","title":{"rendered":"Des t\u00e9l\u00e9phones jetables pour aller aux \u00c9tats-Unis ? L&rsquo;UE met \u00e0 jour ses recommandations par crainte d&rsquo;espionnage"},"content":{"rendered":"<p>L&rsquo;Union europ\u00e9enne a d\u00e9cid\u00e9 de distribuer des t\u00e9l\u00e9phones jetables et des ordinateurs vides aux employ\u00e9s en mission aux \u00c9tats-Unis.Cette pr\u00e9caution vise \u00e0 \u00e9viter le risque d&rsquo;espionnage, d&rsquo;apr\u00e8s les informations du Financial Times publi\u00e9es ce lundi.Une mesure qui \u00e9tait jusqu&rsquo;ici r\u00e9serv\u00e9e aux voyages en Chine.<\/p>\n<p data-module=\"article-paragraph\" class=\"jsx-362436225 Paragraph Paragraph__End\">Cette pr\u00e9caution de taille \u00e9tait r\u00e9serv\u00e9e jusqu&rsquo;\u00e0 pr\u00e9sent aux voyages en Chine. D&rsquo;apr\u00e8s les informations publi\u00e9es ce lundi 14 avril dans le Financial Times, la Commission europ\u00e9enne compte fournir de vieux t\u00e9l\u00e9phones portables pr\u00e9pay\u00e9s et des ordinateurs \u00ab\u00a0de base\u00a0\u00bb \u00e0 son personnel en partance pour les \u00c9tats-Unis. En cause, des craintes d&rsquo;espionnage de ce pays pourtant alli\u00e9.\u00a0<\/p>\n<p>Prot\u00e9ger les \u00ab\u00a0syst\u00e8mes\u00a0\u00bb de la commission<\/p>\n<p data-module=\"article-paragraph\" class=\"jsx-362436225 Paragraph\">D\u00e9sormais, ce sera donc avec un bon vieux t\u00e9l\u00e9phone \u00e0 neuf touches qu&rsquo;il faudra traverser l&rsquo;Atlantique. Une mesure qui touchera notamment les commissaires et les hauts fonctionnaires qui se rendront aux r\u00e9unions du Fonds Mon\u00e9taire International (FMI) et de la Banque mondiale, d&rsquo;apr\u00e8s quatre responsables <a href=\"https:\/\/www.ft.com\/content\/20d0678a-41b2-468d-ac10-14ce1eae357b\" target=\"_blank\" rel=\"nofollow noopener\">cit\u00e9s par le quotidien britannique (nouvelle fen\u00eatre)<\/a>. Si elles ne sont pas in\u00e9dites, ces pr\u00e9cautions sont d\u00e9j\u00e0 utilis\u00e9es lors des voyages en Ukraine (par crainte d&rsquo;espionnage de la Russie) et en Chine, la Commission craignant dor\u00e9navant \u00ab\u00a0que les \u00c9tats-Unis n&rsquo;interviennent dans les syst\u00e8mes de commission\u00a0\u00bb selon les arguments d&rsquo;un responsable.\u00a0<\/p>\n<p data-module=\"article-paragraph\" class=\"jsx-362436225 Paragraph Paragraph__End\">Interrog\u00e9e par le Financial Times, la Commission a confirm\u00e9 avoir r\u00e9cemment mis \u00e0 jour <a href=\"https:\/\/www.tf1info.fr\/conso\/boycottusa-les-etats-unis-de-plus-en-plus-boudes-par-les-francais-2361588.html\" target=\"_blank\" rel=\"nofollow noopener\">ses conseils de s\u00e9curit\u00e9 pour les \u00c9tats-Unis (nouvelle fen\u00eatre)<\/a>, mais assure qu&rsquo;aucune instruction \u00e9crite sp\u00e9cifique concernant l&rsquo;utilisation des t\u00e9l\u00e9phones jetables n&rsquo;avait \u00e9t\u00e9 donn\u00e9e. Elle a pr\u00e9cis\u00e9 que les services diplomatiques de l&rsquo;Union europ\u00e9enne avaient \u00e9t\u00e9 impliqu\u00e9s, comme c&rsquo;est souvent le cas lors de telles mises \u00e0 jour.<\/p>\n<p data-module=\"article-paragraph\" class=\"jsx-362436225 Paragraph Paragraph__End\">Une pr\u00e9caution qui est bien la preuve que la Commission europ\u00e9enne n&rsquo;a d\u00e9cid\u00e9ment plus vraiment confiance en l&rsquo;administration am\u00e9ricaine. Il faut dire que les relations entre les deux continents se sont largement d\u00e9t\u00e9rior\u00e9es depuis le retour du milliardaire \u00e0 la Maison Blanche. D&rsquo;autant plus quand ce dernier a accus\u00e9 le projet europ\u00e9en d&rsquo;avoir \u00e9t\u00e9 cr\u00e9\u00e9e dans le seul but \u00ab\u00a0d&#8217;emmerder les \u00c9tats-Unis\u00a0\u00bb.\u00a0<\/p>\n<p>F.S.<\/p>\n","protected":false},"excerpt":{"rendered":"L&rsquo;Union europ\u00e9enne a d\u00e9cid\u00e9 de distribuer des t\u00e9l\u00e9phones jetables et des ordinateurs vides aux employ\u00e9s en mission aux&hellip;\n","protected":false},"author":2,"featured_media":26399,"comment_status":"","ping_status":"","sticky":false,"template":"","format":"standard","meta":{"footnotes":""},"categories":[1586],"tags":[1111,11,1921,1075,75,73,1777,674,1779,1011,27,1922,2497,12,25,1778,364,133,1920],"class_list":{"0":"post-26398","1":"post","2":"type-post","3":"status-publish","4":"format-standard","5":"has-post-thumbnail","7":"category-europe","8":"tag-actu","9":"tag-actualites","10":"tag-article-video","11":"tag-cybersecurite","12":"tag-donald-trump","13":"tag-etats-unis","14":"tag-eu","15":"tag-europe","16":"tag-european-union","17":"tag-fr","18":"tag-france","19":"tag-info","20":"tag-le-second-mandat-de-donald-trump","21":"tag-news","22":"tag-republique-francaise","23":"tag-ue","24":"tag-union-europeenne","25":"tag-video","26":"tag-video-international"},"share_on_mastodon":{"url":"https:\/\/pubeurope.com\/@fr\/114341747434437267","error":""},"_links":{"self":[{"href":"https:\/\/www.europesays.com\/fr\/wp-json\/wp\/v2\/posts\/26398","targetHints":{"allow":["GET"]}}],"collection":[{"href":"https:\/\/www.europesays.com\/fr\/wp-json\/wp\/v2\/posts"}],"about":[{"href":"https:\/\/www.europesays.com\/fr\/wp-json\/wp\/v2\/types\/post"}],"author":[{"embeddable":true,"href":"https:\/\/www.europesays.com\/fr\/wp-json\/wp\/v2\/users\/2"}],"replies":[{"embeddable":true,"href":"https:\/\/www.europesays.com\/fr\/wp-json\/wp\/v2\/comments?post=26398"}],"version-history":[{"count":0,"href":"https:\/\/www.europesays.com\/fr\/wp-json\/wp\/v2\/posts\/26398\/revisions"}],"wp:featuredmedia":[{"embeddable":true,"href":"https:\/\/www.europesays.com\/fr\/wp-json\/wp\/v2\/media\/26399"}],"wp:attachment":[{"href":"https:\/\/www.europesays.com\/fr\/wp-json\/wp\/v2\/media?parent=26398"}],"wp:term":[{"taxonomy":"category","embeddable":true,"href":"https:\/\/www.europesays.com\/fr\/wp-json\/wp\/v2\/categories?post=26398"},{"taxonomy":"post_tag","embeddable":true,"href":"https:\/\/www.europesays.com\/fr\/wp-json\/wp\/v2\/tags?post=26398"}],"curies":[{"name":"wp","href":"https:\/\/api.w.org\/{rel}","templated":true}]}}