{"id":263981,"date":"2025-07-21T18:37:11","date_gmt":"2025-07-21T18:37:11","guid":{"rendered":"https:\/\/www.europesays.com\/fr\/263981\/"},"modified":"2025-07-21T18:37:11","modified_gmt":"2025-07-21T18:37:11","slug":"mariah-carey-de-retour-avec-un-album-sheila-oconnor-se-confie-sur-sophie-marceau","status":"publish","type":"post","link":"https:\/\/www.europesays.com\/fr\/263981\/","title":{"rendered":"Mariah Carey de retour avec un album\u2026 Sheila O\u2019Connor se confie sur Sophie Marceau\u2026"},"content":{"rendered":"<p>21\u00a0juillet 2025<\/p>\n<p>Sia main dans la main avec une star de t\u00e9l\u00e9r\u00e9alit\u00e9 de 21 ans plus jeune qu\u2019elle<\/p>\n<p>La <a href=\"https:\/\/www.20minutes.fr\/arts-stars\/people\/4144430-20250320-sia-accueilli-secret-troisieme-enfant-11-mois\" target=\"_blank\" class=\"color-ultramarine c-link\" rel=\"noopener\">chanteuse<\/a> de Chandelier suscite d\u00e9j\u00e0 des rumeurs de romance apr\u00e8s sa demande de divorce de son mari, Dan Bernard, quatre mois plus t\u00f4t. L\u2019<a href=\"https:\/\/www.20minutes.fr\/arts-stars\/people\/3220343-20220120-sia-pense-suicide-retournee-cure-apres-bad-buzz-film-music\" target=\"_blank\" class=\"color-ultramarine c-link\" rel=\"noopener\">artiste de 49 ans<\/a> aurait en effet mis le grappin sur Harry Jowsey, un acteur de 28 ans surtout connu pour sa participation \u00e0 l\u2019\u00e9mission de t\u00e9l\u00e9r\u00e9alit\u00e9 am\u00e9ricaine S\u00e9duction haute tension.<\/p>\n<p>Le duo n\u2019a pas cach\u00e9 son affection ce week-end \u00e0 la sortie du restaurant Ca Del Sole, \u00e0 Los Angeles, parcourant le parking des lieux main dans la main, comme le montrent des images publi\u00e9es par <a href=\"https:\/\/pagesix.com\/2025\/07\/20\/celebrity-news\/sia-holds-hands-with-harry-jowsey-4-months-after-singer-filed-for-divorce-from-dan-bernard\/\" rel=\"nofollow noopener\" target=\"_blank\" class=\"color-ultramarine c-link\">Page Six<\/a>. Reste \u00e0 voir s\u2019ils confirmeront bient\u00f4t leur relation, en l\u2019absence de commentaires de leurs repr\u00e9sentants pour le moment\u00a0!<\/p>\n<p>Mariah Carey tease l\u2019arriv\u00e9e prochaine de son nouvel album<\/p>\n<p>Sheila O\u2019Connor, P\u00e9n\u00e9lope dans \u00ab\u00a0La Boum\u00a0\u00bb, \u00e9voque sa \u00ab\u00a0coll\u00e8gue\u00a0\u00bb Sophie Marceau<\/p>\n<p>L\u2019interpr\u00e8te de la super copine de \u00ab\u00a0Vic\u00a0\u00bb, incarn\u00e9e par <a href=\"https:\/\/www.20minutes.fr\/arts-stars\/people\/4144676-20250321-mere-michele-laroque-repris-universite-90-ans-sophie-marceau-larmes-recevant-prix-litteraire\" target=\"_blank\" class=\"color-ultramarine c-link\" rel=\"noopener\">Sophie Marceau<\/a> dans le film culte de\u00a01980 est revenue sur son exp\u00e9rience au c\u00f4t\u00e9 de l\u2019actrice \u00e0 cette \u00e9poque. Et si les deux jeunes filles semblent tr\u00e8s proches et complices dans la com\u00e9die romantique, la r\u00e9alit\u00e9 \u00e9tait tout autre\u00a0!<\/p>\n<p>\u00ab\u00a0On \u00e9tait coll\u00e8gues, pas copines. Elle a son caract\u00e8re, et moi j\u2019ai le mien\u00a0\u00bb, a lanc\u00e9 Sheila O\u2019Connor dans les colonnes du <a href=\"https:\/\/www.leparisien.fr\/culture-loisirs\/cinema\/penelope-de-la-boum-vous-vous-souvenez-sheila-oconnor-se-raconte-au-festival-davignon-20-07-2025-JCFVKNTWUJD7RDEDAIOSAETENA.php\" rel=\"nofollow noopener\" target=\"_blank\" class=\"color-ultramarine c-link\">Parisien<\/a> en marge de son spectacle autobiographique au festival d\u2019Avignon. De plus, <a href=\"https:\/\/www.20minutes.fr\/arts-stars\/medias\/4150387-20250425-france-inter-sophie-marceau-remplace-fabrice-luchini-dimanche-soir\" target=\"_blank\" class=\"color-ultramarine c-link\" rel=\"noopener\">Sophie Marceau <\/a>semble lui avoir, malgr\u00e9 elle, fait de l\u2019ombre d\u00e8s le d\u00e9part\u00a0! \u00ab\u00a0P\u00e9n\u00e9lope \u00e9tait pressentie au d\u00e9part\u2026 Puis Sophie est arriv\u00e9e, via une agence de mannequins juniors. Sophie avait d\u00e9j\u00e0 une certaine distance. Elle avait une maturit\u00e9 que je n\u2019avais pas. Elle faisait beaucoup plus femme que moi. Elle avait des seins, pas moi\u00a0\u00bb, a-t-elle ajout\u00e9.<\/p>\n","protected":false},"excerpt":{"rendered":"21\u00a0juillet 2025 Sia main dans la main avec une star de t\u00e9l\u00e9r\u00e9alit\u00e9 de 21 ans plus jeune qu\u2019elle&hellip;\n","protected":false},"author":2,"featured_media":263982,"comment_status":"","ping_status":"","sticky":false,"template":"","format":"standard","meta":{"footnotes":""},"categories":[1355],"tags":[58,59,16572,2702,1011,27,6116,34115,1361,873,973,906,133],"class_list":{"0":"post-263981","1":"post","2":"type-post","3":"status-publish","4":"format-standard","5":"has-post-thumbnail","7":"category-musique","8":"tag-divertissement","9":"tag-entertainment","10":"tag-festival-davignon","11":"tag-fil-des-stars","12":"tag-fr","13":"tag-france","14":"tag-los-angeles","15":"tag-mariah-carey","16":"tag-music","17":"tag-musique","18":"tag-people","19":"tag-sophie-marceau","20":"tag-video"},"share_on_mastodon":{"url":"https:\/\/pubeurope.com\/@fr\/114892678402297777","error":""},"_links":{"self":[{"href":"https:\/\/www.europesays.com\/fr\/wp-json\/wp\/v2\/posts\/263981","targetHints":{"allow":["GET"]}}],"collection":[{"href":"https:\/\/www.europesays.com\/fr\/wp-json\/wp\/v2\/posts"}],"about":[{"href":"https:\/\/www.europesays.com\/fr\/wp-json\/wp\/v2\/types\/post"}],"author":[{"embeddable":true,"href":"https:\/\/www.europesays.com\/fr\/wp-json\/wp\/v2\/users\/2"}],"replies":[{"embeddable":true,"href":"https:\/\/www.europesays.com\/fr\/wp-json\/wp\/v2\/comments?post=263981"}],"version-history":[{"count":0,"href":"https:\/\/www.europesays.com\/fr\/wp-json\/wp\/v2\/posts\/263981\/revisions"}],"wp:featuredmedia":[{"embeddable":true,"href":"https:\/\/www.europesays.com\/fr\/wp-json\/wp\/v2\/media\/263982"}],"wp:attachment":[{"href":"https:\/\/www.europesays.com\/fr\/wp-json\/wp\/v2\/media?parent=263981"}],"wp:term":[{"taxonomy":"category","embeddable":true,"href":"https:\/\/www.europesays.com\/fr\/wp-json\/wp\/v2\/categories?post=263981"},{"taxonomy":"post_tag","embeddable":true,"href":"https:\/\/www.europesays.com\/fr\/wp-json\/wp\/v2\/tags?post=263981"}],"curies":[{"name":"wp","href":"https:\/\/api.w.org\/{rel}","templated":true}]}}