{"id":263985,"date":"2025-07-21T18:39:10","date_gmt":"2025-07-21T18:39:10","guid":{"rendered":"https:\/\/www.europesays.com\/fr\/263985\/"},"modified":"2025-07-21T18:39:10","modified_gmt":"2025-07-21T18:39:10","slug":"des-millions-de-francais-prennent-ces-medicaments-ils-peuvent-provoquer-des-reactions-de-la-peau-au-soleil","status":"publish","type":"post","link":"https:\/\/www.europesays.com\/fr\/263985\/","title":{"rendered":"Des millions de Fran\u00e7ais prennent ces m\u00e9dicaments, ils peuvent provoquer des r\u00e9actions de la peau au soleil"},"content":{"rendered":"<p class=\"app_entry_lead\">\n                                    <a title=\"\u00a0\u00a9\u00a0123RF\" href=\"https:\/\/www.europesays.com\/fr\/wp-content\/uploads\/2025\/07\/77519368.jpg\" class=\"fancy\"><\/p>\n<p>                            <img loading=\"lazy\" decoding=\"async\" src=\"https:\/\/www.europesays.com\/fr\/wp-content\/uploads\/2025\/07\/77519368.jpg\" alt=\"Des millions de Fran\u00e7ais prennent ces m\u00e9dicaments, ils peuvent provoquer des r\u00e9actions de la peau au soleil\" width=\"1500\" height=\"1000\"\/><\/p>\n<p>                    <\/a><br \/>\n                    Peu de gens le savent ou y font attention mais de nombreux m\u00e9dicaments tr\u00e8s courants peuvent provoquer des br\u00fblures et autres r\u00e9actions cutan\u00e9es en cas d&rsquo;exposition au soleil. Voici la liste.\n            <\/p>\n<p>Un gros coup de soleil, voire une allergie, \u00e7a peut g\u00e2cher les vacances. Il est bien s\u00fbr important d&rsquo;\u00e9viter les dommages du soleil sur la peau en \u00e9vitant de s&rsquo;exposer aux heures les plus chaudes, en mettant des v\u00eatements couvrants et en mettant de la cr\u00e8me solaire. Mais certaines personnes doivent \u00eatre particuli\u00e8rement vigilantes, notamment celles qui prennent des traitements m\u00e9dicamenteux.\u00a0<\/p>\n<p>Certains m\u00e9dicaments sont en effet dits photosensibilisants.\u00a0Cela signifie que la peau est bien plus sensible au soleil, et peut y r\u00e9agir.\u00a0De nombreux sympt\u00f4mes d\u00e9sagr\u00e9ables peuvent alors survenir (sur l&rsquo;ensemble du corps ou seulement une partie) : d\u00e9mangeaisons, rougeurs, inflammation, cloques ou boutons&#8230; \u00ab\u00a0Des r\u00e9actions cutan\u00e9es potentiellement graves\u00a0\u00bb peuvent \u00eatre provoqu\u00e9es par le soleil lors de la prise de m\u00e9dicaments photosensibilisants, d&rsquo;apr\u00e8s <a href=\"https:\/\/ansm.sante.fr\/dossiers-thematiques\/produits-de-sante-cosmetiques-et-tatouages-en-ete-adoptez-les-bons-reflexes\/le-point-sur-vos-traitements\" rel=\"nofollow noopener\" target=\"_blank\">l&rsquo;Agence nationale de s\u00e9curit\u00e9 du m\u00e9dicament<\/a> (ANSM).\u00a0<\/p>\n<p><img decoding=\"async\" alt=\"\" src=\"https:\/\/www.europesays.com\/fr\/wp-content\/uploads\/2025\/07\/77520957.jpg\"\/><br \/>\n\u00a9\u00a0123RF<\/p>\n<p>Il peut bien s\u00fbr s&rsquo;agir de m\u00e9dicaments appliqu\u00e9s sur la peau, comme les traitements contre l&rsquo;acn\u00e9, les cr\u00e8mes antiallergiques, les antiseptiques, ou encore les gels anti-inflammatoires.\u00a0Mais pas seulement, puisque de nombreux m\u00e9dicaments pris par voie orale sont aussi photosensibilisants :\u00a0<\/p>\n<ul>\n<li>des anti-inflammatoires (ibuprof\u00e8ne, aspirine, k\u00e9toprof\u00e8ne, diclof\u00e9nac&#8230;),\u00a0<\/li>\n<li>des antibiotiques et antifongiques,<\/li>\n<li>des m\u00e9dicaments pour le c\u0153ur (statines, amiodarone, inhibiteurs calciques&#8230;),<\/li>\n<li>des traitements prescrits en neurologie ou en psychiatrie (anxiolytiques, anti-\u00e9pileptiques, antid\u00e9presseurs&#8230;)<\/li>\n<li>des antidiab\u00e9tiques oraux,\u00a0<\/li>\n<li>des antiallergiques&#8230;<\/li>\n<\/ul>\n<p>Cette liste n&rsquo;est pas exhaustive.\u00a0Pour toute prise de m\u00e9dicament, il est recommand\u00e9 de demander conseil \u00e0 son m\u00e9decin ou pharmacien, et\/ou de regarder la notice afin de s&rsquo;assurer qu&rsquo;il n&rsquo;y a pas de risque de photosensibilit\u00e9. En cas de r\u00e9action cutan\u00e9e apr\u00e8s une exposition au soleil avec la prise d&rsquo;un m\u00e9dicament, il faut \u00e9videmment ne plus s&rsquo;exposer, et envisager, apr\u00e8s avis d&rsquo;un professionnel de sant\u00e9, l&rsquo;arr\u00eat du traitement.<\/p>\n","protected":false},"excerpt":{"rendered":"Peu de gens le savent ou y font attention mais de nombreux m\u00e9dicaments tr\u00e8s courants peuvent provoquer des&hellip;\n","protected":false},"author":2,"featured_media":263986,"comment_status":"","ping_status":"","sticky":false,"template":"","format":"standard","meta":{"footnotes":""},"categories":[10],"tags":[1011,27,72,71],"class_list":{"0":"post-263985","1":"post","2":"type-post","3":"status-publish","4":"format-standard","5":"has-post-thumbnail","7":"category-sante","8":"tag-fr","9":"tag-france","10":"tag-health","11":"tag-sante"},"share_on_mastodon":{"url":"https:\/\/pubeurope.com\/@fr\/114892686223147577","error":""},"_links":{"self":[{"href":"https:\/\/www.europesays.com\/fr\/wp-json\/wp\/v2\/posts\/263985","targetHints":{"allow":["GET"]}}],"collection":[{"href":"https:\/\/www.europesays.com\/fr\/wp-json\/wp\/v2\/posts"}],"about":[{"href":"https:\/\/www.europesays.com\/fr\/wp-json\/wp\/v2\/types\/post"}],"author":[{"embeddable":true,"href":"https:\/\/www.europesays.com\/fr\/wp-json\/wp\/v2\/users\/2"}],"replies":[{"embeddable":true,"href":"https:\/\/www.europesays.com\/fr\/wp-json\/wp\/v2\/comments?post=263985"}],"version-history":[{"count":0,"href":"https:\/\/www.europesays.com\/fr\/wp-json\/wp\/v2\/posts\/263985\/revisions"}],"wp:featuredmedia":[{"embeddable":true,"href":"https:\/\/www.europesays.com\/fr\/wp-json\/wp\/v2\/media\/263986"}],"wp:attachment":[{"href":"https:\/\/www.europesays.com\/fr\/wp-json\/wp\/v2\/media?parent=263985"}],"wp:term":[{"taxonomy":"category","embeddable":true,"href":"https:\/\/www.europesays.com\/fr\/wp-json\/wp\/v2\/categories?post=263985"},{"taxonomy":"post_tag","embeddable":true,"href":"https:\/\/www.europesays.com\/fr\/wp-json\/wp\/v2\/tags?post=263985"}],"curies":[{"name":"wp","href":"https:\/\/api.w.org\/{rel}","templated":true}]}}