{"id":263989,"date":"2025-07-21T18:41:09","date_gmt":"2025-07-21T18:41:09","guid":{"rendered":"https:\/\/www.europesays.com\/fr\/263989\/"},"modified":"2025-07-21T18:41:09","modified_gmt":"2025-07-21T18:41:09","slug":"dans-le-cossu-paris-vie-une-petition-de-riverains-contre-un-carrefour-city-tourne-au-proces-en-boboisation","status":"publish","type":"post","link":"https:\/\/www.europesays.com\/fr\/263989\/","title":{"rendered":"Dans le cossu Paris VIe, une p\u00e9tition de riverains contre un Carrefour City tourne au proc\u00e8s en bobo\u00efsation"},"content":{"rendered":"<p><strong>R\u00c9CIT &#8211;<\/strong> Plusieurs c\u00e9l\u00e9brit\u00e9s du VIe arrondissement se sont associ\u00e9es, de fa\u00e7on plus ou moins assum\u00e9e, \u00e0 une p\u00e9tition contre l\u2019implantation d\u2019une enseigne. Une mobilisation per\u00e7ue comme la r\u00e9bellion d\u2019un entre-soi bourgeois.<\/p>\n<p class=\"fig-paragraph\">R\u00e9flexe de conservation d\u2019un entre-soi bourgeois parisien ou solidarit\u00e9 entre riverains contre une offensive brutale de la grande distribution\u00a0? Il y a certainement un peu des deux dans l\u2019affaire du Carrefour City qui enflamme un quartier du VIe arrondissement de Paris depuis plusieurs semaines. Ce week-end, un article du Monde annon\u00e7ant l\u2019implication de plusieurs personnalit\u00e9s, de Catherine Frot \u00e0 Alain Finkielkraut ou Alain Souchon, a offert \u00e0 ce feuilleton estival un coup de projecteur inattendu.<\/p>\n<p class=\"fig-paragraph\">Tout avait commenc\u00e9 en septembre dernier, avec la fermeture du magasin de jeux p\u00e9dagogiques\u00a0<a href=\"http:\/\/www.lefigaro.fr\/flash-eco\/mode-textile-plus-de-300-postes-menaces-dans-le-reseau-idkids-okaidi-20240312\" data-fig-type=\"NewsFlash\" data-gtm-custom-categorie=\"navigation\" data-gtm-custom-action=\"crossclick\" data-gtm-custom-label=\"Contextuel\" data-gtm-event=\"customEventSPE\" data-fig-domain=\"LEFIGARO\" rel=\"nofollow noopener\" target=\"_blank\">Oxybul<\/a>\u00a0<a href=\"https:\/\/www.lefigaro.fr\/theatre\/2015\/07\/02\/03003-20150702ARTFIG00022-la-place-laurent-terzieff-inauguree-aujourd-hui-a-paris.php\" data-fig-type=\"Article\" data-gtm-custom-categorie=\"navigation\" data-gtm-custom-action=\"crossclick\" data-gtm-custom-label=\"Contextuel\" data-gtm-event=\"customEventSPE\" data-fig-domain=\"LEFIGARO\" rel=\"nofollow noopener\" target=\"_blank\">\u00e0 l\u2019angle des rues Vavin et Br\u00e9a<\/a>, en raison d\u2019une restructuration nationale du groupe. Sept mois plus tard, l\u2019annonce tombe\u00a0: un\u00a0<a href=\"http:\/\/www.lefigaro.fr\/flash-eco\/carrefour-reunit-ses-actionnaires-ce-mercredi-pour-une-assemblee-generale-qui-s-annonce-animee-20250528\" data-fig-type=\"NewsFlash\" data-gtm-custom-categorie=\"navigation\" data-gtm-custom-action=\"crossclick\" data-gtm-custom-label=\"Contextuel\" data-gtm-event=\"customEventSPE\" data-fig-domain=\"LEFIGARO\" rel=\"nofollow noopener\" target=\"_blank\">Carrefour City<\/a>\u00a0reprend l\u2019espace commercial vacant et s\u2019implantera au cours de l\u2019\u00e9t\u00e9. Pour de nombreux habitants, c\u2019est une d\u00e9ception brutale. Un petit groupe d\u00e9cide se r\u00e9unir en association pour lutter en faveur de \u00abla sauvegarde de la qualit\u00e9 de vie des habitants\u2026<\/p>\n<p class=\"fig-premium-paywall__infos\">\n        Cet article est r\u00e9serv\u00e9 aux abonn\u00e9s.        Il vous reste 87% \u00e0 d\u00e9couvrir.\n    <\/p>\n<p>                <img  data- alt=\"Le Figaro\" class=\"fig-img--complete fig-img\"\/><\/p>\n<p class=\"fig-premium-paywall__title\">Vous avez envie de lire la suite ?<\/p>\n<p class=\"fig-premium-paywall__subtitle\">D\u00e9bloquez tous les articles imm\u00e9diatement.<\/p>\n<p class=\"fig-premium-paywall__connect\">\n                D\u00e9j\u00e0 abonn\u00e9\u00a0?                <a class=\"fig-premium-paywall__connect-link\" href=\"https:\/\/connect.lefigaro.fr\/login?client=horizon_web&amp;type=main&amp;redirect_uri=https%3A%2F%2Fwww.lefigaro.fr%2Factualite-france%2Fdans-le-cossu-paris-vie-une-petition-de-riverains-contre-un-carrefour-city-tourne-au-proces-en-boboisation-20250721\" data-js-gtm=\"{&quot;customCategorie&quot;: &quot;conversion&quot;, &quot;customAction&quot;: &quot;before_Landing_Connexion_paywall_auto&quot;, &quot;customLabel&quot;: &quot;bGVmaWdhcm8uZnJfXzFmMDY2MzVjLTNhYzctNjFjYy1iMzhjLWExN2QwODhkYThkZl9fQXJ0aWNsZQ==_Dans le cossu Paris VIe, une p\u00e9tition de riverains contre un Carrefour City tourne au proc\u00e8s en bobo\u00efsation_491&quot;, &quot;customIDSPE&quot;: &quot;bGVmaWdhcm8uZnJfXzFmMDY2MzVjLTNhYzctNjFjYy1iMzhjLWExN2QwODhkYThkZl9fQXJ0aWNsZQ==&quot;, &quot;event&quot;: &quot;customEventSPE&quot;}\" rel=\"nofollow noopener\" target=\"_blank\"><br \/>\n                    Connectez-vous<br \/>\n                <\/a>\n            <\/p>\n","protected":false},"excerpt":{"rendered":"R\u00c9CIT &#8211; Plusieurs c\u00e9l\u00e9brit\u00e9s du VIe arrondissement se sont associ\u00e9es, de fa\u00e7on plus ou moins assum\u00e9e, \u00e0 une&hellip;\n","protected":false},"author":2,"featured_media":263990,"comment_status":"","ping_status":"","sticky":false,"template":"","format":"standard","meta":{"footnotes":""},"categories":[8],"tags":[4304,215,58,59,1011,27],"class_list":{"0":"post-263989","1":"post","2":"type-post","3":"status-publish","4":"format-standard","5":"has-post-thumbnail","7":"category-divertissement","8":"tag-carrefour","9":"tag-commerce","10":"tag-divertissement","11":"tag-entertainment","12":"tag-fr","13":"tag-france"},"share_on_mastodon":{"url":"https:\/\/pubeurope.com\/@fr\/114892694101201772","error":""},"_links":{"self":[{"href":"https:\/\/www.europesays.com\/fr\/wp-json\/wp\/v2\/posts\/263989","targetHints":{"allow":["GET"]}}],"collection":[{"href":"https:\/\/www.europesays.com\/fr\/wp-json\/wp\/v2\/posts"}],"about":[{"href":"https:\/\/www.europesays.com\/fr\/wp-json\/wp\/v2\/types\/post"}],"author":[{"embeddable":true,"href":"https:\/\/www.europesays.com\/fr\/wp-json\/wp\/v2\/users\/2"}],"replies":[{"embeddable":true,"href":"https:\/\/www.europesays.com\/fr\/wp-json\/wp\/v2\/comments?post=263989"}],"version-history":[{"count":0,"href":"https:\/\/www.europesays.com\/fr\/wp-json\/wp\/v2\/posts\/263989\/revisions"}],"wp:featuredmedia":[{"embeddable":true,"href":"https:\/\/www.europesays.com\/fr\/wp-json\/wp\/v2\/media\/263990"}],"wp:attachment":[{"href":"https:\/\/www.europesays.com\/fr\/wp-json\/wp\/v2\/media?parent=263989"}],"wp:term":[{"taxonomy":"category","embeddable":true,"href":"https:\/\/www.europesays.com\/fr\/wp-json\/wp\/v2\/categories?post=263989"},{"taxonomy":"post_tag","embeddable":true,"href":"https:\/\/www.europesays.com\/fr\/wp-json\/wp\/v2\/tags?post=263989"}],"curies":[{"name":"wp","href":"https:\/\/api.w.org\/{rel}","templated":true}]}}