{"id":263995,"date":"2025-07-21T18:45:11","date_gmt":"2025-07-21T18:45:11","guid":{"rendered":"https:\/\/www.europesays.com\/fr\/263995\/"},"modified":"2025-07-21T18:45:11","modified_gmt":"2025-07-21T18:45:11","slug":"parmi-les-signataires-personne-ne-mange-du-nutella-la-reponse-des-deputes","status":"publish","type":"post","link":"https:\/\/www.europesays.com\/fr\/263995\/","title":{"rendered":"\u00ab\u00a0Parmi les signataires, personne ne mange du Nutella\u00a0?\u00a0\u00bb\u2026 La r\u00e9ponse des d\u00e9put\u00e9s"},"content":{"rendered":"<p> \u00abOn ne peut pas faire comme si on n\u2019avait pas vu le nombre de signataires\u2026\u00a0\u00bb, souffle une macroniste. La p\u00e9tition lanc\u00e9e sur le site de l\u2019<a href=\"https:\/\/www.20minutes.fr\/dossier\/assemblee_nationale\" class=\"color-ultramarine c-link\" rel=\"nofollow noopener\" target=\"_blank\">Assembl\u00e9e nationale<\/a> contre la loi Duplomb, qui pr\u00e9voit notamment la r\u00e9introduction sous conditions d\u2019un pesticide de la famille des n\u00e9onicotino\u00efdes, bat tous les records. <a href=\"https:\/\/www.20minutes.fr\/politique\/4164476-20250720-petition-contre-loi-duplomb-passe-barre-million-signatures-record-absolu\" class=\"color-ultramarine c-link\" rel=\"nofollow noopener\" target=\"_blank\">En r\u00e9coltant pr\u00e8s d\u20191,5\u00a0million de signatures<\/a> ce lundi soir, le texte permet d\u2019ouvrir la voie \u00e0 un d\u00e9bat in\u00e9dit au Parlement. Mais qu\u2019en pensent les d\u00e9put\u00e9s\u00a0? 20 Minutes a interrog\u00e9 plusieurs \u00e9lus macronistes, d\u00e9j\u00e0 divis\u00e9s lors du vote \u00e0 l\u2019Assembl\u00e9e le 8\u00a0juillet dernier.<\/p>\n<\/p>\n<p>\u00ab\u00a0On ne peut y rester sourds\u00a0\u00bb<\/p>\n<p>\u00ab\u00a0Cette \u00e9mergence citoyenne montre qu\u2019il s\u2019agit d\u2019un sujet de soci\u00e9t\u00e9, il faut en prendre acte\u00a0\u00bb, indique Erwan Balanant, d\u00e9put\u00e9 MoDem, qui a vot\u00e9 contre la proposition de loi Duplomb. \u00ab\u00a0Le d\u00e9bat parlementaire vaut toujours mieux que les menaces et les invectives des derniers jours contre les \u00e9lus ayant vot\u00e9 pour ou contre le texte d\u2019ailleurs\u00a0\u00bb, ajoute l\u2019\u00e9lu du <a href=\"https:\/\/www.20minutes.fr\/societe\/finistere\/\" class=\"color-ultramarine c-link\" rel=\"nofollow noopener\" target=\"_blank\">Finist\u00e8re<\/a>, alors que plusieurs<a href=\"https:\/\/www.tf1info.fr\/politique\/loi-duplomb-des-elus-menaces-apres-le-vote-darmanin-demande-a-la-justice-la-plus-grande-fermete-2384159.html\" target=\"_blank\" class=\"color-ultramarine c-link\" rel=\"nofollow noopener\"> permanences de d\u00e9put\u00e9s ont \u00e9t\u00e9 vandalis\u00e9es<\/a>. \u00ab\u00a0On peut remettre en question la mani\u00e8re dont est r\u00e9dig\u00e9e la p\u00e9tition, mais cela montre que nos concitoyens sont attentifs \u00e0 la sant\u00e9 environnementale\u00a0\u00bb, ajoute la d\u00e9put\u00e9e Renaissance de l\u2019Ain Olga Givernet. La macroniste, qui n\u2019avait pas pris part au vote dans l\u2019h\u00e9micycle en raison des \u00ab\u00a0reculs environnementaux\u00a0\u00bb pr\u00e9sents dans le texte, salue cette mobilisation.<\/p>\n<p>\u00ab\u00a0Je regrette que certains coll\u00e8gues se soient faits spamer leur bo\u00eete mail pendant les d\u00e9bats\u2026 L\u00e0, avec la p\u00e9tition, les opposants ont un profil certifi\u00e9 sur le site de l\u2019Assembl\u00e9e nationale. C\u2019est une mani\u00e8re d\u2019exprimer son opposition de mani\u00e8re d\u00e9mocratique, comme cela pourrait l\u2019\u00eatre dans la rue. On ne peut y rester sourds, c\u2019est de la responsabilit\u00e9 de la pr\u00e9sidente et du bureau de l\u2019Assembl\u00e9e nationale d\u2019y apporter une r\u00e9ponse\u00a0\u00bb, ajoute l\u2019\u00e9lue. Ya\u00ebl Braun-Pivet a indiqu\u00e9 ce dimanche \u00eatre \u00ab\u00a0favorable\u00a0\u00bb \u00e0 l\u2019ouverture d\u2019un nouveau d\u00e9bat lors de la rentr\u00e9e parlementaire, qui \u00ab\u00a0ne pourra en aucun cas revenir sur la loi vot\u00e9e\u00a0\u00bb, a-t-elle toutefois pr\u00e9cis\u00e9.<\/p>\n<p>\u00ab\u00a0Il y a beaucoup d\u2019hypocrisie\u00a0\u00bb<\/p>\n<p>La proc\u00e9dure de p\u00e9tition sur le site de l\u2019Assembl\u00e9e nationale, mise en place en\u00a02020, ne permet en effet pas de revenir sur la loi Duplomb, comme le souhaitent les signataires. \u00ab\u00a0Ce n\u2019est pas le bon v\u00e9hicule\u00a0; si on veut abroger un texte, on d\u00e9pose une nouvelle proposition de loi\u00a0\u00bb, balaie <a href=\"https:\/\/www.20minutes.fr\/politique\/anne-genetet\/\" class=\"color-ultramarine c-link\" rel=\"nofollow noopener\" target=\"_blank\">Anne Genetet<\/a>, d\u00e9put\u00e9e Renaissance des Fran\u00e7ais de l\u2019\u00e9tranger. \u00ab\u00a0Le Parlement a \u00e9t\u00e9 \u00e9lu, son vote est donc l\u00e9gitime. Le remettre en cause serait dangereux. Un million de signataires, cela fait peut-\u00eatre beaucoup, mais n\u2019oublions pas qu\u2019il y a 49\u00a0millions d\u2019\u00e9lecteurs. On est donc tr\u00e8s tr\u00e8s loin d\u2019une majorit\u00e9 de <a href=\"https:\/\/www.20minutes.fr\/dossier\/francais\" class=\"color-ultramarine c-link\" rel=\"nofollow noopener\" target=\"_blank\">Fran\u00e7ais<\/a>\u2026\u00a0\u00bb, ajoute-t-elle.<\/p>\n<p>L\u2019ancienne ministre de l\u2019Education nationale, favorable au texte, critique par ailleurs les arguments des p\u00e9titionnaires. \u00ab\u00a0Il y a beaucoup d\u2019hypocrisie\u00a0: on ne me fera pas croire que parmi les signataires, personne ne mange du <a href=\"https:\/\/www.20minutes.fr\/dossier\/nutella\" class=\"color-ultramarine c-link\" rel=\"nofollow noopener\" target=\"_blank\">Nutella<\/a>, qui utilise des noisettes turques ou italiennes\u00a0?\u00a0\u00bb, interroge-t-elle, alors que l\u2019ac\u00e9tamipride est utilis\u00e9 dans ces pays. Les effets de ce n\u00e9onicotino\u00efde sur l\u2019\u00eatre humain sont une source de pr\u00e9occupations m\u00eame si les risques restent incertains, faute d\u2019\u00e9tudes d\u2019ampleur, indique l\u2019AFP.<\/p>\n<p>Le succ\u00e8s de la p\u00e9tition pourrait-il faire \u00e9voluer l\u2019avis des parlementaires\u00a0? \u00ab\u00a0Il y a toujours une forme de pression quand on est d\u00e9put\u00e9s, celle qui consiste \u00e0 ne jamais tomber dans le populisme\u2026\u00a0\u00bb, \u00e9vacue <a href=\"https:\/\/www.20minutes.fr\/politique\/prisca-thevenot\/\" class=\"color-ultramarine c-link\" rel=\"nofollow noopener\" target=\"_blank\">Prisca Thevenot<\/a>, d\u00e9put\u00e9e Renaissance des <a href=\"https:\/\/www.20minutes.fr\/dossier\/hauts-de-seine\" class=\"color-ultramarine c-link\" rel=\"nofollow noopener\" target=\"_blank\">Hauts-de-Seine<\/a>. \u00ab\u00a0Sur la loi Duplomb, les m\u00eames qui nous disaient hier d\u2019agir pour nos agriculteurs se mettent \u00e0 hurler aujourd\u2019hui. Nous devons pouvoir d\u00e9battre sur la base de faits v\u00e9rifi\u00e9s\u00a0\u00bb, ajoute l\u2019ex porte-parole du gouvernement de <a href=\"https:\/\/www.20minutes.fr\/politique\/gabriel-attal\/\" class=\"color-ultramarine c-link\" rel=\"nofollow noopener\" target=\"_blank\">Gabriel Attal<\/a>. Le patron du parti pr\u00e9sidentiel Renaissance a demand\u00e9 ce lundi \u00e0 ce que le gouvernement saisisse l\u2019Agence nationale de s\u00e9curit\u00e9 sanitaire (<a href=\"https:\/\/www.20minutes.fr\/dossier\/anses\" class=\"color-ultramarine c-link\" rel=\"nofollow noopener\" target=\"_blank\">Anses<\/a>) afin qu\u2019elle donne son avis sur le texte en amont de l\u2019\u00e9ventuel futur d\u00e9bat parlementaire.<\/p>\n","protected":false},"excerpt":{"rendered":"\u00abOn ne peut pas faire comme si on n\u2019avait pas vu le nombre de signataires\u2026\u00a0\u00bb, souffle une macroniste.&hellip;\n","protected":false},"author":2,"featured_media":263996,"comment_status":"","ping_status":"","sticky":false,"template":"","format":"standard","meta":{"footnotes":""},"categories":[4],"tags":[47,11,2572,327,416,1011,27,4410,12,38327,2091,316,25,6385],"class_list":{"0":"post-263995","1":"post","2":"type-post","3":"status-publish","4":"format-standard","5":"has-post-thumbnail","7":"category-france","8":"tag-actualite","9":"tag-actualites","10":"tag-agriculteurs","11":"tag-agriculture","12":"tag-assemblee-nationale","13":"tag-fr","14":"tag-france","15":"tag-gabriel-attal","16":"tag-news","17":"tag-nutella","18":"tag-pesticides","19":"tag-politique","20":"tag-republique-francaise","21":"tag-yael-braun-pivet"},"share_on_mastodon":{"url":"https:\/\/pubeurope.com\/@fr\/114892709743554102","error":""},"_links":{"self":[{"href":"https:\/\/www.europesays.com\/fr\/wp-json\/wp\/v2\/posts\/263995","targetHints":{"allow":["GET"]}}],"collection":[{"href":"https:\/\/www.europesays.com\/fr\/wp-json\/wp\/v2\/posts"}],"about":[{"href":"https:\/\/www.europesays.com\/fr\/wp-json\/wp\/v2\/types\/post"}],"author":[{"embeddable":true,"href":"https:\/\/www.europesays.com\/fr\/wp-json\/wp\/v2\/users\/2"}],"replies":[{"embeddable":true,"href":"https:\/\/www.europesays.com\/fr\/wp-json\/wp\/v2\/comments?post=263995"}],"version-history":[{"count":0,"href":"https:\/\/www.europesays.com\/fr\/wp-json\/wp\/v2\/posts\/263995\/revisions"}],"wp:featuredmedia":[{"embeddable":true,"href":"https:\/\/www.europesays.com\/fr\/wp-json\/wp\/v2\/media\/263996"}],"wp:attachment":[{"href":"https:\/\/www.europesays.com\/fr\/wp-json\/wp\/v2\/media?parent=263995"}],"wp:term":[{"taxonomy":"category","embeddable":true,"href":"https:\/\/www.europesays.com\/fr\/wp-json\/wp\/v2\/categories?post=263995"},{"taxonomy":"post_tag","embeddable":true,"href":"https:\/\/www.europesays.com\/fr\/wp-json\/wp\/v2\/tags?post=263995"}],"curies":[{"name":"wp","href":"https:\/\/api.w.org\/{rel}","templated":true}]}}