{"id":264002,"date":"2025-07-21T18:49:10","date_gmt":"2025-07-21T18:49:10","guid":{"rendered":"https:\/\/www.europesays.com\/fr\/264002\/"},"modified":"2025-07-21T18:49:10","modified_gmt":"2025-07-21T18:49:10","slug":"conference-de-la-societe-dhistoire-de-la-lorraine","status":"publish","type":"post","link":"https:\/\/www.europesays.com\/fr\/264002\/","title":{"rendered":"Conf\u00e9rence de la Soci\u00e9t\u00e9 d\u2019histoire de la Lorraine"},"content":{"rendered":"<p>La Soci\u00e9t\u00e9 d\u2019histoire de la Lorraine poursuit ses conf\u00e9rences avec Vincent Hadot, ancien conservateur au mus\u00e9e national des ch\u00e2teaux de Malmaison et sp\u00e9cialiste de la collection Osiris. Le rendez-vous est intitul\u00e9 Daniel Iffla Osiris, \u00e0 travers ses collections. Daniel Iffla dit Osiris est n\u00e9 en 1825 \u00e0 Bordeaux. C\u2019\u00e9tait un financier et un m\u00e9c\u00e8ne fran\u00e7ais. Il a offert \u00e0 la Ville de Nancy la statue \u00e9questre de Jeanne d\u2019Arc r\u00e9alis\u00e9e par E. Fr\u00e9miet en 1889.<\/p>\n<p class=\"note\">Mercredi 23\u00a0juillet \u00e0 l\u2019auditorium du Mus\u00e9e des Beaux-Arts \u00e0 15\u00a0h et \u00e0 16\u00a0h.<\/p>\n","protected":false},"excerpt":{"rendered":"La Soci\u00e9t\u00e9 d\u2019histoire de la Lorraine poursuit ses conf\u00e9rences avec Vincent Hadot, ancien conservateur au mus\u00e9e national des&hellip;\n","protected":false},"author":2,"featured_media":264003,"comment_status":"","ping_status":"","sticky":false,"template":"","format":"standard","meta":{"footnotes":""},"categories":[9635],"tags":[1111,11,6211,1687,1704,1777,674,1011,27,775,1702,1703,12,5486,25],"class_list":{"0":"post-264002","1":"post","2":"type-post","3":"status-publish","4":"format-standard","5":"has-post-thumbnail","7":"category-nancy","8":"tag-actu","9":"tag-actualites","10":"tag-conference","11":"tag-culture-loisirs","12":"tag-edition-nancy-et-agglomeration","13":"tag-eu","14":"tag-europe","15":"tag-fr","16":"tag-france","17":"tag-grand-est","18":"tag-nancy","19":"tag-nancy-ville-54b","20":"tag-news","21":"tag-rencontre","22":"tag-republique-francaise"},"share_on_mastodon":{"url":"https:\/\/pubeurope.com\/@fr\/114892725488762011","error":""},"_links":{"self":[{"href":"https:\/\/www.europesays.com\/fr\/wp-json\/wp\/v2\/posts\/264002","targetHints":{"allow":["GET"]}}],"collection":[{"href":"https:\/\/www.europesays.com\/fr\/wp-json\/wp\/v2\/posts"}],"about":[{"href":"https:\/\/www.europesays.com\/fr\/wp-json\/wp\/v2\/types\/post"}],"author":[{"embeddable":true,"href":"https:\/\/www.europesays.com\/fr\/wp-json\/wp\/v2\/users\/2"}],"replies":[{"embeddable":true,"href":"https:\/\/www.europesays.com\/fr\/wp-json\/wp\/v2\/comments?post=264002"}],"version-history":[{"count":0,"href":"https:\/\/www.europesays.com\/fr\/wp-json\/wp\/v2\/posts\/264002\/revisions"}],"wp:featuredmedia":[{"embeddable":true,"href":"https:\/\/www.europesays.com\/fr\/wp-json\/wp\/v2\/media\/264003"}],"wp:attachment":[{"href":"https:\/\/www.europesays.com\/fr\/wp-json\/wp\/v2\/media?parent=264002"}],"wp:term":[{"taxonomy":"category","embeddable":true,"href":"https:\/\/www.europesays.com\/fr\/wp-json\/wp\/v2\/categories?post=264002"},{"taxonomy":"post_tag","embeddable":true,"href":"https:\/\/www.europesays.com\/fr\/wp-json\/wp\/v2\/tags?post=264002"}],"curies":[{"name":"wp","href":"https:\/\/api.w.org\/{rel}","templated":true}]}}