{"id":264006,"date":"2025-07-21T18:51:09","date_gmt":"2025-07-21T18:51:09","guid":{"rendered":"https:\/\/www.europesays.com\/fr\/264006\/"},"modified":"2025-07-21T18:51:09","modified_gmt":"2025-07-21T18:51:09","slug":"voici-a-qui-appartiennent-ces-deux-mega-yachts-de-milliardaire-amarres-pres-du-casino-de-la-seyne","status":"publish","type":"post","link":"https:\/\/www.europesays.com\/fr\/264006\/","title":{"rendered":"Voici \u00e0 qui appartiennent ces deux m\u00e9ga-yachts de milliardaire amarr\u00e9s pr\u00e8s du casino de La Seyne"},"content":{"rendered":"<p>Ils ne passent pas inaper\u00e7us! Deux yachts d\u2019exception sont actuellement amarr\u00e9s dans la grande forme \u00e0 c\u00f4t\u00e9 du casino Joa. Premier arriv\u00e9, le H3 est un mastodonte noir et blanc de 105m de long, concentr\u00e9 de luxe aux lignes raffin\u00e9es. Le navire, enti\u00e8rement r\u00e9nov\u00e9 l\u2019an dernier par l\u2019entreprise hollandaise Oceanco, est notamment \u00e9quip\u00e9 d\u2019un espace spa et bien-\u00eatre, d\u2019une grande piscine \u00e0 d\u00e9bordement sur le pont principal arri\u00e8re, d\u2019un gigantesque \u00e9cran LED r\u00e9tractable \u00e0 l\u2019ext\u00e9rieur ou encore d\u2019une \u00ab\u00a0h\u00e9lisurface\u00a0\u00bb \u00e0 l\u2019avant. Il offre un h\u00e9bergement pour vingt invit\u00e9s dans dix cabines diff\u00e9rentes.<\/p>\n<p>Arriv\u00e9 le 12 juillet en provenance d\u2019Espagne, <strong>le H3<\/strong> est en rel\u00e2che dans la rade, sans passagers \u00e0 bord. Avis aux amateurs: le superyacht, construit pour Hamad bin Jassim bin Jaber Al Thani, ancien premier ministre du Qatar, et d\u00e9sormais <strong>propri\u00e9t\u00e9 de Waleed bin Ibrahim Al Ibrahim, milliardaire saoudien<\/strong>, est aujourd\u2019hui en vente au prix (n\u00e9gociable) de 295 millions d\u2019euros. Pour ceux qui voudraient admirer la b\u00eate, son d\u00e9part n\u2019est pr\u00e9vu que le 6 ao\u00fbt prochain.<\/p>\n<p>Le navire du fondateur de WhatsApp<\/p>\n<p>A ses c\u00f4t\u00e9s, se trouve depuis lundi <strong>le <\/strong><strong>Moonrise<\/strong>, en provenance de Gibraltar. Long de 101m et large de 15,5m, <strong>ce super-yacht appartient \u00e0 Jan Koum, l&rsquo;Ukrainien qui a fond\u00e9 la messagerie WhatsApp<\/strong> en 2007 avant de la revendre \u00e0 Facebook en 2017. Le milliardaire vient d\u2019ailleurs de prendre possession de son nouveau bijou, qui n\u2019est autre qu\u2019une \u00e9volution de son pr\u00e9c\u00e9dent bateau construit en 2020 aux Pays-Bas (chantier naval Feadship) pour 220 millions de dollars. La nouvelle version est sortie du m\u00eame chantier le 11 juillet dernier et repr\u00e9sente la bagatelle de\u2026 330 millions de dollars!<\/p>\n<p>L\u2019un des traits esth\u00e9tiques les plus marquants du nouveau Moonrise est sa silhouette sobre et \u00e9pur\u00e9e. Elle est aussi d\u00e9pourvue de coupoles satellites, car les r\u00e9cepteurs satellites Starlink sont int\u00e9gr\u00e9es dans la superstructure. Le navire est aussi \u00e9quip\u00e9 d\u2019h\u00e9lices de derni\u00e8re g\u00e9n\u00e9ration con\u00e7ues pour r\u00e9duire les \u00e9missions acoustiques.<\/p>\n<p>Entre autres caract\u00e9ristiques, le bateau dispose d\u2019une vaste plateforme de baignade qui permet un acc\u00e8s direct \u00e0 la mer. Et parmi les am\u00e9nagements int\u00e9rieurs, on trouve une salle de cin\u00e9ma sur le pont sup\u00e9rieur ainsi qu\u2019un espace enti\u00e8rement d\u00e9di\u00e9 au bien-\u00eatre, avec une zone de massage, une salle de sport et un salon pour soins esth\u00e9tiques et coiffure&#8230;<\/p>\n","protected":false},"excerpt":{"rendered":"Ils ne passent pas inaper\u00e7us! Deux yachts d\u2019exception sont actuellement amarr\u00e9s dans la grande forme \u00e0 c\u00f4t\u00e9 du&hellip;\n","protected":false},"author":2,"featured_media":264007,"comment_status":"","ping_status":"","sticky":false,"template":"","format":"standard","meta":{"footnotes":""},"categories":[9619],"tags":[1111,11,1777,674,1011,27,12,973,882,25,2310,3366],"class_list":{"0":"post-264006","1":"post","2":"type-post","3":"status-publish","4":"format-standard","5":"has-post-thumbnail","7":"category-toulon","8":"tag-actu","9":"tag-actualites","10":"tag-eu","11":"tag-europe","12":"tag-fr","13":"tag-france","14":"tag-news","15":"tag-people","16":"tag-provence-alpes-cote-dazur","17":"tag-republique-francaise","18":"tag-toulon","19":"tag-vie-locale"},"share_on_mastodon":{"url":"https:\/\/pubeurope.com\/@fr\/114892733397083262","error":""},"_links":{"self":[{"href":"https:\/\/www.europesays.com\/fr\/wp-json\/wp\/v2\/posts\/264006","targetHints":{"allow":["GET"]}}],"collection":[{"href":"https:\/\/www.europesays.com\/fr\/wp-json\/wp\/v2\/posts"}],"about":[{"href":"https:\/\/www.europesays.com\/fr\/wp-json\/wp\/v2\/types\/post"}],"author":[{"embeddable":true,"href":"https:\/\/www.europesays.com\/fr\/wp-json\/wp\/v2\/users\/2"}],"replies":[{"embeddable":true,"href":"https:\/\/www.europesays.com\/fr\/wp-json\/wp\/v2\/comments?post=264006"}],"version-history":[{"count":0,"href":"https:\/\/www.europesays.com\/fr\/wp-json\/wp\/v2\/posts\/264006\/revisions"}],"wp:featuredmedia":[{"embeddable":true,"href":"https:\/\/www.europesays.com\/fr\/wp-json\/wp\/v2\/media\/264007"}],"wp:attachment":[{"href":"https:\/\/www.europesays.com\/fr\/wp-json\/wp\/v2\/media?parent=264006"}],"wp:term":[{"taxonomy":"category","embeddable":true,"href":"https:\/\/www.europesays.com\/fr\/wp-json\/wp\/v2\/categories?post=264006"},{"taxonomy":"post_tag","embeddable":true,"href":"https:\/\/www.europesays.com\/fr\/wp-json\/wp\/v2\/tags?post=264006"}],"curies":[{"name":"wp","href":"https:\/\/api.w.org\/{rel}","templated":true}]}}