{"id":264020,"date":"2025-07-21T18:59:26","date_gmt":"2025-07-21T18:59:26","guid":{"rendered":"https:\/\/www.europesays.com\/fr\/264020\/"},"modified":"2025-07-21T18:59:26","modified_gmt":"2025-07-21T18:59:26","slug":"a-carignon-sengage-a-abroger-la-sanction","status":"publish","type":"post","link":"https:\/\/www.europesays.com\/fr\/264020\/","title":{"rendered":"A.CARIGNON S&rsquo;ENGAGE \u00c0 ABROGER LA SANCTION"},"content":{"rendered":"<p>Posted On 21 juillet 2025 <\/p>\n<p style=\"text-align: justify;\">\u00ab\u00a0Si les grenoblois nous font confiance en mars prochain, nous saisirons la commission de discipline pour lui demander de r\u00e9viser la sanction injuste qui frappe deux policiers municipaux, suspendus et priv\u00e9s de salaire 24 et 6 mois\u00a0\u00bb &#8211; Alain Carignon, ajoutant dans une vid\u00e9o mise en ligne qu&rsquo;il les recevra pour les remercier d&rsquo;avoir fait leur devoir en choisissant le principe de pr\u00e9caution pour prot\u00e9ger leurs concitoyens.<\/p>\n<p style=\"text-align: justify;\">L&rsquo;affaire des deux policiers municipaux ne fait que commencer. Rappelons que ces deux fonctionnaires sans aucun ant\u00e9c\u00e9dent ont <a href=\"https:\/\/grenoble-le-changement.fr\/2025\/07\/05\/deux-policiers-municipaux-lourdement-sanctionnes-pour-avoir-fait-leur-travail\/\" rel=\"nofollow noopener\" target=\"_blank\">choisi de filer des d\u00e9linquants routiers apr\u00e8s un refus d&rsquo;obtemp\u00e9rer en attendant les consignes d&rsquo;un Officier de Police Judiciaire<\/a> qu&rsquo;ils n&rsquo;arrivaient pas \u00e0 joindre. Afin que si celui-ci d\u00e9cide de les faire poursuivre par la police Nationale ou la gendarmerie, les d\u00e9linquants ne soient pas perdus. Un \u00ab\u00a0principe de pr\u00e9caution\u00a0\u00bb.<\/p>\n<p><a href=\"https:\/\/i0.wp.com\/grenoble-le-changement.fr\/wp-content\/uploads\/2025\/07\/Capture-de\u0301cran-2025-07-20-a\u0300-11.49.41.png?ssl=1\" rel=\"lightbox[83420] nofollow noopener\" target=\"_blank\"><img decoding=\"async\" data-id=\"83421\" src=\"https:\/\/i0.wp.com\/grenoble-le-changement.fr\/wp-content\/uploads\/2025\/07\/Capture-de\u0301cran-2025-07-20-a\u0300-11.49.41.png?resize=678%2C522&amp;ssl=1\" alt=\"\" class=\"wp-image-83421 jetpack-lazy-image\" data-recalc-dims=\"1\" data-lazy-src=\"https:\/\/i0.wp.com\/grenoble-le-changement.fr\/wp-content\/uploads\/2025\/07\/Capture-de\u0301cran-2025-07-20-a\u0300-11.49.41.png?resize=678%2C522&amp;is-pending-load=1#038;ssl=1\" \/><\/a><br \/>\nLa violence anti-police de la municipalit\u00e9 soul\u00e8ve un vent de protestation in\u00e9dit <\/p>\n<p><strong>LE NOYAU DUR DES \u00c9LUS ROUGE\/VERTS A PARTICIP\u00c9 A LA SANCTION<\/strong><\/p>\n<p style=\"text-align: justify;\">Afin d&rsquo;\u00e9viter tout rod\u00e9o urbain les deux policiers n&rsquo;avaient pas mis de gyrophare, se contentant de suivre la progression du v\u00e9hicule. Ce n&rsquo;est qu&rsquo;\u00e0 Voreppe qu&rsquo;ils ont re\u00e7u la consigne de l&rsquo;OPJ leur demandant de stopper. Pierre M\u00e9riaux, l&rsquo;Adjoint au personnel (Verts\/LFI) <a href=\"https:\/\/grenoble-le-changement.fr\/2021\/12\/31\/pierre-meriaux-larrogance-dans-la-mediocrite\/\" rel=\"nofollow noopener\" target=\"_blank\">d&rsquo;un sectarisme hors normes<\/a> a d\u00e9cid\u00e9 de les poursuivre devant le conseil de discipline o\u00f9 si\u00e8gent le noyau dur des \u00e9lus Rouge\/Verts, tels Christine <a href=\"https:\/\/grenoble-le-changement.fr\/2023\/01\/24\/migrants-xenophobie-de-la-france-pour-c-garnier-verts-ades\/\" rel=\"nofollow noopener\" target=\"_blank\">Garnier, la passionaria obsessionnelle<\/a> de la <a href=\"https:\/\/grenoble-le-changement.fr\/2024\/03\/04\/raymond-avrillier-le-tartuffe-rouge-verts-bouge-encore\/\" rel=\"nofollow noopener\" target=\"_blank\">secte politique de Raymond Avrillier<\/a>, l&rsquo;\u00e9lue LFI Laura Pfister, Chlo\u00e9 Pantel et Luis Bertran-Lopez aux ordres. Elle est pr\u00e9sid\u00e9e par un cadre municipal d\u00e9sign\u00e9 par eux, Thomas Ruocco-Nardo, magistrat recrut\u00e9 par la ville le 2 juillet dernier, venant du Tribunal Administratif de Grenoble o\u00f9 il \u00e9tait revenu depuis un an seulement.\u00a0<\/p>\n<p style=\"text-align: justify;\"><strong>AUCUNE CONSID\u00c9RATION POUR LA S\u00c9CURIT\u00c9 DES GRENOBLOIS\u00a0<\/strong><\/p>\n<p style=\"text-align: justify;\">Ils ont frapp\u00e9 fort. Aucune consid\u00e9ration pour la s\u00e9curit\u00e9 des grenoblois, aucune pour ces chefs de familles avec enfants qui n&rsquo;ont pas d&rsquo;autres ressources que leurs salaires. Laurence Ruffin, la candidate d\u00e9sign\u00e9e par Piolle n&rsquo;a pas propos\u00e9 de taper d<a href=\"https:\/\/grenoble-le-changement.fr\/2025\/05\/26\/scop-alma-que-fait-laurence-ruffin-verts-lfi-des-2-5-millions-d-e-de-resultats\/\" rel=\"nofollow noopener\" target=\"_blank\">ans la cagnotte de 2,5 millions d&rsquo;euros de sa soci\u00e9t\u00e9 SCOP ALMA<\/a> pour les soutenir. Elle n&rsquo;a pas eu le temps d&rsquo;y r\u00e9fl\u00e9chir <a href=\"https:\/\/grenoble-le-changement.fr\/2024\/11\/23\/laurence-ruffin-verts-lfi-petits-mensonges-et-gros-sabots\/\" rel=\"nofollow noopener\" target=\"_blank\">pendant son ann\u00e9e en Afrique et sa croisi\u00e8re en Asie<\/a> alors que son coeur saigne en permanence de la mis\u00e8re humaine.<\/p>\n<p style=\"text-align: justify;\"><strong>\u00ab\u00a0UNE ABSENCE DE TOUTE SENSIBILIT\u00c9 HUMAINE\u00a0\u00bb<\/strong><\/p>\n<p class=\"p1\" style=\"text-align: justify;\">\u00ab\u00a0Qui peut vivre 24 mois ou 6 mois sans salaire ? Cette municipalit\u00e9 est d\u2019une absence de toute sensibilit\u00e9 humaine qui est \u00e0 l\u2019oppos\u00e9 du vivre ensemble dont Grenoble a tant besoin\u00a0\u00bb a lanc\u00e9 Alain Carignon.<\/p>\n<p class=\"p1\" style=\"text-align: justify;\">Dans une ville o\u00f9 la municipalit\u00e9 refuse de lutter contre toutes les formes de d\u00e9linquance, depuis les tags jusqu\u2019aux dealers, en passant par les occupations d\u2019immeubles sociaux, les rod\u00e9os urbains, qui refuse les cam\u00e9ras de vid\u00e9oprotection, un PC op\u00e9rationnel 24\/24H et l\u2019armement de la police municipale, cette violence anti-polici\u00e8re va contribuer \u00e0 affaiblir encore ce qui reste de la police municipale.<\/p>\n<\/p>\n<p>Dans une vid\u00e9o tr\u00e8s suivie, Alain Carignon annonce qu&rsquo;il demandera \u00e0 la commission de discipline de r\u00e9viser sa position si les Grenoblois changent de municipalit\u00e9 en 2026.<\/p>\n<p><strong>LE DAUPHIN\u00c9 A \u00c9TRANGEMENT TRAIT\u00c9 CETTE AFFAIRE<\/strong><\/p>\n<p style=\"text-align: justify;\">Le Dauphin\u00e9 a \u00e9trangement trait\u00e9 cette affaire sous la plume de Jean-Benoit Vigny (DL du 19\/7\/25). \u00c0 charge pour les policiers avec toute la r\u00e9thorique de Pierre M\u00e9riaux. Ils auraient fil\u00e9 les d\u00e9linquants parce qu&rsquo;ils bloquaient un feu pass\u00e9 au vert en mangeant un sandwich. Et de s&rsquo;interroger lourdement de savoir si manger un sandwich au volant est l\u00e9gal ou ill\u00e9gal ? Encadr\u00e9 \u00e0 l&rsquo;appui afin que cet \u00e9l\u00e9ment secondaire devienne le principal.\u00a0<\/p>\n<p style=\"text-align: justify;\">Quel lecteur de bonne foi ne s&rsquo;interrogerait pas sur le z\u00e8le excessif de policiers s&rsquo;attardant sur un sandwich au volant ?<\/p>\n<p style=\"text-align: justify;\"><strong>10 MINUTES PENDANTS LESQUELLES ILS N&rsquo;ONT PAS VOULU PERDRE LES D\u00c9LINQUANTS\u00a0<\/strong><\/p>\n<p style=\"text-align: justify;\">Puis pourquoi \u00ab\u00a0se lancer \u00e0 sa poursuite\u00a0\u00bb (du v\u00e9hicule qui refuse d&rsquo;obtemp\u00e9rer) alors qu&rsquo;une circulaire limite drastiquement ces cas ? D&rsquo;autant qu&rsquo;un Officier de Police Judiciaire (OPJ) \u00ab\u00a0r\u00e9pondra 10 minutes plus tard\u00a0\u00bb sur la conduite \u00e0 tenir. Ces 10 minutes pendant lesquelles ils ont d\u00e9cid\u00e9 en conscience de ne pas perdre de vue ces d\u00e9linquants afin que l&rsquo;OPJ puisse d\u00e9cider d&rsquo;intervenir ou non en sachant o\u00f9 ils sont !\u00a0<\/p>\n<p style=\"text-align: justify;\"><strong>\u00ab\u00a0SELON NOS SOURCES&#8230;\u00a0\u00bb<\/strong><\/p>\n<p style=\"text-align: justify;\">Et Jean-Benoit Vigny d&rsquo;ajouter : \u00ab\u00a0Selon nos sources, les policiers municipaux, qui continuent de leur filer le train, coupent gyrophare et sir\u00e8ne sur l\u2019autoroute alors que le Droit pr\u00e9cise bien que poursuivre un v\u00e9hicule en d\u00e9lit de fuite n\u2019est possible que si le v\u00e9hicule de la police est d\u00fbment identifi\u00e9.\u00a0\u00bb\u00a0<\/p>\n<p style=\"text-align: justify;\"><strong>L&rsquo;AVIS DES POLICIERS N&rsquo;EXISTE PAS<\/strong><\/p>\n<p style=\"text-align: justify;\">L&rsquo;autre \u00ab\u00a0source\u00a0\u00bb, celle des policiers, si elle avait \u00e9t\u00e9 interrog\u00e9e, aurait pr\u00e9cis\u00e9 que c&rsquo;est justement parce qu&rsquo;ils ne voulaient aucun rod\u00e9o urbain, qu&rsquo;ils ne poursuivaient pas les d\u00e9linquants pour les arr\u00eater, mais simplement d\u00e9siraient suivre leur progression \u00e0 distance, afin que la Police Nationale ou la gendarmerie soit en mesure de prendre le relais d\u00e8s qu&rsquo;ils recevraient une r\u00e9ponse.\u00a0<\/p>\n<p>\u00a0<\/p>\n<p><a href=\"https:\/\/i2.wp.com\/grenoble-le-changement.fr\/wp-content\/uploads\/2025\/07\/Capture-de\u0301cran-2025-07-19-a\u0300-12.41.401.png?ssl=1\" rel=\"lightbox[83420] nofollow noopener\" target=\"_blank\"><img decoding=\"async\" data-id=\"83423\" src=\"https:\/\/i2.wp.com\/grenoble-le-changement.fr\/wp-content\/uploads\/2025\/07\/Capture-de\u0301cran-2025-07-19-a\u0300-12.41.401.png?resize=502%2C1024&amp;ssl=1\" alt=\"\" class=\"wp-image-83423 jetpack-lazy-image\" data-recalc-dims=\"1\" data-lazy-src=\"https:\/\/i2.wp.com\/grenoble-le-changement.fr\/wp-content\/uploads\/2025\/07\/Capture-de\u0301cran-2025-07-19-a\u0300-12.41.401.png?resize=502%2C1024&amp;is-pending-load=1#038;ssl=1\" \/><\/a><br \/>\nDans l&rsquo;affaire des deux policiers injustement sanctionn\u00e9s, le Dauphin\u00e9 met en exergue un d\u00e9tail, le sandwich au volant&#8230;<\/p>\n<p><strong>P. M\u00c9RIAUX (Verts\/LFI) D\u00c9NONCE DE \u00ab\u00a0FAUSSES INFORMATIONS\u00a0\u00bb, LESQUELLES ?<\/strong><\/p>\n<p style=\"text-align: justify;\">Pierre M\u00e9riaux a d&rsquo;ailleurs largement la parole dans le DL et peut s&rsquo;insurger \u00ab\u00a0contre les fausses informations que fait circuler un site proche d&rsquo;Alain Carignon\u00a0\u00bb. On ne saura pas qu&rsquo;elles sont ces \u00ab\u00a0fausses informations\u00a0\u00bb. Ce qui est regrettable. Peu importe le doute est lanc\u00e9. L&rsquo;opposition accus\u00e9e n&rsquo;aura d&rsquo;ailleurs pas la parole malgr\u00e9 les annonces d&rsquo;Alain Carignon de r\u00e9unir la commission de discipline en cas de changement de majorit\u00e9 municipale.<\/p>\n<p style=\"text-align: justify;\"><strong>UN ANCIEN ADMINISTRATEUR DU SITE \u00ab\u00a0CONDAMN\u00c9 POUR DIFFAMATION\u00a0\u00bb&#8230;<\/strong><\/p>\n<p style=\"text-align: justify;\">De plus c&rsquo;est \u00ab\u00a0le site politis\u00e9\u00a0\u00bb Grenoble le Changement qui a r\u00e9v\u00e9l\u00e9 l&rsquo;affaire reconnait le DL. Alors \u00ab\u00a0qu&rsquo;en 2021, un ancien administrateur du site avait \u00e9t\u00e9 condamn\u00e9 en appel\u00a0pour diffamation envers celui qui \u00e9tait alors directeur des relations internationales de la Ville de Grenoble.\u00a0\u00bb\u00a0<\/p>\n<p style=\"text-align: justify;\">Il n&rsquo;est pas pr\u00e9cis\u00e9 que ce directeur \u00e9tait le compagnon de Lucile Lheureux et que les conditions de son recrutement avaient \u00e9t\u00e9 soulev\u00e9es par la Chambre R\u00e9gionale des Comptes.\u00a0<\/p>\n<p style=\"text-align: justify;\"><strong>.. UN ANCIEN PDG DU DL CONDAMN\u00c9 \u00c0 DE LA PRISON AVEC SURSIS<\/strong><\/p>\n<p style=\"text-align: justify;\">On n&rsquo;a jamais lu non plus que toutes les officines de la municipalit\u00e9 et de l&rsquo;extr\u00eame gauche (de <a href=\"https:\/\/grenoble-le-changement.fr\/2025\/06\/19\/alternatiba-la-fraude-ecolo-politique-a-grenoble\/\" rel=\"nofollow noopener\" target=\"_blank\">Alternatiba \u00e0 Extinction-Rebellion<\/a> en passant par l&rsquo;ADES, le DAL et autres) diffusent des informations depuis des \u00ab\u00a0sites politis\u00e9s\u00a0\u00bb.<\/p>\n<p style=\"text-align: justify;\">Et le fait que l&rsquo;ex PDG du Dauphin\u00e9 ait \u00e9t\u00e9 condamn\u00e9 \u00e0 de la prison avec sursis en mai 2019, ne d\u00e9l\u00e9gitime pas automatiquement les informations de M. Vigny. En tout cas ce fait n&rsquo;est pas rappel\u00e9 &#8211; heureusement &#8211; chaque fois que le journal traite un dossier, alors que ce PDG n&rsquo;est plus \u00e0 sa t\u00eate.\u00a0<\/p>\n<p><img decoding=\"async\" data-id=\"82766\" src=\"https:\/\/i0.wp.com\/grenoble-le-changement.fr\/wp-content\/uploads\/2025\/06\/Capture-de\u0301cran-2025-06-22-a\u0300-10.45.23.png?w=678&amp;ssl=1\" alt=\"\" class=\"wp-image-82766 jetpack-lazy-image\" data-recalc-dims=\"1\" data-lazy-src=\"https:\/\/i0.wp.com\/grenoble-le-changement.fr\/wp-content\/uploads\/2025\/06\/Capture-de\u0301cran-2025-06-22-a\u0300-10.45.23.png?w=678&amp;is-pending-load=1#038;ssl=1\" \/><br \/>\nLa question de la \u00ab\u00a0politisation\u00a0\u00bb n&rsquo;est pos\u00e9e par le DL qu&rsquo;\u00e0 ceux qui s&rsquo;opposent \u00e0 la municipalit\u00e9 Rouge\/Verts, jamais aux autres.<\/p>\n<p><strong>UNE INVERSION DES VALEURS&#8230;<\/strong><\/p>\n<p style=\"text-align: justify;\"><a href=\"https:\/\/grenoble-le-changement.fr\/2025\/07\/16\/fusillade-et-voiture-belier-grenoble-a-nouveau-en-feu\/\" rel=\"nofollow noopener\" target=\"_blank\">Dans une ville min\u00e9e par la d\u00e9linquance<\/a> avec une police <a href=\"https:\/\/grenoble-le-changement.fr\/2024\/09\/22\/insecurite-piolle-desespere-la-police-municipale\/\" rel=\"nofollow noopener\" target=\"_blank\">municipale squelettique en effectif<\/a> (encore 5 d\u00e9parts en juin), <a href=\"https:\/\/grenoble-le-changement.fr\/2024\/11\/14\/le-maire-vert-arme-la-police-municipale-a-bordeaux\/\" rel=\"nofollow noopener\" target=\"_blank\">non arm\u00e9e,<\/a> sans PC op\u00e9rationnel, avec des consignes de ne pas intervenir dans la plupart des circonstances, de se r\u00e9fugier au bureau quand les balles sifflent dans la ville, sanctionner durement deux policiers qui ont agi par devoir et conscience pour leurs concitoyens et de mani\u00e8re proportionn\u00e9e, est symbolique d&rsquo;une inversion des valeurs.<\/p>\n<p style=\"text-align: justify;\"><strong>&#8230; ACCOMPAGN\u00c9E PAR LA CULTURE M\u00c9DIATIQUE LOCALE<\/strong><\/p>\n<p style=\"text-align: justify;\">Malheureusement, il faut bien le relever \u00e0 contre coeur, la culture m\u00e9diatique locale accompagne cette id\u00e9ologie qui fait <a href=\"https:\/\/grenoble-le-changement.fr\/2025\/07\/15\/hoche-un-acte-antisemite-grave-a-grenoble\/\" rel=\"nofollow noopener\" target=\"_blank\">tant de mal aux plus faibles d&rsquo;entre nous<\/a>. Ce qui explique pourquoi un site d&rsquo;information ind\u00e9pendant comme \u00ab\u00a0Grenoble, le Changement\u00a0\u00bb rencontre un si fort \u00e9cho quotidien. Il permet de confronter les sources et les infos, de ne pas d\u00e9pendre de la culture dominante, et de se faire, au final sa propre opinion.\u00a0<\/p>\n<p style=\"text-align: justify;\"><strong>TOUS LES PROFESSIONNELS ESTIMENT LA SANCTION \u00c0 MINIMA DISPROPORTIONN\u00c9E<\/strong><\/p>\n<p style=\"text-align: justify;\">Dans un dossier comme celui-ci, consultant des hommes aussi avis\u00e9s et exp\u00e9riment\u00e9s que Jean-Claude Borel-Garin, Contr\u00f4leur g\u00e9n\u00e9ral de la police ex-responsable du Raid ou Guillaume Josserand, ex-commandant de Police qui travaillent dans le collectif \u00ab\u00a0R\u00e9concilier Grenoble\u00a0\u00bb au c\u00f4t\u00e9 de Cl\u00e9ment Chappet sur le programme s\u00e9curitaire de l&rsquo;\u00e9quipe Carignon, tous estiment \u00e0 minima cette sanction totalement disproportionn\u00e9e.\u00a0<\/p>\n<p><a href=\"https:\/\/i0.wp.com\/grenoble-le-changement.fr\/wp-content\/uploads\/2025\/07\/Capture-de\u0301cran-2025-07-20-a\u0300-13.30.53.png?ssl=1\" rel=\"lightbox[83420] nofollow noopener\" target=\"_blank\"><img decoding=\"async\" data-id=\"83429\" src=\"https:\/\/i0.wp.com\/grenoble-le-changement.fr\/wp-content\/uploads\/2025\/07\/Capture-de\u0301cran-2025-07-20-a\u0300-13.30.53.png?resize=591%2C1024&amp;ssl=1\" alt=\"\" class=\"wp-image-83429 jetpack-lazy-image\" data-recalc-dims=\"1\" data-lazy-src=\"https:\/\/i0.wp.com\/grenoble-le-changement.fr\/wp-content\/uploads\/2025\/07\/Capture-de\u0301cran-2025-07-20-a\u0300-13.30.53.png?resize=591%2C1024&amp;is-pending-load=1#038;ssl=1\" \/><\/a><\/p>\n<p><img decoding=\"async\" data-id=\"83425\" src=\"https:\/\/i0.wp.com\/grenoble-le-changement.fr\/wp-content\/uploads\/2025\/07\/Capture-de\u0301cran-2025-07-20-a\u0300-13.25.16.png?w=678&amp;ssl=1\" alt=\"\" class=\"wp-image-83425 jetpack-lazy-image\" data-recalc-dims=\"1\" data-lazy-src=\"https:\/\/i0.wp.com\/grenoble-le-changement.fr\/wp-content\/uploads\/2025\/07\/Capture-de\u0301cran-2025-07-20-a\u0300-13.25.16.png?w=678&amp;is-pending-load=1#038;ssl=1\" \/><\/p>\n<p><img decoding=\"async\" data-id=\"83428\" src=\"https:\/\/i0.wp.com\/grenoble-le-changement.fr\/wp-content\/uploads\/2025\/07\/Capture-de\u0301cran-2025-07-20-a\u0300-13.27.11.png?w=678&amp;ssl=1\" alt=\"\" class=\"wp-image-83428 jetpack-lazy-image\" data-recalc-dims=\"1\" data-lazy-src=\"https:\/\/i0.wp.com\/grenoble-le-changement.fr\/wp-content\/uploads\/2025\/07\/Capture-de\u0301cran-2025-07-20-a\u0300-13.27.11.png?w=678&amp;is-pending-load=1#038;ssl=1\" \/><br \/>\nJean-Claude Borel-Garin, Guillaume Josserand, Thierry Aldeguer du collectif \u00ab\u00a0r\u00e9concilier Grenoble\u00a0\u00bb <\/p>\n<p><strong>T. ALDEGUER : \u00ab\u00a0ALAIN CARIGNON POURRA ABROGER LA SANCTION PAR ARR\u00caT\u00c9\u00a0\u00bb<\/strong><\/p>\n<p style=\"text-align: justify;\">Pour Thierry Aldeguer, avocat et porte parole, \u00ab\u00a0Alain Carignon Maire pourra prendre un arr\u00eat\u00e9 qui abroge la sanction et la retire du dossier des agents\u00a0\u00bb.<\/p>\n<p style=\"text-align: justify;\">Ce dossier embl\u00e9matique sera donc tranch\u00e9 <a href=\"https:\/\/grenoble-le-changement.fr\/2025\/07\/06\/berriat-le-vote-des-grenoblois-determinant-pour-le-projet-damenagement\/\" rel=\"nofollow noopener\" target=\"_blank\">comme tant d&rsquo;autres<\/a> en mars prochain. Jamais peut \u00eatre un scrutin n&rsquo;aura \u00e9t\u00e9 aussi concret. \u00c0 chaque \u00e9tape du d\u00e9bat, les Grenoblois disposent des informations leur permettant de trancher. En la mati\u00e8re veulent ils laisser \u00e0 la d\u00e9linquance <a href=\"https:\/\/grenoble-le-changement.fr\/2025\/06\/15\/linquietante-penetration-des-mafias-dans-les-organismes-publics\/\" rel=\"nofollow noopener\" target=\"_blank\">la possibilit\u00e9 d&rsquo;\u00e9largir sans fin son pouvoir<\/a>, ou veulent ils se donner les moyens de la combattre et de la limiter ?\u00a0<\/p>\n","protected":false},"excerpt":{"rendered":"Posted On 21 juillet 2025 \u00ab\u00a0Si les grenoblois nous font confiance en mars prochain, nous saisirons la commission&hellip;\n","protected":false},"author":2,"featured_media":264021,"comment_status":"","ping_status":"","sticky":false,"template":"","format":"standard","meta":{"footnotes":""},"categories":[9566],"tags":[1111,11,10127,9601,10128,2430,9603,18839,14755,33712,9607,1777,674,8199,1011,27,2731,14004,14756,10307,14757,26491,10136,40338,40339,12,16650,10140,14758,25,22045],"class_list":{"0":"post-264020","1":"post","2":"type-post","3":"status-publish","4":"format-standard","5":"has-post-thumbnail","7":"category-grenoble","8":"tag-actu","9":"tag-actualites","10":"tag-ades","11":"tag-alain-carignon","12":"tag-alternatiba","13":"tag-auvergne-rhone-alpes","14":"tag-chloe-pantel","15":"tag-christine-garnier","16":"tag-clement-chappet","17":"tag-dal","18":"tag-eric-piolle","19":"tag-eu","20":"tag-europe","21":"tag-extinction-rebellion","22":"tag-fr","23":"tag-france","24":"tag-grenoble","25":"tag-grenoblemag","26":"tag-guillaume-josserand","27":"tag-jean-benoit-vigny","28":"tag-jean-claude-borel-garin","29":"tag-laura-pfister","30":"tag-laurence-ruffin","31":"tag-lucillle-lheureux","32":"tag-luis-bertran-lopez","33":"tag-news","34":"tag-pierre-meriaux","35":"tag-raymond-avrillier","36":"tag-reconcilier-grenoble","37":"tag-republique-francaise","38":"tag-thierry-aldeguer"},"share_on_mastodon":{"url":"https:\/\/pubeurope.com\/@fr\/114892765002219913","error":""},"_links":{"self":[{"href":"https:\/\/www.europesays.com\/fr\/wp-json\/wp\/v2\/posts\/264020","targetHints":{"allow":["GET"]}}],"collection":[{"href":"https:\/\/www.europesays.com\/fr\/wp-json\/wp\/v2\/posts"}],"about":[{"href":"https:\/\/www.europesays.com\/fr\/wp-json\/wp\/v2\/types\/post"}],"author":[{"embeddable":true,"href":"https:\/\/www.europesays.com\/fr\/wp-json\/wp\/v2\/users\/2"}],"replies":[{"embeddable":true,"href":"https:\/\/www.europesays.com\/fr\/wp-json\/wp\/v2\/comments?post=264020"}],"version-history":[{"count":0,"href":"https:\/\/www.europesays.com\/fr\/wp-json\/wp\/v2\/posts\/264020\/revisions"}],"wp:featuredmedia":[{"embeddable":true,"href":"https:\/\/www.europesays.com\/fr\/wp-json\/wp\/v2\/media\/264021"}],"wp:attachment":[{"href":"https:\/\/www.europesays.com\/fr\/wp-json\/wp\/v2\/media?parent=264020"}],"wp:term":[{"taxonomy":"category","embeddable":true,"href":"https:\/\/www.europesays.com\/fr\/wp-json\/wp\/v2\/categories?post=264020"},{"taxonomy":"post_tag","embeddable":true,"href":"https:\/\/www.europesays.com\/fr\/wp-json\/wp\/v2\/tags?post=264020"}],"curies":[{"name":"wp","href":"https:\/\/api.w.org\/{rel}","templated":true}]}}