{"id":264023,"date":"2025-07-21T19:01:35","date_gmt":"2025-07-21T19:01:35","guid":{"rendered":"https:\/\/www.europesays.com\/fr\/264023\/"},"modified":"2025-07-21T19:01:35","modified_gmt":"2025-07-21T19:01:35","slug":"narcotrafic-temoins-autopsie-ce-que-lon-sait-apres-la-mort-dun-jeune-homme-poignarde-a-rennes","status":"publish","type":"post","link":"https:\/\/www.europesays.com\/fr\/264023\/","title":{"rendered":"Narcotrafic, t\u00e9moins, autopsie&#8230; Ce que l&rsquo;on sait apr\u00e8s la mort d&rsquo;un jeune homme poignard\u00e9 \u00e0 Rennes"},"content":{"rendered":"<p>            Par<br \/>\n        <strong><br \/>\n            <a href=\"https:\/\/actu.fr\/auteur\/clemence-pays02-actu-fr\" title=\"Consulter tous les articles de Cl\u00e9mence Pays\" rel=\"nofollow noopener\" target=\"_blank\">Cl\u00e9mence Pays<\/a><br \/>\n        <\/strong><\/p>\n<p>        Publi\u00e9 le<\/p>\n<p>            21 juil. 2025 \u00e0 19h05        <\/p>\n<p>Dans la soir\u00e9e du samedi 19\u00a0juillet 2025, <a href=\"https:\/\/actu.fr\/bretagne\/rennes_35238\/rennes-ils-l-ont-depose-aux-urgences-un-jeune-homme-est-mort-poignarde-sur-un-point-de-deal_62935319.html\" rel=\"nofollow noopener\" target=\"_blank\">un jeune homme \u00e2g\u00e9 de <strong>20\u00a0ans<\/strong> a \u00e9t\u00e9 mortellement poignard\u00e9 \u00e0 Rennes<\/a>. Cinq personnes avaient ensuite \u00e9t\u00e9 plac\u00e9es en garde \u00e0 vue avant d\u2019\u00eatre rel\u00e2ch\u00e9es dimanche. Ce lundi 21\u00a0juillet, Matthieu Thomas, procureur de la R\u00e9publique adjoint, apporte <strong>quelques pr\u00e9cisions<\/strong> sur les \u00e9v\u00e9nements et les r\u00e9sultats de l\u2019autopsie pratiqu\u00e9e sur la victime.<\/p>\n<p>Pas de trace de d\u00e9fense<\/p>\n<p class=\" wall-content\">Pour rappel, la victime a \u00e9t\u00e9 <strong>d\u00e9pos\u00e9e par trois personnes<\/strong> \u00e0 bord d\u2019un v\u00e9hicule, \u00ab\u2009vers 20h, \u00e0 l\u2019h\u00f4pital, pour que lui soient prodigu\u00e9s des secours, rest\u00e9s vains\u2009\u00bb, retrace le procureur adjoint.<\/p>\n<p class=\" wall-content\">Le jeune homme \u2013 n\u00e9 \u00e0 Brest et r\u00e9sidant \u00e0 Rennes \u2013 pr\u00e9sentait \u00ab\u2009une <strong>plaie grave \u00e0 l\u2019abdomen,<\/strong> semblant r\u00e9sulter de violences par arme blanche\u2009\u00bb.<\/p>\n<p class=\" wall-content\">Des premi\u00e8res constatations confirm\u00e9es par l\u2019autopsie pratiqu\u00e9e ce lundi 21\u00a0juillet, \u00ab\u2009r\u00e9v\u00e9lant une seule plaie au niveau de l\u2019abdomen, p\u00e9n\u00e9trante, ayant provoqu\u00e9 une <strong>h\u00e9morragie interne<\/strong> entra\u00eenant la mort\u2009\u00bb.<\/p>\n<blockquote class=\"ac-article-quote wall-content\">\n<p>Aucune l\u00e9sion de d\u00e9fense n\u2019a \u00e9t\u00e9 constat\u00e9e sur le corps de la victime.<\/p>\n<p>    <strong>Matthieu Thomas<\/strong><br \/>\n        Procureur de la R\u00e9publique adjoint au tribunal judiciaire de Rennes    <\/p><\/blockquote>\n<p>Deux amis de la victime se sont pr\u00e9sent\u00e9s \u00e0 l\u2019h\u00f4pital<\/p>\n<p class=\" wall-content\">Samedi soir, les trois individus ayant d\u00e9pos\u00e9 la victime \u00e0 Pontchaillou, se sont tenues \u00ab\u2009\u00e0 disposition sur place jusqu\u2019\u00e0 l\u2019arriv\u00e9e des policiers\u2009\u00bb. Ils ont ensuite \u00e9t\u00e9 <strong>plac\u00e9s en garde \u00e0 vue<\/strong> dans le cadre de \u00ab\u2009cette enqu\u00eate de flagrance criminelle\u2009\u00bb.<\/p>\n<blockquote class=\"ac-article-quote wall-content\">\n<p> Ils ont d\u00e9clar\u00e9 ne pas conna\u00eetre la victime, qu\u2019ils ont prise en charge sur la voie publique, \u00e0 sa demande, pour l\u2019emmener \u00e0 l\u2019h\u00f4pital.<\/p>\n<p>    <strong>Matthieu Thomas<\/strong><br \/>\n        Procureur de la R\u00e9publique adjoint au tribunal judiciaire de Rennes    <\/p><\/blockquote>\n<p class=\" wall-content\">Dans la soir\u00e9e, <strong>un second v\u00e9hicule<\/strong> transportant <strong>deux autres individus<\/strong> est arriv\u00e9 \u00e0 l\u2019h\u00f4pital. Ses occupants se sont pr\u00e9sent\u00e9s \u00ab\u2009comme des connaissances de la victime\u2009\u00bb.<\/p>\n<p class=\" wall-content\">Selon le procureur adjoint, \u00ab\u2009ils ont expliqu\u00e9 avoir \u00e9t\u00e9 alert\u00e9s par des tiers sur <strong>une sc\u00e8ne de violences<\/strong> survenue aux abords de la station de m\u00e9tro Cleunay (dont ils n\u2019ont pas \u00e9t\u00e9 eux-m\u00eames t\u00e9moins), lors de laquelle leur ami (avec qui ils avaient pass\u00e9 une partie de la journ\u00e9e), avait re\u00e7u des coups de couteau\u2009\u00bb.<\/p>\n<p class=\" wall-content\">Ces derniers ont \u00e9galement \u00e9t\u00e9 plac\u00e9s<strong> en garde \u00e0 vue.<\/strong><\/p>\n<p>Pas d\u2019incoh\u00e9rence dans les t\u00e9moignages<\/p>\n<p class=\" wall-content\">Selon Matthieu Thomas, les enqu\u00eateurs de la <strong>DCOS <\/strong>(Division de la criminalit\u00e9 organis\u00e9e et sp\u00e9cialis\u00e9e) de Rennes \u2013 en charge de cette enqu\u00eate \u2013 ont proc\u00e9d\u00e9 \u00e0 des recoupements entre les d\u00e9clarations des cinq individus, \u00ab\u2009qui ont communiqu\u00e9 aux enqu\u00eateurs tous les moyens de les v\u00e9rifier\u2009; <strong>sans contradiction, ni incoh\u00e9rence<\/strong> relev\u00e9es dans leurs explications, ni \u00e9l\u00e9ments d\u2019implication pouvant leur \u00eatre oppos\u00e9s\u2009\u00bb.<\/p>\n<p class=\" wall-content\">Les cinq individus ont donc \u00e9t\u00e9 <strong>remis en libert\u00e9<\/strong> dimanche midi.<\/p>\n<p>Un lien avec le narcotrafic\u2009?<\/p>\n<p class=\" wall-content\">En plus de ces interrogatoires, les enqu\u00eateurs ont engag\u00e9 \u00ab\u2009une batterie de constatations mat\u00e9rielles et techniques\u2009\u00bb.<\/p>\n<p class=\" wall-content\">Ce lundi, le procureur adjoint indique que \u00ab<strong>\u2009l\u2019hypoth\u00e8se d\u2019un r\u00e8glement de comptes<\/strong> en lien avec le narcotrafic <strong>est explor\u00e9e,<\/strong> sans que le parquet puisse communiquer plus d\u2019\u00e9l\u00e9ments compte tenu des investigations en cours\u2009\u00bb.<\/p>\n<p class=\" wall-content\">Suivez toute l\u2019actualit\u00e9 de vos villes et m\u00e9dias favoris en vous inscrivant \u00e0 <a href=\"https:\/\/moncompte.actu.fr\" title=\"D\u00e9couvez Mon Actu\" rel=\"nofollow noopener\" data-trk=\"{&quot;cta&quot;:{&quot;action&quot;:&quot;https:\\\/\\\/moncompte.actu.fr&quot;,&quot;category&quot;:&quot;mon compte&quot;,&quot;from&quot;:&quot;article footer&quot;,&quot;name&quot;:&quot;Mon actu&quot;,&quot;type&quot;:&quot;cta&quot;}}\" target=\"_blank\">Mon Actu<\/a>.<\/p>\n","protected":false},"excerpt":{"rendered":"Par Cl\u00e9mence Pays Publi\u00e9 le 21 juil. 2025 \u00e0 19h05 Dans la soir\u00e9e du samedi 19\u00a0juillet 2025, un&hellip;\n","protected":false},"author":2,"featured_media":264024,"comment_status":"","ping_status":"","sticky":false,"template":"","format":"standard","meta":{"footnotes":""},"categories":[2821],"tags":[1111,11,829,1052,1777,674,1011,27,303,12,1072,584,25,104],"class_list":{"0":"post-264023","1":"post","2":"type-post","3":"status-publish","4":"format-standard","5":"has-post-thumbnail","7":"category-rennes","8":"tag-actu","9":"tag-actualites","10":"tag-bretagne","11":"tag-drogue","12":"tag-eu","13":"tag-europe","14":"tag-fr","15":"tag-france","16":"tag-justice","17":"tag-news","18":"tag-police","19":"tag-rennes","20":"tag-republique-francaise","21":"tag-societe"},"share_on_mastodon":{"url":"https:\/\/pubeurope.com\/@fr\/114892772751888854","error":""},"_links":{"self":[{"href":"https:\/\/www.europesays.com\/fr\/wp-json\/wp\/v2\/posts\/264023","targetHints":{"allow":["GET"]}}],"collection":[{"href":"https:\/\/www.europesays.com\/fr\/wp-json\/wp\/v2\/posts"}],"about":[{"href":"https:\/\/www.europesays.com\/fr\/wp-json\/wp\/v2\/types\/post"}],"author":[{"embeddable":true,"href":"https:\/\/www.europesays.com\/fr\/wp-json\/wp\/v2\/users\/2"}],"replies":[{"embeddable":true,"href":"https:\/\/www.europesays.com\/fr\/wp-json\/wp\/v2\/comments?post=264023"}],"version-history":[{"count":0,"href":"https:\/\/www.europesays.com\/fr\/wp-json\/wp\/v2\/posts\/264023\/revisions"}],"wp:featuredmedia":[{"embeddable":true,"href":"https:\/\/www.europesays.com\/fr\/wp-json\/wp\/v2\/media\/264024"}],"wp:attachment":[{"href":"https:\/\/www.europesays.com\/fr\/wp-json\/wp\/v2\/media?parent=264023"}],"wp:term":[{"taxonomy":"category","embeddable":true,"href":"https:\/\/www.europesays.com\/fr\/wp-json\/wp\/v2\/categories?post=264023"},{"taxonomy":"post_tag","embeddable":true,"href":"https:\/\/www.europesays.com\/fr\/wp-json\/wp\/v2\/tags?post=264023"}],"curies":[{"name":"wp","href":"https:\/\/api.w.org\/{rel}","templated":true}]}}