{"id":264025,"date":"2025-07-21T19:02:11","date_gmt":"2025-07-21T19:02:11","guid":{"rendered":"https:\/\/www.europesays.com\/fr\/264025\/"},"modified":"2025-07-21T19:02:11","modified_gmt":"2025-07-21T19:02:11","slug":"strasbourg-les-premiers-lots-bientot-livres-une-nouvelle-passerelle-le-chantier-darchipel-2-suit-son-cours","status":"publish","type":"post","link":"https:\/\/www.europesays.com\/fr\/264025\/","title":{"rendered":"Strasbourg. Les premiers lots bient\u00f4t livr\u00e9s, une nouvelle passerelle\u2026 le chantier d\u2019Archipel 2 suit son cours"},"content":{"rendered":"<p>Du canal de la Marne au Rhin, c\u00f4t\u00e9 est, \u00e0 l\u2019Aar au nord, le chantier est bord\u00e9 d\u2019une verdure dont il semble faire partie int\u00e9grante. Organis\u00e9 autour de quatre volets (environnemental, \u00e9nerg\u00e9tique, social et mobilit\u00e9s), <a href=\"https:\/\/www.dna.fr\/economie\/2024\/03\/12\/le-futur-visage-d-archipel-2-devoile\" target=\"_blank\" rel=\"noopener\">le projet Archipel 2<\/a> devrait permettre d\u2019accueillir environ 1\u00a0500 nouveaux habitants dans plus de 700 logements, dont 62\u00a0% seront des logements aid\u00e9s. Pour l\u2019heure, sur les dix lots pr\u00e9vus pour 2029, cinq sont en construction voire sur le point d\u2019\u00eatre livr\u00e9s. Un projet qui se rapproche doucement de sa concr\u00e9tisation et qui nous a ouvert les portes de son chantier pour une visite point par&#8230;<\/p>\n","protected":false},"excerpt":{"rendered":"Du canal de la Marne au Rhin, c\u00f4t\u00e9 est, \u00e0 l\u2019Aar au nord, le chantier est bord\u00e9 d\u2019une&hellip;\n","protected":false},"author":2,"featured_media":264026,"comment_status":"","ping_status":"","sticky":false,"template":"","format":"standard","meta":{"footnotes":""},"categories":[2820],"tags":[1111,11,4749,4406,33,2880,1777,674,107,1011,27,775,1908,12,25,104,640,2879],"class_list":{"0":"post-264025","1":"post","2":"type-post","3":"status-publish","4":"format-standard","5":"has-post-thumbnail","7":"category-strasbourg","8":"tag-actu","9":"tag-actualites","10":"tag-btp-et-chantiers","11":"tag-commerce-et-services","12":"tag-economie","13":"tag-edition-strasbourg","14":"tag-eu","15":"tag-europe","16":"tag-fil-info","17":"tag-fr","18":"tag-france","19":"tag-grand-est","20":"tag-logement","21":"tag-news","22":"tag-republique-francaise","23":"tag-societe","24":"tag-strasbourg","25":"tag-strasbourg-ville"},"share_on_mastodon":{"url":"https:\/\/pubeurope.com\/@fr\/114892776652525814","error":""},"_links":{"self":[{"href":"https:\/\/www.europesays.com\/fr\/wp-json\/wp\/v2\/posts\/264025","targetHints":{"allow":["GET"]}}],"collection":[{"href":"https:\/\/www.europesays.com\/fr\/wp-json\/wp\/v2\/posts"}],"about":[{"href":"https:\/\/www.europesays.com\/fr\/wp-json\/wp\/v2\/types\/post"}],"author":[{"embeddable":true,"href":"https:\/\/www.europesays.com\/fr\/wp-json\/wp\/v2\/users\/2"}],"replies":[{"embeddable":true,"href":"https:\/\/www.europesays.com\/fr\/wp-json\/wp\/v2\/comments?post=264025"}],"version-history":[{"count":0,"href":"https:\/\/www.europesays.com\/fr\/wp-json\/wp\/v2\/posts\/264025\/revisions"}],"wp:featuredmedia":[{"embeddable":true,"href":"https:\/\/www.europesays.com\/fr\/wp-json\/wp\/v2\/media\/264026"}],"wp:attachment":[{"href":"https:\/\/www.europesays.com\/fr\/wp-json\/wp\/v2\/media?parent=264025"}],"wp:term":[{"taxonomy":"category","embeddable":true,"href":"https:\/\/www.europesays.com\/fr\/wp-json\/wp\/v2\/categories?post=264025"},{"taxonomy":"post_tag","embeddable":true,"href":"https:\/\/www.europesays.com\/fr\/wp-json\/wp\/v2\/tags?post=264025"}],"curies":[{"name":"wp","href":"https:\/\/api.w.org\/{rel}","templated":true}]}}