{"id":264031,"date":"2025-07-21T19:06:20","date_gmt":"2025-07-21T19:06:20","guid":{"rendered":"https:\/\/www.europesays.com\/fr\/264031\/"},"modified":"2025-07-21T19:06:20","modified_gmt":"2025-07-21T19:06:20","slug":"la-petite-ferme-fait-une-halte-a-plaisance-ce-lundi-apres-midi","status":"publish","type":"post","link":"https:\/\/www.europesays.com\/fr\/264031\/","title":{"rendered":"La Petite ferme fait une halte \u00e0 Plaisance ce lundi apr\u00e8s-midi"},"content":{"rendered":"<p>Le terrain d\u2019aventures situ\u00e9 en bas du parc de Plaisance, \u00e0 Orvault (Loire-Atlantique) a repris du service, vendredi, \u00e0 l\u2019occasion de la venue de la Petite ferme, une animation tr\u00e8s attendue des familles du quartier.<\/p>\n<p>Cette association s\u2019occupe de la m\u00e9diation animale en se rendant sur place, avec diff\u00e9rents animaux domestiques. Elle est intervenue \u00e0 l\u2019\u00e9cole du Bois-Saint-Louis, sur les espaces verts de Plaisance, de 16\u00a0h \u00e0 18\u00a0h, avec trois lapins et une agnelle de dix\u00a0jours, pour le plus grand plaisir des enfants.<\/p>\n<p><strong>Lire aussi.<\/strong> <a href=\"https:\/\/laval.maville.com\/actu\/actudet_-a-livre-la-touche-l-enseignante-specialisee-se-forme-a-la-mediation-animale-_11-6784729_actu.Htm\" target=\"_blank\" rel=\"noopener\">\u00c0 Livr\u00e9-la-Touche, l\u2019enseignante sp\u00e9cialis\u00e9e se forme \u00e0 la m\u00e9diation animale<\/a><\/p>\n<p>S\u2019apprivoiser mutuellement<\/p>\n<p>L\u2019origine du projet ?<strong> \u00ab\u00a0Nous avons d\u00e9pos\u00e9 un dossier dans le cadre d\u2019un contrat de Ville dans le quartier de Plaisance. Nous avons rencontr\u00e9 les partenaires, la municipalit\u00e9 d\u2019Orvault, de Nantes, la pr\u00e9fecture et notre projet de m\u00e9diation animale a \u00e9t\u00e9 retenu\u00a0\u00bb, <\/strong>explique Vincent, un des membres de l\u2019association. Cette derni\u00e8re se d\u00e9place dans les quartiers avec leurs animaux, grands (mouton, \u00e2ne) ou petits (poussins, lapins, coqs) pour cr\u00e9er du lien social avec les habitants, engager le dialogue avec les enfants, en leur apprenant le mode de vie des animaux.<\/p>\n<p>Ce jour-l\u00e0, les enfants ont donn\u00e9 le biberon \u00e0 Bella, une jeune agnelle de dix jours. Ils ont eu le droit de donner de la salade aux lapins et de les caresser. Certains ont d\u00fb surmonter leur peur pour caresser l\u2019agnelle, en se tenant accroupis pour ne pas l\u2019effrayer, ma\u00eetriser leurs \u00e9motions, ne pas crier. Les animaux ont m\u00eame r\u00e9ussi \u00e0 calmer la petite tribu excit\u00e9e d\u00e8s son arriv\u00e9e.<\/p>\n<p><strong>Lire aussi.<\/strong> <a href=\"https:\/\/quimper.maville.com\/actu\/actudet_-a-l-ephad-ker-lenn-de-rosporden-ces-animaux-qui-apaisent-les-personnes-agees-_6-6905594_actu.Htm\" target=\"_blank\" rel=\"noopener\">\u00c0 l\u2019Ephad Ker Lenn de Rosporden, ces animaux qui apaisent les personnes \u00e2g\u00e9es<\/a><\/p>\n<p>Discuter avec les familles<\/p>\n<p>Deux m\u00e9diateurs de la Ville \u00e9taient \u00e9galement pr\u00e9sents. Ils ont pu discuter avec les familles qu\u2019ils ne connaissaient pas encore. Lionel Audion, l\u2019adjoint d\u00e9l\u00e9gu\u00e9 \u00e0 la politique de la Ville et tranquillit\u00e9 publique, qui suit le dossier, fait le point\u00a0: <strong>\u00ab\u00a0Je suis content, nous avons de bons r\u00e9sultats\u00a0! Les enfants sont int\u00e9ress\u00e9s et se calment au contact des animaux. Pour certains, c\u2019est la premi\u00e8re fois qu\u2019ils caressent un lapin. Ils sont souvent accompagn\u00e9s de leurs parents et c\u2019est plus facile d\u2019entamer la conversation.\u00a0\u00bb<\/strong><\/p>\n<p>L\u2019\u00e9lu s\u2019occupe plus particuli\u00e8rement du quartier de Plaisance et tient, chaque semaine une permanence, assis sur un banc dans le parc. La Petite ferme sera de nouveau dans le quartier, lundi 21\u00a0juillet, de 14\u00a0h\u00a030 \u00e0 16\u00a0h, derri\u00e8re le centre socioculturel, pr\u00e8s du tramway, sur la pelouse, \u00e0 l\u2019ombre des grands arbres.<\/p>\n<p>\u00a0<\/p>\n","protected":false},"excerpt":{"rendered":"Le terrain d\u2019aventures situ\u00e9 en bas du parc de Plaisance, \u00e0 Orvault (Loire-Atlantique) a repris du service, vendredi,&hellip;\n","protected":false},"author":2,"featured_media":264032,"comment_status":"","ping_status":"","sticky":false,"template":"","format":"standard","meta":{"footnotes":""},"categories":[2818],"tags":[1111,11,31783,1777,674,21,9095,1011,27,9865,766,12,2636,2044,17073,25],"class_list":{"0":"post-264031","1":"post","2":"type-post","3":"status-publish","4":"format-standard","5":"has-post-thumbnail","7":"category-nantes","8":"tag-actu","9":"tag-actualites","10":"tag-apres-midi","11":"tag-eu","12":"tag-europe","13":"tag-fait","14":"tag-ferme","15":"tag-fr","16":"tag-france","17":"tag-lundi","18":"tag-nantes","19":"tag-news","20":"tag-pays-de-la-loire","21":"tag-petite","22":"tag-plaisance","23":"tag-republique-francaise"},"share_on_mastodon":{"url":"https:\/\/pubeurope.com\/@fr\/114892792351962166","error":""},"_links":{"self":[{"href":"https:\/\/www.europesays.com\/fr\/wp-json\/wp\/v2\/posts\/264031","targetHints":{"allow":["GET"]}}],"collection":[{"href":"https:\/\/www.europesays.com\/fr\/wp-json\/wp\/v2\/posts"}],"about":[{"href":"https:\/\/www.europesays.com\/fr\/wp-json\/wp\/v2\/types\/post"}],"author":[{"embeddable":true,"href":"https:\/\/www.europesays.com\/fr\/wp-json\/wp\/v2\/users\/2"}],"replies":[{"embeddable":true,"href":"https:\/\/www.europesays.com\/fr\/wp-json\/wp\/v2\/comments?post=264031"}],"version-history":[{"count":0,"href":"https:\/\/www.europesays.com\/fr\/wp-json\/wp\/v2\/posts\/264031\/revisions"}],"wp:featuredmedia":[{"embeddable":true,"href":"https:\/\/www.europesays.com\/fr\/wp-json\/wp\/v2\/media\/264032"}],"wp:attachment":[{"href":"https:\/\/www.europesays.com\/fr\/wp-json\/wp\/v2\/media?parent=264031"}],"wp:term":[{"taxonomy":"category","embeddable":true,"href":"https:\/\/www.europesays.com\/fr\/wp-json\/wp\/v2\/categories?post=264031"},{"taxonomy":"post_tag","embeddable":true,"href":"https:\/\/www.europesays.com\/fr\/wp-json\/wp\/v2\/tags?post=264031"}],"curies":[{"name":"wp","href":"https:\/\/api.w.org\/{rel}","templated":true}]}}