{"id":264047,"date":"2025-07-21T19:14:12","date_gmt":"2025-07-21T19:14:12","guid":{"rendered":"https:\/\/www.europesays.com\/fr\/264047\/"},"modified":"2025-07-21T19:14:12","modified_gmt":"2025-07-21T19:14:12","slug":"le-parquet-fait-appel-un-nouveau-proces-aura-lieu","status":"publish","type":"post","link":"https:\/\/www.europesays.com\/fr\/264047\/","title":{"rendered":"le parquet fait appel, un nouveau proc\u00e8s aura lieu"},"content":{"rendered":"<p>Pr\u00e8s de sept ans apr\u00e8s, le feuilleton judiciaire va se poursuivre. Un nouveau <a href=\"https:\/\/www.ledauphine.com\/faits-divers-justice\/2025\/07\/07\/proces-de-la-rue-d-aubagne-jugement-interrompu-apres-le-malaise-d-un-coproprietaire\" target=\"_blank\" rel=\"nofollow noopener\">proc\u00e8s des effondrements de la rue d&rsquo;Aubagne<\/a> \u00e0 Marseille, qui avaient caus\u00e9 la mort de huit personnes en novembre 2018, aura bien lieu apr\u00e8s que le parquet a annonc\u00e9 lundi faire appel pour 15 des 16 pr\u00e9venus de ce dossier embl\u00e9matique du fl\u00e9au de l&rsquo;habitat indigne.<\/p>\n<p>Peines inf\u00e9rieures aux r\u00e9quisitions<\/p>\n<p>Dix condamnations, dont trois \u00e0 de la prison ferme, six relaxes, et 358 000 euros d&rsquo;amende au total ont \u00e9t\u00e9 prononc\u00e9es le 7 juillet par le tribunal correctionnel de Marseille, des peines globalement inf\u00e9rieures aux r\u00e9quisitions du parquet.<\/p>\n<p>Ce dernier a pr\u00e9cis\u00e9 lundi faire notamment appel des peines prononc\u00e9es \u00e0 l&rsquo;encontre des deux principaux pr\u00e9venus renvoy\u00e9s devant le tribunal apr\u00e8s l&rsquo;instruction, l&rsquo;expert-architecte Richard Carta, reconnu coupable de \u00ab faute caract\u00e9ris\u00e9e \u00bb pour avoir b\u00e2cl\u00e9 une visite de l&rsquo;immeuble quelques jours avant le drame, et l&rsquo;ex-adjoint au maire Julien Ruas, alors charg\u00e9 du logement insalubre.<\/p>\n<p>Tous deux ont \u00e9t\u00e9 condamn\u00e9s \u00e0 deux ans de prison avec sursis ainsi qu&rsquo;\u00e0 une interdiction d\u00e9finitive d&rsquo;exercer la profession d&rsquo;expert en mati\u00e8re d&rsquo;architecture pour le premier et une interdiction d&rsquo;exercer une fonction publique pendant cinq ans pour le second.<\/p>\n<p>Le bailleur social vis\u00e9\u00a0<\/p>\n<p>L&rsquo;appel du parquet vise \u00e9galement le bailleur social Marseille Habitat, qui d\u00e9tenait le num\u00e9ro 63 de la rue d&rsquo;Aubagne, son ex-directeur g\u00e9n\u00e9ral, et trois copropri\u00e9taires du num\u00e9ro 65, le seul immeuble habit\u00e9 lors du drame. Tous ont \u00e9t\u00e9 relax\u00e9s en premi\u00e8re instance.<\/p>\n<p>Le parquet fait \u00e9galement appel des peines les plus lourdes, celles prononc\u00e9es \u00e0 l&rsquo;encontre de Xavier Cachard, copropri\u00e9taire et avocat du syndic, et de Gilbert Ardilly, propri\u00e9taire du logement o\u00f9 vivait un enfant comorien de 8 ans dont la m\u00e8re est d\u00e9c\u00e9d\u00e9e dans le drame.<\/p>\n<p>Ils ont tous deux \u00e9t\u00e9 condamn\u00e9s \u00e0 quatre ans de prison dont deux ferme, \u00e0 effectuer sous bracelet \u00e9lectronique. Leurs soci\u00e9t\u00e9s immobili\u00e8re respectives, jug\u00e9es en tant que personnes morales, sont \u00e9galement vis\u00e9es par cet appel, de m\u00eame que le fils et l&rsquo;\u00e9pouse de Gilbert Ardilly, condamn\u00e9s \u00e0 respectivement trois ans de prison dont un an ferme sous bracelet \u00e9lectronique et trois ans de prison avec sursis.<\/p>\n<p>Deux pr\u00e9venus avaient annonc\u00e9 faire appel<\/p>\n<p>Le parquet fait enfin appel des condamnations du cabinet Liautard, syndic du num\u00e9ro 65 depuis plus de dix ans, et de son ancien gestionnaire, Jean-Fran\u00e7ois Valentin.<\/p>\n<p>Le syndic a \u00e9cop\u00e9 d&rsquo;une amende de 100 000 euros et de l&rsquo;interdiction d\u00e9finitive d&rsquo;exercer son activit\u00e9 professionnelle. Son ex-gestionnaire a lui \u00e9t\u00e9 condamn\u00e9 \u00e0 trois ans de prison avec sursis et 8 000 euros d&rsquo;amende, ainsi qu&rsquo;\u00e0 la m\u00eame interdiction professionnelle.<\/p>\n<p>L&rsquo;ex-directeur technique de Marseille Habitat, qui a \u00e9t\u00e9 relax\u00e9, est le seul pour lequel le parquet n&rsquo;a pas fait appel. Il ne sera donc pas rejug\u00e9. A l&rsquo;issue du jugement, seuls deux pr\u00e9venus, Julien Ruas et Xavier Cachard, avaient annonc\u00e9 vouloir faire appel.<\/p>\n","protected":false},"excerpt":{"rendered":"Pr\u00e8s de sept ans apr\u00e8s, le feuilleton judiciaire va se poursuivre. Un nouveau proc\u00e8s des effondrements de la&hellip;\n","protected":false},"author":2,"featured_media":264048,"comment_status":"","ping_status":"","sticky":false,"template":"","format":"standard","meta":{"footnotes":""},"categories":[2814],"tags":[1111,11,271,272,33,1777,674,274,107,1011,27,329,884,12,882,25,801],"class_list":{"0":"post-264047","1":"post","2":"type-post","3":"status-publish","4":"format-standard","5":"has-post-thumbnail","7":"category-marseille","8":"tag-actu","9":"tag-actualites","10":"tag-crime","11":"tag-delit-et-contravention","12":"tag-economie","13":"tag-eu","14":"tag-europe","15":"tag-faits-divers-justice","16":"tag-fil-info","17":"tag-fr","18":"tag-france","19":"tag-france-monde","20":"tag-marseille","21":"tag-news","22":"tag-provence-alpes-cote-dazur","23":"tag-republique-francaise","24":"tag-social"},"share_on_mastodon":{"url":"https:\/\/pubeurope.com\/@fr\/114892823867793426","error":""},"_links":{"self":[{"href":"https:\/\/www.europesays.com\/fr\/wp-json\/wp\/v2\/posts\/264047","targetHints":{"allow":["GET"]}}],"collection":[{"href":"https:\/\/www.europesays.com\/fr\/wp-json\/wp\/v2\/posts"}],"about":[{"href":"https:\/\/www.europesays.com\/fr\/wp-json\/wp\/v2\/types\/post"}],"author":[{"embeddable":true,"href":"https:\/\/www.europesays.com\/fr\/wp-json\/wp\/v2\/users\/2"}],"replies":[{"embeddable":true,"href":"https:\/\/www.europesays.com\/fr\/wp-json\/wp\/v2\/comments?post=264047"}],"version-history":[{"count":0,"href":"https:\/\/www.europesays.com\/fr\/wp-json\/wp\/v2\/posts\/264047\/revisions"}],"wp:featuredmedia":[{"embeddable":true,"href":"https:\/\/www.europesays.com\/fr\/wp-json\/wp\/v2\/media\/264048"}],"wp:attachment":[{"href":"https:\/\/www.europesays.com\/fr\/wp-json\/wp\/v2\/media?parent=264047"}],"wp:term":[{"taxonomy":"category","embeddable":true,"href":"https:\/\/www.europesays.com\/fr\/wp-json\/wp\/v2\/categories?post=264047"},{"taxonomy":"post_tag","embeddable":true,"href":"https:\/\/www.europesays.com\/fr\/wp-json\/wp\/v2\/tags?post=264047"}],"curies":[{"name":"wp","href":"https:\/\/api.w.org\/{rel}","templated":true}]}}