{"id":264049,"date":"2025-07-21T19:15:10","date_gmt":"2025-07-21T19:15:10","guid":{"rendered":"https:\/\/www.europesays.com\/fr\/264049\/"},"modified":"2025-07-21T19:15:10","modified_gmt":"2025-07-21T19:15:10","slug":"150-candidats-se-jettent-a-leau-pour-la-premiere-piscine-de-lecole-42-marseille","status":"publish","type":"post","link":"https:\/\/www.europesays.com\/fr\/264049\/","title":{"rendered":"150 candidats se jettent \u00e0 l&rsquo;eau pour la premi\u00e8re \u00ab\u00a0piscine\u00a0\u00bb de l&rsquo;\u00c9cole 42 Marseille"},"content":{"rendered":"<p>Ils \u00e9taient 150 candidats aux parcours vari\u00e9s, de 17 \u00e0 61\u00a0ans, \u00e0 pousser ce lundi matin les portes de Grand Central, dans le centre-ville marseillais pour participer \u00e0 la premi\u00e8re des trois \u00ab\u00a0piscines\u00a0\u00bb pr\u00e9vues avant <a href=\"https:\/\/www.laprovence.com\/article\/economie\/13588394673414\/numerique-pour-tous-lecole-42-sinstalle-a-marseille-et-casse-les-codes\" target=\"_blank\" rel=\"nofollow noopener\">la rentr\u00e9e officielle de l\u2019\u00c9cole 42<\/a>. Il s\u2019agit de sessions immersives et intensives organis\u00e9es cet l\u2019\u00e9t\u00e9. \u00c0 l\u2019issue de ces trois \u00ab\u00a0piscines\u00a0\u00bb, 150\u00a0apprenants seront s\u00e9lectionn\u00e9s pour int\u00e9grer la premi\u00e8re promotion, d\u00e9but novembre.<\/p>\n<p><a href=\"https:\/\/www.laprovence.com\/article\/region\/16799871517456\/avec-tangram-cma-cgm-veut-former-les-talents-de-demain-a-marseille\" target=\"_blank\" rel=\"nofollow noopener\">Ce projet est port\u00e9 par le groupe marseillais CMA CGM<\/a> (propri\u00e9taire de La Provence) qui a d\u00e9j\u00e0 ouvert avec succ\u00e8s une structure de ce type \u00e0 Beyrouth, au Liban. Pendant quatre semaines, ces aspirants d\u00e9veloppeurs vont plonger dans un apprentissage intensif et collaboratif, o\u00f9 la solidarit\u00e9 est la cl\u00e9 de la r\u00e9ussite.<\/p>\n","protected":false},"excerpt":{"rendered":"Ils \u00e9taient 150 candidats aux parcours vari\u00e9s, de 17 \u00e0 61\u00a0ans, \u00e0 pousser ce lundi matin les portes&hellip;\n","protected":false},"author":2,"featured_media":264050,"comment_status":"","ping_status":"","sticky":false,"template":"","format":"standard","meta":{"footnotes":""},"categories":[2814],"tags":[6540,17,1111,11,427,33,1777,674,1011,27,27244,21443,884,12,5922,471,3051,882,25],"class_list":{"0":"post-264049","1":"post","2":"type-post","3":"status-publish","4":"format-standard","5":"has-post-thumbnail","7":"category-marseille","8":"tag-6540","9":"tag-17","10":"tag-actu","11":"tag-actualites","12":"tag-candidats","13":"tag-economie","14":"tag-eu","15":"tag-europe","16":"tag-fr","17":"tag-france","18":"tag-jettent","19":"tag-leau","20":"tag-marseille","21":"tag-news","22":"tag-piscine","23":"tag-pour","24":"tag-premiere","25":"tag-provence-alpes-cote-dazur","26":"tag-republique-francaise"},"share_on_mastodon":{"url":"https:\/\/pubeurope.com\/@fr\/114892827721428003","error":""},"_links":{"self":[{"href":"https:\/\/www.europesays.com\/fr\/wp-json\/wp\/v2\/posts\/264049","targetHints":{"allow":["GET"]}}],"collection":[{"href":"https:\/\/www.europesays.com\/fr\/wp-json\/wp\/v2\/posts"}],"about":[{"href":"https:\/\/www.europesays.com\/fr\/wp-json\/wp\/v2\/types\/post"}],"author":[{"embeddable":true,"href":"https:\/\/www.europesays.com\/fr\/wp-json\/wp\/v2\/users\/2"}],"replies":[{"embeddable":true,"href":"https:\/\/www.europesays.com\/fr\/wp-json\/wp\/v2\/comments?post=264049"}],"version-history":[{"count":0,"href":"https:\/\/www.europesays.com\/fr\/wp-json\/wp\/v2\/posts\/264049\/revisions"}],"wp:featuredmedia":[{"embeddable":true,"href":"https:\/\/www.europesays.com\/fr\/wp-json\/wp\/v2\/media\/264050"}],"wp:attachment":[{"href":"https:\/\/www.europesays.com\/fr\/wp-json\/wp\/v2\/media?parent=264049"}],"wp:term":[{"taxonomy":"category","embeddable":true,"href":"https:\/\/www.europesays.com\/fr\/wp-json\/wp\/v2\/categories?post=264049"},{"taxonomy":"post_tag","embeddable":true,"href":"https:\/\/www.europesays.com\/fr\/wp-json\/wp\/v2\/tags?post=264049"}],"curies":[{"name":"wp","href":"https:\/\/api.w.org\/{rel}","templated":true}]}}