{"id":264053,"date":"2025-07-21T19:17:11","date_gmt":"2025-07-21T19:17:11","guid":{"rendered":"https:\/\/www.europesays.com\/fr\/264053\/"},"modified":"2025-07-21T19:17:11","modified_gmt":"2025-07-21T19:17:11","slug":"societe-festival-de-linclusion-competitions-sportives-cest-quoi-les-eurogames-qui-debarquent-a-lyon","status":"publish","type":"post","link":"https:\/\/www.europesays.com\/fr\/264053\/","title":{"rendered":"Soci\u00e9t\u00e9. Festival de l\u2019inclusion, comp\u00e9titions sportives\u2026 C\u2019est quoi les EuroGames qui d\u00e9barquent \u00e0 Lyon\u00a0?"},"content":{"rendered":"<p class=\"insetTitle\">Les EuroGames en chiffre<\/p>\n<p> \u25b6 \u20025\u00a0500 athl\u00e8tes sont attendus sur les diff\u00e9rentes comp\u00e9titions sportives, tous niveaux confondus, de 18 \u00e0 82 ans.<\/p>\n<p> \u25b6 \u200254 pays sont repr\u00e9sent\u00e9s lors des EuroGames. Le gros contingent est la France (40\u00a0% des participants). Si la comp\u00e9tition est principalement tourn\u00e9e vers l\u2019Europe, des athl\u00e8tes venus des \u00c9tats-Unis, du Br\u00e9sil, d\u2019Australie ou encore du Bangladesh s\u2019aligneront sur les \u00e9preuves sportives.<\/p>\n<p> \u25b6 \u200236 sports sont au programme dont six en d\u00e9monstration. Le plus demand\u00e9 a \u00e9t\u00e9 football (807 inscrits), suivi par le volley (739) et le running (698).<\/p>\n<p> \u25b6 \u200247 sites accueilleront les comp\u00e9titions dans toute la M\u00e9tropole de Lyon. Pour en faire un \u00e9v\u00e9nement \u00e9coresponsable, tous sont accessibles en transport en commun.<\/p>\n<p> \u25b6 \u20021,4\u00a0million d\u2019euros ont \u00e9t\u00e9 investis pour les EuroGames. Les fonds proviennent de la participation des athl\u00e8tes (80\u00a0euros en moyenne), des partenaires publics et priv\u00e9s ainsi que du m\u00e9c\u00e9nat.<\/p>\n<p> \u25b6 \u20021\u00a0100 b\u00e9n\u00e9voles de France, d\u2019Europe et m\u00eame de Ta\u00efwan veilleront au bon d\u00e9roulement de l\u2019\u00e9v\u00e9nement. Aucun salari\u00e9 ne travaille pour l\u2019\u00e9v\u00e9nement.<\/p>\n<p> \u25b6 \u200210\u00a0000 visiteurs sont attendus sur les trois jours. 1\u00a0500 spectateurs devraient se masser le samedi \u00e0 Gerland, le plus important site des EuroGames, o\u00f9 se d\u00e9roulent huit comp\u00e9titions.<\/p>\n","protected":false},"excerpt":{"rendered":"Les EuroGames en chiffre \u25b6 \u20025\u00a0500 athl\u00e8tes sont attendus sur les diff\u00e9rentes comp\u00e9titions sportives, tous niveaux confondus, de&hellip;\n","protected":false},"author":2,"featured_media":264054,"comment_status":"","ping_status":"","sticky":false,"template":"","format":"standard","meta":{"footnotes":""},"categories":[1889],"tags":[1111,11,2430,6211,1687,2757,1777,674,3326,107,1011,27,8471,2428,2756,12,5486,4043,25,2429,953,3140,517],"class_list":{"0":"post-264053","1":"post","2":"type-post","3":"status-publish","4":"format-standard","5":"has-post-thumbnail","7":"category-lyon","8":"tag-actu","9":"tag-actualites","10":"tag-auvergne-rhone-alpes","11":"tag-conference","12":"tag-culture-loisirs","13":"tag-edition-lyon-villeurbanne","14":"tag-eu","15":"tag-europe","16":"tag-fete-locale","17":"tag-fil-info","18":"tag-fr","19":"tag-france","20":"tag-handisport","21":"tag-lyon","22":"tag-lyon-bassin","23":"tag-news","24":"tag-rencontre","25":"tag-repas-et-the-dansant","26":"tag-republique-francaise","27":"tag-rhone","28":"tag-soiree","29":"tag-spectacle","30":"tag-sport"},"share_on_mastodon":{"url":"https:\/\/pubeurope.com\/@fr\/114892835549642753","error":""},"_links":{"self":[{"href":"https:\/\/www.europesays.com\/fr\/wp-json\/wp\/v2\/posts\/264053","targetHints":{"allow":["GET"]}}],"collection":[{"href":"https:\/\/www.europesays.com\/fr\/wp-json\/wp\/v2\/posts"}],"about":[{"href":"https:\/\/www.europesays.com\/fr\/wp-json\/wp\/v2\/types\/post"}],"author":[{"embeddable":true,"href":"https:\/\/www.europesays.com\/fr\/wp-json\/wp\/v2\/users\/2"}],"replies":[{"embeddable":true,"href":"https:\/\/www.europesays.com\/fr\/wp-json\/wp\/v2\/comments?post=264053"}],"version-history":[{"count":0,"href":"https:\/\/www.europesays.com\/fr\/wp-json\/wp\/v2\/posts\/264053\/revisions"}],"wp:featuredmedia":[{"embeddable":true,"href":"https:\/\/www.europesays.com\/fr\/wp-json\/wp\/v2\/media\/264054"}],"wp:attachment":[{"href":"https:\/\/www.europesays.com\/fr\/wp-json\/wp\/v2\/media?parent=264053"}],"wp:term":[{"taxonomy":"category","embeddable":true,"href":"https:\/\/www.europesays.com\/fr\/wp-json\/wp\/v2\/categories?post=264053"},{"taxonomy":"post_tag","embeddable":true,"href":"https:\/\/www.europesays.com\/fr\/wp-json\/wp\/v2\/tags?post=264053"}],"curies":[{"name":"wp","href":"https:\/\/api.w.org\/{rel}","templated":true}]}}