{"id":264057,"date":"2025-07-21T19:20:14","date_gmt":"2025-07-21T19:20:14","guid":{"rendered":"https:\/\/www.europesays.com\/fr\/264057\/"},"modified":"2025-07-21T19:20:14","modified_gmt":"2025-07-21T19:20:14","slug":"lacteur-malcolm-jamal-warner-meurt-noye-au-costa-rica-a-54-ans","status":"publish","type":"post","link":"https:\/\/www.europesays.com\/fr\/264057\/","title":{"rendered":"L\u2019acteur Malcolm-Jamal Warner meurt noy\u00e9 au Costa Rica \u00e0 54\u00a0ans"},"content":{"rendered":"<p class=\"paragraph text_align_left lp-f-body-02\">Emport\u00e9 par le courant, il s\u2019est noy\u00e9. L\u2019acteur Malcolm-Jamal Warner est d\u00e9c\u00e9d\u00e9 ce dimanche 20 juillet \u00e0 l\u2019\u00e2ge de 54 ans des suites d\u2019une noyade, rapporte ce lundi la presse am\u00e9ricaine. Il avait notamment jou\u00e9 dans la sitcom \u00ab The Cosby Show \u00bb, dans le r\u00f4le de Theo Huxtable.<\/p>\n<p class=\"paragraph text_align_left lp-f-body-02\">L\u2019acteur s\u2019est noy\u00e9 au large des c\u00f4tes du Costa Rica dimanche, apr\u00e8s avoir \u00e9t\u00e9 emport\u00e9 par un fort courant, a annonc\u00e9 la police costaricienne \u00e0 <a href=\"https:\/\/abcnews.go.com\/US\/malcolm-jamal-warner-former-cosby-show-star-dead\/story?id=123932998\" target=\"_blank\" rel=\"noreferrer nofollow noopener\">ABC News<\/a>.<\/p>\n<p class=\"paragraph text_align_left lp-f-body-02\">Malcolm-Jamal Warner est surtout connu pour son r\u00f4le dans \u00ab The Cosby Show \u00bb, r\u00f4le qu\u2019il a assum\u00e9 pendant les huit saisons de la s\u00e9rie. L\u2019acteur a m\u00eame re\u00e7u une nomination aux Emmy Awards, rappelle ABC News. Les t\u00e9l\u00e9spectateurs ont \u00e9galement pu le voir dans \u00ab Malcolm &amp; Eddie \u00bb ou encore dans \u00ab Reed Between the Lines \u00bb.<\/p>\n<p class=\"paragraph text_align_left lp-f-body-02\">R\u00e9cemment, il jouait dans la s\u00e9rie m\u00e9dicale \u00ab The Resident \u00bb, diffus\u00e9 en France sur TF1.<\/p>\n<p class=\"paragraph text_align_left lp-f-body-02\">L\u2019acteur a \u00e9galement port\u00e9 des r\u00f4les secondaires. On a ainsi pu le voir dans \u00ab Sons of Anarchy \u00bb, \u00ab American Horror Story \u00bb, \u00ab American Crime Story \u00bb, \u00ab Suits \u00bb ou encore \u00ab Sneaky Pete \u00bb.<\/p>\n","protected":false},"excerpt":{"rendered":"Emport\u00e9 par le courant, il s\u2019est noy\u00e9. L\u2019acteur Malcolm-Jamal Warner est d\u00e9c\u00e9d\u00e9 ce dimanche 20 juillet \u00e0 l\u2019\u00e2ge&hellip;\n","protected":false},"author":2,"featured_media":264058,"comment_status":"","ping_status":"","sticky":false,"template":"","format":"standard","meta":{"footnotes":""},"categories":[1888],"tags":[1111,1928,11,1927,872,1777,674,1011,27,12,1926,626,1925,25],"class_list":{"0":"post-264057","1":"post","2":"type-post","3":"status-publish","4":"format-standard","5":"has-post-thumbnail","7":"category-paris","8":"tag-actu","9":"tag-actu-paris","10":"tag-actualites","11":"tag-actualites-paris","12":"tag-culture-et-loisirs","13":"tag-eu","14":"tag-europe","15":"tag-fr","16":"tag-france","17":"tag-news","18":"tag-news-paris","19":"tag-paris","20":"tag-paris-news","21":"tag-republique-francaise"},"share_on_mastodon":{"url":"https:\/\/pubeurope.com\/@fr\/114892847564204368","error":""},"_links":{"self":[{"href":"https:\/\/www.europesays.com\/fr\/wp-json\/wp\/v2\/posts\/264057","targetHints":{"allow":["GET"]}}],"collection":[{"href":"https:\/\/www.europesays.com\/fr\/wp-json\/wp\/v2\/posts"}],"about":[{"href":"https:\/\/www.europesays.com\/fr\/wp-json\/wp\/v2\/types\/post"}],"author":[{"embeddable":true,"href":"https:\/\/www.europesays.com\/fr\/wp-json\/wp\/v2\/users\/2"}],"replies":[{"embeddable":true,"href":"https:\/\/www.europesays.com\/fr\/wp-json\/wp\/v2\/comments?post=264057"}],"version-history":[{"count":0,"href":"https:\/\/www.europesays.com\/fr\/wp-json\/wp\/v2\/posts\/264057\/revisions"}],"wp:featuredmedia":[{"embeddable":true,"href":"https:\/\/www.europesays.com\/fr\/wp-json\/wp\/v2\/media\/264058"}],"wp:attachment":[{"href":"https:\/\/www.europesays.com\/fr\/wp-json\/wp\/v2\/media?parent=264057"}],"wp:term":[{"taxonomy":"category","embeddable":true,"href":"https:\/\/www.europesays.com\/fr\/wp-json\/wp\/v2\/categories?post=264057"},{"taxonomy":"post_tag","embeddable":true,"href":"https:\/\/www.europesays.com\/fr\/wp-json\/wp\/v2\/tags?post=264057"}],"curies":[{"name":"wp","href":"https:\/\/api.w.org\/{rel}","templated":true}]}}