{"id":264059,"date":"2025-07-21T19:21:12","date_gmt":"2025-07-21T19:21:12","guid":{"rendered":"https:\/\/www.europesays.com\/fr\/264059\/"},"modified":"2025-07-21T19:21:12","modified_gmt":"2025-07-21T19:21:12","slug":"le-point-sur-la-mort-dun-garconnet-de-3-ans-ecrase-par-un-camion-poubelle-a-paris","status":"publish","type":"post","link":"https:\/\/www.europesays.com\/fr\/264059\/","title":{"rendered":"Le point sur la mort d\u2019un gar\u00e7onnet de 3 ans \u00e9cras\u00e9 par un camion poubelle \u00e0 Paris"},"content":{"rendered":"<p><strong>Drame &#8211; Un enfant de 3 ans est d\u00e9c\u00e9d\u00e9 dimanche soir \u00e0 l\u2019h\u00f4pital Robert Debr\u00e9 apr\u00e8s avoir \u00e9t\u00e9 percut\u00e9 par un camion poubelle<\/strong><\/p>\n<p>Dimanche, un enfant de 3 ans a perdu la vie apr\u00e8s avoir \u00e9t\u00e9 percut\u00e9 par un <a href=\"https:\/\/www.20minutes.fr\/dossier\/camion?at_medium=RSS%20feed&amp;at_campaign=ynews&amp;utm_source=yahoo&amp;utm_medium=rss&amp;utm_campaign=news_feed&amp;utm_content=in_article_link\" rel=\"nofollow noopener\" target=\"_blank\" data-ylk=\"slk:camion;elm:context_link;itc:0;sec:content-canvas\" class=\"link \">camion <\/a>poubelle dans le 12e arrondissement de <a href=\"https:\/\/www.20minutes.fr\/paris\/?at_medium=RSS%20feed&amp;at_campaign=ynews&amp;utm_source=yahoo&amp;utm_medium=rss&amp;utm_campaign=news_feed&amp;utm_content=in_article_link\" rel=\"nofollow noopener\" target=\"_blank\" data-ylk=\"slk:Paris;elm:context_link;itc:0;sec:content-canvas\" class=\"link \">Paris<\/a>. Transport\u00e9 \u00e0 l\u2019h\u00f4pital Robert Debr\u00e9, il est d\u00e9c\u00e9d\u00e9 dans la soir\u00e9e de dimanche, rapporte <a href=\"https:\/\/www.leparisien.fr\/paris-75\/paris-lenfant-de-trois-ans-grievement-blesse-apres-avoir-ete-ecrase-par-un-camion-poubelle-est-mort-21-07-2025-U7XVGFXLIJGGXDA6HZYKZEHFPA.php?at_medium=RSS%20feed&amp;at_campaign=ynews&amp;utm_source=yahoo&amp;utm_medium=rss&amp;utm_campaign=news_feed&amp;utm_content=in_article_link\" rel=\"nofollow noopener\" target=\"_blank\" data-ylk=\"slk:Le Parisien;elm:context_link;itc:0;sec:content-canvas\" class=\"link \">Le Parisien<\/a>.<\/p>\n<p>Les circonstances de l\u2019accident<\/p>\n<p>Le drame a eu lieu dimanche, peu apr\u00e8s 18h30, rue Claude-Decaen, dans le 12e arrondissement de Paris. C\u2019est sa tante qui en avait la charge ce jour-l\u00e0. Selon des t\u00e9moignages recueillis par Le Parisien, l\u2019enfant aurait d\u00e9boul\u00e9 en trottinette. Il a \u00e9t\u00e9 happ\u00e9 et renvers\u00e9 par un camion poubelle. Le conducteur n\u2019aurait pas eu le temps de freiner.<\/p>\n<p>Tentative d\u2019intervention<\/p>\n<p>Les secours ont tent\u00e9 d\u2019extraire l\u2019enfant, dont le pied \u00e9tait coinc\u00e9 sous une roue du v\u00e9hicule, pendant une heure et demie. Le camion a d\u00fb \u00eatre lev\u00e9 pour d\u00e9gager la victime, qui est rest\u00e9e consciente avant d\u2019\u00eatre transf\u00e9r\u00e9e en urgence absolue \u00e0 l\u2019h\u00f4pital. Malgr\u00e9 tout, il a succomb\u00e9 \u00e0 ses blessures.<\/p>\n<p>Ouverture d\u2019une enqu\u00eate<\/p>\n<p>Le <a href=\"https:\/\/www.20minutes.fr\/dossier\/parquet_de_paris?at_medium=RSS%20feed&amp;at_campaign=ynews&amp;utm_source=yahoo&amp;utm_medium=rss&amp;utm_campaign=news_feed&amp;utm_content=in_article_link\" rel=\"nofollow noopener\" target=\"_blank\" data-ylk=\"slk:parquet de Paris;elm:context_link;itc:0;sec:content-canvas\" class=\"link \">parquet de Paris<\/a> indique qu\u2019une enqu\u00eate pour homicide involontaire par conducteur est en cours. Le conducteur du camion a \u00e9t\u00e9 plac\u00e9 en garde \u00e0 vue. Les d\u00e9pistages d\u2019alcool et de stup\u00e9fiants se sont r\u00e9v\u00e9l\u00e9s n\u00e9gatifs.<\/p>\n<p><a href=\"https:\/\/www.20minutes.fr\/faits_divers\/faits-divers-paris\/4164707-20250721-point-mort-garconnet-3-ans-ecrase-camion-poubelle-paris?at_medium=RSS%20feed&amp;at_campaign=ynews&amp;utm_source=yahoo&amp;utm_medium=rss&amp;utm_campaign=news_feed&amp;utm_content=read_more_link\" rel=\"nofollow noopener\" target=\"_blank\" data-ylk=\"slk:Lire la suite sur 20minutes;elm:context_link;itc:0;sec:content-canvas\" class=\"link \">Lire la suite sur 20minutes<\/a><\/p>\n<p>\u00c0 lire aussi :<br \/><a href=\"https:\/\/www.20minutes.fr\/faits_divers\/4164570-20250721-paris-enfant-trois-ans-percute-camion-poubelle-pied-ecrase?at_medium=RSS%20feed&amp;at_campaign=ynews&amp;utm_source=yahoo&amp;utm_medium=rss&amp;utm_campaign=news_feed&amp;utm_content=related_content_link\" rel=\"nofollow noopener\" target=\"_blank\" data-ylk=\"slk:Paris : L&#039;enfant de 3 ans \u00e9cras\u00e9 par un camion poubelle est d\u00e9c\u00e9d\u00e9;elm:context_link;itc:0;sec:content-canvas\" class=\"link \">Paris : L&rsquo;enfant de 3 ans \u00e9cras\u00e9 par un camion poubelle est d\u00e9c\u00e9d\u00e9<\/a><br \/><a href=\"https:\/\/www.20minutes.fr\/societe\/4155987-20250529-oise-sous-emprise-stupefiants-conductrice-camion-benne-deliberement-ecrase-femme-43-ans?at_medium=RSS%20feed&amp;at_campaign=ynews&amp;utm_source=yahoo&amp;utm_medium=rss&amp;utm_campaign=news_feed&amp;utm_content=related_content_link\" rel=\"nofollow noopener\" target=\"_blank\" data-ylk=\"slk:Oise : Sous emprise de stup\u00e9fiants, la conductrice d\u2019un camion-benne aurait d\u00e9lib\u00e9r\u00e9ment \u00e9cras\u00e9 une femme de 43 ans;elm:context_link;itc:0;sec:content-canvas\" class=\"link \">Oise : Sous emprise de stup\u00e9fiants, la conductrice d\u2019un camion-benne aurait d\u00e9lib\u00e9r\u00e9ment \u00e9cras\u00e9 une femme de 43 ans<\/a><\/p>\n","protected":false},"excerpt":{"rendered":"Drame &#8211; Un enfant de 3 ans est d\u00e9c\u00e9d\u00e9 dimanche soir \u00e0 l\u2019h\u00f4pital Robert Debr\u00e9 apr\u00e8s avoir \u00e9t\u00e9&hellip;\n","protected":false},"author":2,"featured_media":264060,"comment_status":"","ping_status":"","sticky":false,"template":"","format":"standard","meta":{"footnotes":""},"categories":[1888],"tags":[36708,1111,1928,11,1927,1764,40300,1777,674,1011,27,3372,5553,12,1926,626,1925,25],"class_list":{"0":"post-264059","1":"post","2":"type-post","3":"status-publish","4":"format-standard","5":"has-post-thumbnail","7":"category-paris","8":"tag-12e-arrondissement-de-paris","9":"tag-actu","10":"tag-actu-paris","11":"tag-actualites","12":"tag-actualites-paris","13":"tag-ans","14":"tag-camion-poubelle","15":"tag-eu","16":"tag-europe","17":"tag-fr","18":"tag-france","19":"tag-lenfant","20":"tag-le-parisien","21":"tag-news","22":"tag-news-paris","23":"tag-paris","24":"tag-paris-news","25":"tag-republique-francaise"},"share_on_mastodon":{"url":"https:\/\/pubeurope.com\/@fr\/114892851355722509","error":""},"_links":{"self":[{"href":"https:\/\/www.europesays.com\/fr\/wp-json\/wp\/v2\/posts\/264059","targetHints":{"allow":["GET"]}}],"collection":[{"href":"https:\/\/www.europesays.com\/fr\/wp-json\/wp\/v2\/posts"}],"about":[{"href":"https:\/\/www.europesays.com\/fr\/wp-json\/wp\/v2\/types\/post"}],"author":[{"embeddable":true,"href":"https:\/\/www.europesays.com\/fr\/wp-json\/wp\/v2\/users\/2"}],"replies":[{"embeddable":true,"href":"https:\/\/www.europesays.com\/fr\/wp-json\/wp\/v2\/comments?post=264059"}],"version-history":[{"count":0,"href":"https:\/\/www.europesays.com\/fr\/wp-json\/wp\/v2\/posts\/264059\/revisions"}],"wp:featuredmedia":[{"embeddable":true,"href":"https:\/\/www.europesays.com\/fr\/wp-json\/wp\/v2\/media\/264060"}],"wp:attachment":[{"href":"https:\/\/www.europesays.com\/fr\/wp-json\/wp\/v2\/media?parent=264059"}],"wp:term":[{"taxonomy":"category","embeddable":true,"href":"https:\/\/www.europesays.com\/fr\/wp-json\/wp\/v2\/categories?post=264059"},{"taxonomy":"post_tag","embeddable":true,"href":"https:\/\/www.europesays.com\/fr\/wp-json\/wp\/v2\/tags?post=264059"}],"curies":[{"name":"wp","href":"https:\/\/api.w.org\/{rel}","templated":true}]}}