{"id":264064,"date":"2025-07-21T19:24:13","date_gmt":"2025-07-21T19:24:13","guid":{"rendered":"https:\/\/www.europesays.com\/fr\/264064\/"},"modified":"2025-07-21T19:24:13","modified_gmt":"2025-07-21T19:24:13","slug":"russie-le-proces-de-lattentat-du-crocus-city-hall-commencera-le-4-aout","status":"publish","type":"post","link":"https:\/\/www.europesays.com\/fr\/264064\/","title":{"rendered":"Russie: le proc\u00e8s de l&rsquo;attentat du Crocus City Hall commencera le 4 ao\u00fbt"},"content":{"rendered":"<p><strong>Le proc\u00e8s de l\u2019attentat du Crocus City Hall en Russie, lors duquel 149 personnes avaient \u00e9t\u00e9 tu\u00e9es, d\u00e9butera le 4 ao\u00fbt \u00e0 l\u2019encontre de 19 auteurs et complices pr\u00e9sum\u00e9s, ont annonc\u00e9 lundi les agences de presse russes.<\/strong>\u00a0<\/p>\n<p class=\"toreadalso-fromEMP\"><strong>\u2022 \u00c0 lire aussi: <\/strong><a href=\"https:\/\/www.journaldemontreal.com\/2024\/08\/28\/la-russie-dit-avoir-arrete-trois-terroristes-qui-voulaient-attaquer-une-eglise\" target=\"e9acd1d4-6930-4ceb-868c-86e01fe97229\" rel=\"nofollow noopener\"><strong>La Russie dit avoir arr\u00eat\u00e9 trois \u00abterroristes\u00bb qui voulaient attaquer une \u00e9glise<\/strong><\/a><\/p>\n<p class=\"toreadalso-fromEMP\"><strong>\u2022 \u00c0 lire aussi: <\/strong><a href=\"https:\/\/www.journaldemontreal.com\/2024\/05\/24\/attentat-de-crocus-city-hall-moscou-reconnait-pour-la-premiere-fois-la-responsabilite-de-lei\" target=\"c0c8a1dc-7759-4c40-a188-cd1e61f280e5\" rel=\"nofollow noopener\"><strong>Attentat de Crocus City Hall: Moscou reconna\u00eet pour la premi\u00e8re fois la responsabilit\u00e9 de l&rsquo;EI<\/strong><\/a><\/p>\n<p class=\"toreadalso-fromEMP\"><strong>\u2022 \u00c0 lire aussi: <\/strong><a href=\"https:\/\/www.journaldemontreal.com\/2024\/03\/24\/deuil-national-en-russie-apres-le-massacre-du-crocus-city-hall\" target=\"698d9dd9-b427-4b0a-acfc-c1b1a75daf10\" rel=\"nofollow noopener\"><strong>Deuil national en Russie apr\u00e8s le massacre du Crocus City Hall<\/strong><\/a><\/p>\n<p>Le 22 mars 2024, des hommes arm\u00e9s avaient ouvert le feu dans cette salle de concert situ\u00e9e \u00e0 la p\u00e9riph\u00e9rie de Moscou avant d\u2019y mettre le feu, tuant 149 personnes et en blessant 609, soit l\u2019une des pires attaques dans l\u2019histoire r\u00e9cente de la Russie.<\/p>\n<p>Cet attentat avait \u00e9t\u00e9 revendiqu\u00e9 par l\u2019organisation jihadiste \u00c9tat islamique (EI), qui avait d\u00e9j\u00e0 cibl\u00e9 la Russie \u00e0 plusieurs reprises par le pass\u00e9.<\/p>\n<p>          <img  alt=\"\" class=\"lazyload\"\/><\/p>\n<p>                                                    AFP<\/p>\n<p>Un tribunal militaire de Moscou doit commencer \u00e0 examiner l\u2019affaire le 4 ao\u00fbt \u00e0 11 h (9 h GMT), selon la cour cit\u00e9e par les agences de presse \u00e9tatiques Ria Novosti et TASS.<\/p>\n<p>Au total, 19 personnes seront jug\u00e9es, dont les quatre assaillants pr\u00e9sum\u00e9s, originaires du Tadjikistan, une ex-r\u00e9publique sovi\u00e9tique d\u2019Asie centrale.<\/p>\n<p>Cet attentat avait provoqu\u00e9 une onde de choc en Russie, en plein conflit arm\u00e9 avec l\u2019Ukraine. Bien que l\u2019attaque ait \u00e9t\u00e9 rapidement revendiqu\u00e9e par l\u2019EI, les autorit\u00e9s russes ont assur\u00e9 y voir \u00e9galement la main de l\u2019Ukraine.<\/p>\n<p>Ky\u00efv a toujours rejet\u00e9 cat\u00e9goriquement toute implication.<\/p>\n","protected":false},"excerpt":{"rendered":"Le proc\u00e8s de l\u2019attentat du Crocus City Hall en Russie, lors duquel 149 personnes avaient \u00e9t\u00e9 tu\u00e9es, d\u00e9butera&hellip;\n","protected":false},"author":2,"featured_media":264065,"comment_status":"","ping_status":"","sticky":false,"template":"","format":"standard","meta":{"footnotes":""},"categories":[1591],"tags":[11,1887,12,1885,1886,132],"class_list":{"0":"post-264064","1":"post","2":"type-post","3":"status-publish","4":"format-standard","5":"has-post-thumbnail","7":"category-russie","8":"tag-actualites","9":"tag-federation-de-russie","10":"tag-news","11":"tag-russia","12":"tag-russian-federation","13":"tag-russie"},"share_on_mastodon":{"url":"https:\/\/pubeurope.com\/@fr\/114892863319330615","error":""},"_links":{"self":[{"href":"https:\/\/www.europesays.com\/fr\/wp-json\/wp\/v2\/posts\/264064","targetHints":{"allow":["GET"]}}],"collection":[{"href":"https:\/\/www.europesays.com\/fr\/wp-json\/wp\/v2\/posts"}],"about":[{"href":"https:\/\/www.europesays.com\/fr\/wp-json\/wp\/v2\/types\/post"}],"author":[{"embeddable":true,"href":"https:\/\/www.europesays.com\/fr\/wp-json\/wp\/v2\/users\/2"}],"replies":[{"embeddable":true,"href":"https:\/\/www.europesays.com\/fr\/wp-json\/wp\/v2\/comments?post=264064"}],"version-history":[{"count":0,"href":"https:\/\/www.europesays.com\/fr\/wp-json\/wp\/v2\/posts\/264064\/revisions"}],"wp:featuredmedia":[{"embeddable":true,"href":"https:\/\/www.europesays.com\/fr\/wp-json\/wp\/v2\/media\/264065"}],"wp:attachment":[{"href":"https:\/\/www.europesays.com\/fr\/wp-json\/wp\/v2\/media?parent=264064"}],"wp:term":[{"taxonomy":"category","embeddable":true,"href":"https:\/\/www.europesays.com\/fr\/wp-json\/wp\/v2\/categories?post=264064"},{"taxonomy":"post_tag","embeddable":true,"href":"https:\/\/www.europesays.com\/fr\/wp-json\/wp\/v2\/tags?post=264064"}],"curies":[{"name":"wp","href":"https:\/\/api.w.org\/{rel}","templated":true}]}}