{"id":264066,"date":"2025-07-21T19:25:23","date_gmt":"2025-07-21T19:25:23","guid":{"rendered":"https:\/\/www.europesays.com\/fr\/264066\/"},"modified":"2025-07-21T19:25:23","modified_gmt":"2025-07-21T19:25:23","slug":"lassemblee-nationale-adopte-une-resolution-de-soutien-a-lukraine-appelant-a-saisir-les-avoirs-russes-lcp","status":"publish","type":"post","link":"https:\/\/www.europesays.com\/fr\/264066\/","title":{"rendered":"L&rsquo;Assembl\u00e9e nationale adopte une r\u00e9solution de soutien \u00e0 l&rsquo;Ukraine appelant \u00e0 saisir les avoirs russes | LCP"},"content":{"rendered":"<p>L&rsquo;Assembl\u00e9e nationale a adopt\u00e9, tard dans la nuit mercredi 12 mars, une proposition de r\u00e9solution europ\u00e9enne \u00ab\u00a0appelant au renforcement du soutien \u00e0 l&rsquo;Ukraine\u00a0\u00bb.\u00a0A\u00a0l&rsquo;issue d&rsquo;un vif d\u00e9bat, le texte invitant notamment \u00e0 saisir les avoirs russes gel\u00e9s pour les mettre au service de la \u00ab\u00a0r\u00e9sistance ukrainienne\u00a0\u00bb, a \u00e9t\u00e9 vot\u00e9 par 288 voix, contre 54, et 132 abstentions.\u00a0<\/p>\n<p>Dix jours apr\u00e8s le <a data-entity-substitution=\"canonical\" data-entity-type=\"node\" data-entity-uuid=\"09733259-78a2-45a1-8b57-ac21825cf019\" href=\"https:\/\/lcp.fr\/actualites\/situation-en-ukraine-et-securite-en-europe-que-retenir-du-debat-qui-a-eu-lieu-a-l\" target=\"_blank\" title=\"Situation en Ukraine et s\u00e9curit\u00e9 en Europe : Que retenir du d\u00e9bat qui a eu lieu \u00e0 l&#039;Assembl\u00e9e nationale ?\" rel=\"noopener\">front uni dans le soutien \u00e0 Kiev pr\u00e9sent\u00e9 lors du d\u00e9bat sur l&rsquo;Ukraine<\/a>, les d\u00e9put\u00e9s ont affich\u00e9 davantage de divergences sur la mani\u00e8re de proc\u00e9der, ce mercredi 12 mars. Invit\u00e9s \u00e0 d\u00e9battre d&rsquo;une proposition de r\u00e9solution europ\u00e9enne \u00ab\u00a0<strong>appelant au renforcement du soutien \u00e0 l&rsquo;Ukraine<\/strong>\u00ab\u00a0, l&rsquo;Assembl\u00e9e nationale s&rsquo;est divis\u00e9e dans un contexte marqu\u00e9 par l&rsquo;acc\u00e9l\u00e9ration des n\u00e9gociations\u00a0avec l&rsquo;accord de l&rsquo;Ukraine \u00e0 une proposition am\u00e9ricaine de cessez-le-feu.<\/p>\n<p>Le texte &#8211; sans valeur contraignante pour le gouvernement, mais \u00e0 forte port\u00e9e symbolique &#8211; a\u00a0\u00e9t\u00e9 largement adopt\u00e9 (<a href=\"https:\/\/www.assemblee-nationale.fr\/dyn\/17\/scrutins\/988\" target=\"_blank\" rel=\"noopener\">288 voix pour, 54 contre, 132 abstentions<\/a>), au terme d&rsquo;un d\u00e9bat tr\u00e8s politique, mais pas \u00e0 l&rsquo;unanimit\u00e9. Plusieurs groupes ont r\u00e9affirmant leur soutien \u00e0 l&rsquo;Ukraine, tout en regrettant certains points de la proposition de r\u00e9solution. Les d\u00e9put\u00e9s de<strong>\u00a0La France insoumise<\/strong> et la plupart de leurs coll\u00e8gues\u00a0<strong>Gauche d\u00e9mocrate et r\u00e9publicaine <\/strong>ont vot\u00e9 <strong>contre<\/strong>, tandis que les d\u00e9put\u00e9s du <strong>Rassemblement national<\/strong> et de l&rsquo;<strong>Union des droites pour la R\u00e9publique<\/strong> se sont <strong>abstenus<\/strong>. <strong>Tous les<\/strong> <strong>autres groupes ont vot\u00e9 en faveur du texte<\/strong>.<\/p>\n<p>Soutien au processus d&rsquo;adh\u00e9sion de l&rsquo;Ukraine \u00e0 l&rsquo;Union europ\u00e9enne<\/p>\n<p>La r\u00e9solution adopt\u00e9e\u00a0ne se contente pas de condamner l&rsquo;agression russe, ou de r\u00e9affirmer le soutien \u00e0 l&rsquo;Ukraine. Elle \u00e9voque le <strong>processus d&rsquo;adh\u00e9sion de l&rsquo;Ukraine \u00e0 l&rsquo;Union europ\u00e9enne\u00a0<\/strong>en plaidant pour qu&rsquo;il \u00ab\u00a0aboutisse dans les meilleurs d\u00e9lais\u00a0\u00bb. Une perspective <a href=\"https:\/\/www.assemblee-nationale.fr\/dyn\/17\/scrutins\/973\" target=\"_blank\" rel=\"noopener\">contre laquelle se sont \u00e9lev\u00e9s<\/a>\u00a0les groupes RN et LFI, ainsi que GDR et UDR, mais aussi des \u00e9lus de la Droite r\u00e9publicaine.<\/p>\n<p>\u00ab\u00a0Nous nous opposons r\u00e9solument \u00e0 l&rsquo;entr\u00e9e de l&rsquo;Ukraine dans l&rsquo;Union europ\u00e9enne\u00a0\u00bb, a fait savoir <strong>Maxime Michelet <\/strong>(Union des droites pour la R\u00e9publique). \u00ab\u00a0Oui, on peut soutenir l&rsquo;Ukraine sans vouloir qu&rsquo;elle adh\u00e8re syst\u00e9matiquement \u00e0 l&rsquo;UE\u00a0\u00bb, a plaid\u00e9<strong> Laurent Jacobelli\u00a0<\/strong>(Rassemblement national).\u00a0\u00ab\u00a0Nous avons le droit de dire que nous ne voulons pas, au sein de l&rsquo;Union europ\u00e9enne, d&rsquo;un pays o\u00f9 le SMIC est \u00e0 200 euros\u00a0\u00bb, a soutenu <strong>Sophia Chikirou <\/strong>(La France insoumise).<\/p>\n<p>\u00ab\u00a0Il serait ce soir dramatique de supprimer cette r\u00e9f\u00e9rence, car cela enverrait un signal politique que quelque part, on est pr\u00eat \u00e0 abandonner l&rsquo;Ukraine\u00a0\u00bb, leur a oppos\u00e9 <strong>J\u00e9r\u00e9mie Iordanoff <\/strong>(Ecologiste et social). Le <strong>ministre charg\u00e9 des Relations avec le Parlement, Patrick Mignola<\/strong>, a pour sa part rappel\u00e9 que le processus d&rsquo;adh\u00e9sion \u00e0 l&rsquo;espace communautaire \u00e9tait \u00ab\u00a0tr\u00e8s long et tr\u00e8s exigeant\u00a0\u00bb, et qu&rsquo;il ne s&rsquo;agissait pas de se prononcer d\u00e8s ce soir. Finalement, les amendements pr\u00f4nant la suppression de la r\u00e9f\u00e9rence de l&rsquo;adh\u00e9sion \u00e0 l&rsquo;UE n&rsquo;ont pas \u00e9t\u00e9 adopt\u00e9s, au terme d&rsquo;un scrutin tr\u00e8s serr\u00e9. Les d\u00e9put\u00e9s ont en revanche opt\u00e9 pour une \u00e9criture plus neutre, en incitant les instances europ\u00e9ennes \u00e0 \u00ab\u00a0accompagner\u00a0\u00bb le processus, plut\u00f4t qu&rsquo;\u00e0 le \u00ab\u00a0faciliter\u00a0\u00bb.<\/p>\n<p>D\u00e9bloquer les avoirs russes gel\u00e9s pour soutenir et reconstruire l&rsquo;Ukraine<\/p>\n<p>Parmi les points les plus clivants : les <strong>avoirs russes gel\u00e9s<\/strong>, qui repr\u00e9sentent une manne financi\u00e8re de l&rsquo;ordre de 235 milliards d&rsquo;euros. Les int\u00e9r\u00eats d\u00e9gag\u00e9s par ce capital sont d\u00e9j\u00e0 mis au service de la r\u00e9sistance ukrainienne. Mais certains plaident pour leur saisie pure et simple, afin de financer l&rsquo;effort de guerre ukrainien.\u00a0<strong>Constance Le Grip<\/strong>\u00a0(Ensemble pour la R\u00e9publique) a ainsi pr\u00e9sent\u00e9 un amendement afin que la r\u00e9solution <strong>\u00ab\u00a0exhorte l&rsquo;Union europ\u00e9enne et ses Etats membres \u00e0 proc\u00e9der sans d\u00e9lai \u00e0 la saisie des avoirs russes gel\u00e9s et immobilis\u00e9s\u00a0\u00bb<\/strong>.<\/p>\n<p>\u00c0 des fins de s\u00e9curisation juridique, le rapporteur du <strong>texte, Laurent Mazaury\u00a0<\/strong>(LIOT), a propos\u00e9 <a href=\"https:\/\/x.com\/LCP\/status\/1899931557646774648\">un sous-amendement<\/a>, pour qu&rsquo;il soit pr\u00e9cis\u00e9 dans la version finale que cette manne n&rsquo;aurait vocation qu&rsquo;\u00e0\u00a0\u00ab\u00a0financer le soutien militaire a\u0300 l&rsquo;Ukraine dans sa re\u0301sistance, et sa reconstruction\u00a0\u00bb et<strong>\u00a0<\/strong>non \u00e0 servir\u00a0\u00ab\u00a0pour une d\u00e9fense europ\u00e9enne beaucoup plus g\u00e9n\u00e9raliste\u00a0\u00bb. Le gouvernement a \u00e9mis un avis de sagesse sur l&rsquo;amendement port\u00e9 par Constance Le Grip, le <strong>ministre d\u00e9l\u00e9gu\u00e9 charg\u00e9 de l&rsquo;Europe, Benjamin Haddad<\/strong>, admettant qu&rsquo;il s&rsquo;agissait <a href=\"https:\/\/x.com\/LCP\/status\/1899932313938510148\">\u00ab\u00a0d&rsquo;un levier\u00a0\u00bb<\/a>\u00a0qui pourrait s&rsquo;av\u00e9rer utile \u00e0 la table des n\u00e9gociations pour un plan de paix durable.<\/p>\n<p>Si des d\u00e9put\u00e9s issus des rangs de\u00a0LFI, du RN, de\u00a0GDR, ainsi que\u00a0du groupe Les\u00a0D\u00e9mocrates ont \u00e9mis des r\u00e9serves &#8211; estimant notamment que l&rsquo;utilisation de ces avoirs, ceux de la Banque centrale russe comme ceux des oligarques, pourrait contrevenir au droit international &#8211; l&rsquo;amendement et le sous-amendement <a href=\"https:\/\/x.com\/LCP\/status\/1899936408728437033\"><strong>ont \u00e9t\u00e9 vot\u00e9s<\/strong><\/a>. Et l&rsquo;ensemble de la r\u00e9solution adopt\u00e9e.\u00a0<\/p>\n","protected":false},"excerpt":{"rendered":"L&rsquo;Assembl\u00e9e nationale a adopt\u00e9, tard dans la nuit mercredi 12 mars, une proposition de r\u00e9solution europ\u00e9enne \u00ab\u00a0appelant au&hellip;\n","protected":false},"author":2,"featured_media":264067,"comment_status":"","ping_status":"","sticky":false,"template":"","format":"standard","meta":{"footnotes":""},"categories":[1590],"tags":[11,416,40340,423,1777,674,1922,23203,12,40341,7618,220],"class_list":{"0":"post-264066","1":"post","2":"type-post","3":"status-publish","4":"format-standard","5":"has-post-thumbnail","7":"category-ukraine","8":"tag-actualites","9":"tag-assemblee-nationale","10":"tag-avoirs-russes","11":"tag-deputes","12":"tag-eu","13":"tag-europe","14":"tag-info","15":"tag-lcp","16":"tag-news","17":"tag-resolution","18":"tag-soutien","19":"tag-ukraine"},"share_on_mastodon":{"url":"https:\/\/pubeurope.com\/@fr\/114892867318091545","error":""},"_links":{"self":[{"href":"https:\/\/www.europesays.com\/fr\/wp-json\/wp\/v2\/posts\/264066","targetHints":{"allow":["GET"]}}],"collection":[{"href":"https:\/\/www.europesays.com\/fr\/wp-json\/wp\/v2\/posts"}],"about":[{"href":"https:\/\/www.europesays.com\/fr\/wp-json\/wp\/v2\/types\/post"}],"author":[{"embeddable":true,"href":"https:\/\/www.europesays.com\/fr\/wp-json\/wp\/v2\/users\/2"}],"replies":[{"embeddable":true,"href":"https:\/\/www.europesays.com\/fr\/wp-json\/wp\/v2\/comments?post=264066"}],"version-history":[{"count":0,"href":"https:\/\/www.europesays.com\/fr\/wp-json\/wp\/v2\/posts\/264066\/revisions"}],"wp:featuredmedia":[{"embeddable":true,"href":"https:\/\/www.europesays.com\/fr\/wp-json\/wp\/v2\/media\/264067"}],"wp:attachment":[{"href":"https:\/\/www.europesays.com\/fr\/wp-json\/wp\/v2\/media?parent=264066"}],"wp:term":[{"taxonomy":"category","embeddable":true,"href":"https:\/\/www.europesays.com\/fr\/wp-json\/wp\/v2\/categories?post=264066"},{"taxonomy":"post_tag","embeddable":true,"href":"https:\/\/www.europesays.com\/fr\/wp-json\/wp\/v2\/tags?post=264066"}],"curies":[{"name":"wp","href":"https:\/\/api.w.org\/{rel}","templated":true}]}}