{"id":264070,"date":"2025-07-21T19:27:11","date_gmt":"2025-07-21T19:27:11","guid":{"rendered":"https:\/\/www.europesays.com\/fr\/264070\/"},"modified":"2025-07-21T19:27:11","modified_gmt":"2025-07-21T19:27:11","slug":"france-royaume-uni-canada-25-pays-appellent-a-mettre-fin-immediatement-a-la-guerre","status":"publish","type":"post","link":"https:\/\/www.europesays.com\/fr\/264070\/","title":{"rendered":"France, Royaume-Uni, Canada\u2026 25 pays appellent \u00e0 mettre fin \u00ab\u00a0imm\u00e9diatement\u00a0\u00bb \u00e0 la guerre"},"content":{"rendered":"<p>La pression diplomatique monte d\u2019un cran. Dans une d\u00e9claration commune publi\u00e9e ce lundi, les ministres des Affaires \u00e9trang\u00e8res de 25 pays, dont la <a href=\"https:\/\/www.20minutes.fr\/france\/\" target=\"_blank\" class=\"color-ultramarine c-link\" rel=\"nofollow noopener\">France<\/a>, le Canada, le <a href=\"https:\/\/www.20minutes.fr\/monde\/royaume-uni\/\" target=\"_blank\" class=\"color-ultramarine c-link\" rel=\"nofollow noopener\">Royaume-Uni<\/a>, le Japon ou encore l\u2019Australie, ont r\u00e9clam\u00e9 l\u2019arr\u00eat imm\u00e9diat de la guerre men\u00e9e par <a href=\"https:\/\/www.20minutes.fr\/monde\/israel\/\" target=\"_blank\" class=\"color-ultramarine c-link\" rel=\"nofollow noopener\">Isra\u00ebl<\/a> dans la bande de <a href=\"https:\/\/www.20minutes.fr\/monde\/gaza\/\" target=\"_blank\" class=\"color-ultramarine c-link\" rel=\"nofollow noopener\">Gaza<\/a>. Un appel rare et sans d\u00e9tour, dans lequel ils estiment que \u00ab\u00a0la souffrance des civils \u00e0 Gaza a atteint de nouveaux sommets\u00a0\u00bb.<\/p>\n<p>Les signataires s\u2019inqui\u00e8tent de l\u2019effondrement des conditions de vie pour les deux millions de <a href=\"https:\/\/www.20minutes.fr\/monde\/palestine\/\" target=\"_blank\" class=\"color-ultramarine c-link\" rel=\"nofollow noopener\">Palestiniens<\/a> toujours assi\u00e9g\u00e9s dans l\u2019enclave, d\u00e9sormais \u00ab\u00a0au bord de la <a href=\"https:\/\/www.20minutes.fr\/monde\/famine\/\" target=\"_blank\" class=\"color-ultramarine c-link\" rel=\"nofollow noopener\">famine<\/a>\u00a0\u00bb apr\u00e8s plus de 21 mois de conflit.<\/p>\n<p>D\u00e9nonciation du dispositif pour l\u2019aide humanitaire<\/p>\n<p>Les auteurs du texte d\u00e9noncent \u00e9galement avec force le dispositif mis en place par Isra\u00ebl pour la distribution de l\u2019<a href=\"https:\/\/www.20minutes.fr\/monde\/aide_humanitaire\/\" target=\"_blank\" class=\"color-ultramarine c-link\" rel=\"nofollow noopener\">aide humanitaire<\/a>, via la Fondation humanitaire de Gaza (GHF), soutenue par les <a href=\"https:\/\/www.20minutes.fr\/monde\/etats-unis\/\" target=\"_blank\" class=\"color-ultramarine c-link\" rel=\"nofollow noopener\">Etats-Unis<\/a> et Isra\u00ebl. Ce mod\u00e8le est jug\u00e9 \u00ab\u00a0dangereux\u00a0\u00bb, accus\u00e9 d\u2019alimenter l\u2019instabilit\u00e9 et de priver les Gazaouis de leur \u00ab\u00a0dignit\u00e9 humaine\u00a0\u00bb.<\/p>\n<\/p>\n<p>Selon l\u2019ONU, au moins 875 personnes ont \u00e9t\u00e9 tu\u00e9es en tentant d\u2019obtenir de la nourriture depuis fin mai, dont 674 \u00e0 proximit\u00e9 des points de distribution de la GHF. \u00ab\u00a0Il est terrifiant que plus de 800 Palestiniens aient \u00e9t\u00e9 tu\u00e9s alors qu\u2019ils tentaient d\u2019obtenir de l\u2019aide\u00a0\u00bb, d\u00e9plorent les ministres.<\/p>\n<p>Demande de lib\u00e9ration des otages isra\u00e9liens<\/p>\n<p>La d\u00e9claration condamne \u00e9galement \u00ab\u00a0le refus du gouvernement isra\u00e9lien de fournir une assistance humanitaire essentielle \u00e0 la population civile\u00a0\u00bb, qualifi\u00e9 d\u2019\u00ab\u00a0inacceptable\u00a0\u00bb. Les diplomates r\u00e9clament en parall\u00e8le la lib\u00e9ration des otages toujours d\u00e9tenus par le <a href=\"https:\/\/www.20minutes.fr\/monde\/hamas\/\" target=\"_blank\" class=\"color-ultramarine c-link\" rel=\"nofollow noopener\">Hamas<\/a>, d\u00e9crits comme \u00ab\u00a0cruellement d\u00e9tenus\u00a0\u00bb. Plus largement, les signataires affirment leur opposition \u00ab\u00a0ferme\u00a0\u00bb \u00e0 toute tentative de modification territoriale ou d\u00e9mographique dans les territoires palestiniens occup\u00e9s, appelant \u00e0 un arr\u00eat imm\u00e9diat de la colonisation.<\/p>\n<p><a href=\"https:\/\/www.20minutes.fr\/dossier\/gaz\" target=\"_blank\" class=\"c-link c-btn c-btn--primary\" rel=\"nofollow noopener\">Notre dossier sur Gaza<\/a><\/p>\n<p>Outre les grands pays occidentaux, la d\u00e9claration est soutenue par plusieurs Etats nordiques et baltes, ainsi que par la commissaire europ\u00e9enne \u00e0 l\u2019Egalit\u00e9, Hadja Lahbib. Parmi les signataires figurent l\u2019Allemagne, l\u2019Espagne, l\u2019Italie, les Pays-Bas, la Norv\u00e8ge, la Belgique, la Suisse, la Su\u00e8de ou encore la Nouvelle-Z\u00e9lande.<\/p>\n","protected":false},"excerpt":{"rendered":"La pression diplomatique monte d\u2019un cran. Dans une d\u00e9claration commune publi\u00e9e ce lundi, les ministres des Affaires \u00e9trang\u00e8res&hellip;\n","protected":false},"author":2,"featured_media":264071,"comment_status":"","ping_status":"","sticky":false,"template":"","format":"standard","meta":{"footnotes":""},"categories":[1588],"tags":[47,11,16176,1777,674,665,1146,3519,664,74,12,3521,7612,473,1853,1851,1850,1852],"class_list":{"0":"post-264070","1":"post","2":"type-post","3":"status-publish","4":"format-standard","5":"has-post-thumbnail","7":"category-royaume-uni","8":"tag-actualite","9":"tag-actualites","10":"tag-aide-humanitaire","11":"tag-eu","12":"tag-europe","13":"tag-gaza","14":"tag-guerre","15":"tag-hamas","16":"tag-israel","17":"tag-monde","18":"tag-news","19":"tag-onu","20":"tag-proche-orient","21":"tag-royaume-uni","22":"tag-royaume-uni-de-grande-bretagne-et-dirlande-du-nord","23":"tag-uk","24":"tag-united-kingdom","25":"tag-united-kingdom-of-great-britain-and-northern-ireland"},"share_on_mastodon":{"url":"https:\/\/pubeurope.com\/@fr\/114892874879903937","error":""},"_links":{"self":[{"href":"https:\/\/www.europesays.com\/fr\/wp-json\/wp\/v2\/posts\/264070","targetHints":{"allow":["GET"]}}],"collection":[{"href":"https:\/\/www.europesays.com\/fr\/wp-json\/wp\/v2\/posts"}],"about":[{"href":"https:\/\/www.europesays.com\/fr\/wp-json\/wp\/v2\/types\/post"}],"author":[{"embeddable":true,"href":"https:\/\/www.europesays.com\/fr\/wp-json\/wp\/v2\/users\/2"}],"replies":[{"embeddable":true,"href":"https:\/\/www.europesays.com\/fr\/wp-json\/wp\/v2\/comments?post=264070"}],"version-history":[{"count":0,"href":"https:\/\/www.europesays.com\/fr\/wp-json\/wp\/v2\/posts\/264070\/revisions"}],"wp:featuredmedia":[{"embeddable":true,"href":"https:\/\/www.europesays.com\/fr\/wp-json\/wp\/v2\/media\/264071"}],"wp:attachment":[{"href":"https:\/\/www.europesays.com\/fr\/wp-json\/wp\/v2\/media?parent=264070"}],"wp:term":[{"taxonomy":"category","embeddable":true,"href":"https:\/\/www.europesays.com\/fr\/wp-json\/wp\/v2\/categories?post=264070"},{"taxonomy":"post_tag","embeddable":true,"href":"https:\/\/www.europesays.com\/fr\/wp-json\/wp\/v2\/tags?post=264070"}],"curies":[{"name":"wp","href":"https:\/\/api.w.org\/{rel}","templated":true}]}}