{"id":264072,"date":"2025-07-21T19:28:16","date_gmt":"2025-07-21T19:28:16","guid":{"rendered":"https:\/\/www.europesays.com\/fr\/264072\/"},"modified":"2025-07-21T19:28:16","modified_gmt":"2025-07-21T19:28:16","slug":"le-nucleaire-francais-divise-la-coalition-au-pouvoir-en-allemagne","status":"publish","type":"post","link":"https:\/\/www.europesays.com\/fr\/264072\/","title":{"rendered":"Le nucl\u00e9aire fran\u00e7ais divise la coalition au pouvoir en Allemagne"},"content":{"rendered":"<p>                         <img loading=\"lazy\" decoding=\"async\" src=\"https:\/\/www.europesays.com\/fr\/wp-content\/uploads\/2025\/07\/b0ad392_upload-1-psb4ak2b5z3u-000-36ed92q.jpg\" alt=\"D\u00e9molition contr\u00f4l\u00e9e des deux tours de refroidissement d\u2019une centrale nucl\u00e9aire, \u00e0 Grafenrheinfeld (Allemagne), le 16\u00a0ao\u00fbt\u00a02024.\"   width=\"664\" height=\"443\"\/>    D\u00e9molition contr\u00f4l\u00e9e des deux tours de refroidissement d\u2019une centrale nucl\u00e9aire, \u00e0 Grafenrheinfeld (Allemagne), le 16\u00a0ao\u00fbt\u00a02024.  DANIEL PETER \/ AFP                 <\/p>\n<p class=\"article__paragraph  \">Eternel sujet de discorde entre la France et l\u2019Allemagne, l\u2019\u00e9nergie nucl\u00e9aire est en train de devenir, en sus, un motif de division entre les deux partenaires de la coalition au pouvoir \u00e0 Berlin depuis le 6\u00a0mai. Les conservateurs de la CDU y sont favorables, tandis que les sociaux-d\u00e9mocrates du SPD y sont hostiles. L\u2019Allemagne ayant ferm\u00e9 ses derni\u00e8res centrales en\u00a02023, c\u2019est le nucl\u00e9aire fran\u00e7ais, ainsi que celui d\u2019autres Etats du Vieux Continent ayant fait le choix de l\u2019atome, qui fait d\u00e9bat outre-Rhin. La grande crainte\u00a0: que l\u2019argent des contribuables allemands contribue \u00e0 le financer, par le biais du budget de l\u2019Union europ\u00e9enne.<\/p>\n<p class=\"article__paragraph  \">Le sujet devrait s\u2019inviter au menu de la rencontre entre le chancelier allemand, Friedrich Merz, et le pr\u00e9sident fran\u00e7ais, Emmanuel Macron, pr\u00e9vue le 23\u00a0juillet \u00e0 Berlin, laquelle est cens\u00e9e pr\u00e9parer le conseil des ministres franco-allemand programm\u00e9 fin ao\u00fbt.<\/p>\n<p class=\"article__paragraph  \">La France milite de longue date pour que l\u2019\u00e9nergie nucl\u00e9aire ne soit pas p\u00e9nalis\u00e9e \u00e0 Bruxelles, l\u2019atome repr\u00e9sentant pr\u00e8s de 70\u00a0% de sa production d\u2019\u00e9nergie primaire. Apr\u00e8s des ann\u00e9es de lutte acharn\u00e9e entre Berlin et Paris, celle-ci avait esp\u00e9r\u00e9 un changement de cap avec le retour au pouvoir des conservateurs en Allemagne, Friedrich Merz se pr\u00e9sentant comme un fervent partisan de l\u2019atome. Le programme de la CDU-CSU pendant la campagne indiquait souhaiter \u00ab\u00a0maintenir l\u2019option de l\u2019\u00e9nergie nucl\u00e9aire\u00a0\u00bb en misant sur les r\u00e9acteurs de quatri\u00e8me et cinqui\u00e8me g\u00e9n\u00e9rations, sur les petits r\u00e9acteurs modulaires (small modular reactors, SMR) et sur la technologie de la fusion. Le texte soulignait m\u00eame la volont\u00e9 d\u2019\u00ab\u00a0examiner la remise en service des derni\u00e8res centrales nucl\u00e9aires ferm\u00e9es\u00a0\u00bb.<\/p>\n<p class=\"reading-mode-only \"><strong>Il vous reste 78.55% de cet article \u00e0 lire. La suite est r\u00e9serv\u00e9e aux abonn\u00e9s.<\/strong><\/p>\n","protected":false},"excerpt":{"rendered":"D\u00e9molition contr\u00f4l\u00e9e des deux tours de refroidissement d\u2019une centrale nucl\u00e9aire, \u00e0 Grafenrheinfeld (Allemagne), le 16\u00a0ao\u00fbt\u00a02024. DANIEL PETER \/&hellip;\n","protected":false},"author":2,"featured_media":264073,"comment_status":"","ping_status":"","sticky":false,"template":"","format":"standard","meta":{"footnotes":""},"categories":[1587],"tags":[11,672,1804,1805,1803,1777,674,1801,12,1802],"class_list":{"0":"post-264072","1":"post","2":"type-post","3":"status-publish","4":"format-standard","5":"has-post-thumbnail","7":"category-allemagne","8":"tag-actualites","9":"tag-allemagne","10":"tag-bundesrepublik-deutschland","11":"tag-de","12":"tag-deutschland","13":"tag-eu","14":"tag-europe","15":"tag-germany","16":"tag-news","17":"tag-republique-federale-dallemagne"},"share_on_mastodon":{"url":"https:\/\/pubeurope.com\/@fr\/114892878904136921","error":""},"_links":{"self":[{"href":"https:\/\/www.europesays.com\/fr\/wp-json\/wp\/v2\/posts\/264072","targetHints":{"allow":["GET"]}}],"collection":[{"href":"https:\/\/www.europesays.com\/fr\/wp-json\/wp\/v2\/posts"}],"about":[{"href":"https:\/\/www.europesays.com\/fr\/wp-json\/wp\/v2\/types\/post"}],"author":[{"embeddable":true,"href":"https:\/\/www.europesays.com\/fr\/wp-json\/wp\/v2\/users\/2"}],"replies":[{"embeddable":true,"href":"https:\/\/www.europesays.com\/fr\/wp-json\/wp\/v2\/comments?post=264072"}],"version-history":[{"count":0,"href":"https:\/\/www.europesays.com\/fr\/wp-json\/wp\/v2\/posts\/264072\/revisions"}],"wp:featuredmedia":[{"embeddable":true,"href":"https:\/\/www.europesays.com\/fr\/wp-json\/wp\/v2\/media\/264073"}],"wp:attachment":[{"href":"https:\/\/www.europesays.com\/fr\/wp-json\/wp\/v2\/media?parent=264072"}],"wp:term":[{"taxonomy":"category","embeddable":true,"href":"https:\/\/www.europesays.com\/fr\/wp-json\/wp\/v2\/categories?post=264072"},{"taxonomy":"post_tag","embeddable":true,"href":"https:\/\/www.europesays.com\/fr\/wp-json\/wp\/v2\/tags?post=264072"}],"curies":[{"name":"wp","href":"https:\/\/api.w.org\/{rel}","templated":true}]}}