{"id":264074,"date":"2025-07-21T19:29:09","date_gmt":"2025-07-21T19:29:09","guid":{"rendered":"https:\/\/www.europesays.com\/fr\/264074\/"},"modified":"2025-07-21T19:29:09","modified_gmt":"2025-07-21T19:29:09","slug":"leurope-courtise-les-caisses-de-retraite-avec-un-plan-colossal","status":"publish","type":"post","link":"https:\/\/www.europesays.com\/fr\/264074\/","title":{"rendered":"L\u2019Europe courtise les caisses de retraite avec un plan colossal"},"content":{"rendered":"<p>Toutefois, ce montant ne constitue qu\u2019une partie des investissements n\u00e9cessaires, qui feront appel aux caisses de retraite.\n<\/p>\n<p>Cette enveloppe engag\u00e9e sur la p\u00e9riode 2028-2034 doit permettre aux industriels europ\u00e9ens de pouvoir s\u2019appuyer sur les r\u00e9seaux \u00e9lectriques n\u00e9cessaires \u00e0 la transition \u00e9nerg\u00e9tique. Cet investissement doit soutenir un effort visant \u00e0 r\u00e9duire de 90 % les \u00e9missions de carbone du continent d\u2019ici 2040, en adaptant les infrastructures pour mieux int\u00e9grer la production d\u2019\u00e9nergies renouvelables. Par exemple, des projets \u00e9nerg\u00e9tiques transfrontaliers sont pr\u00e9vus pour faciliter la distribution d\u2019\u00e9lectricit\u00e9 d\u2019un pays \u00e0 l\u2019autre.\n<\/p>\n<p>Le commissaire europ\u00e9en en charge du Climat, Wopke Hoekstra, s\u2019attend \u00e0 ce que les caisses de retraite soient incit\u00e9es \u00e0 investir dans ce plan massif, rapporte <a href=\"https:\/\/www.bloomberg.com\/news\/articles\/2025-07-17\/eu-climate-chief-expects-pension-funds-to-help-revamp-grids\" target=\"_blank\" rel=\"noopener\">Bloomberg<\/a>.\n<\/p>\n<p>C\u2019est que l\u2019Union europ\u00e9enne consid\u00e8re que 750 \u00e0 800 milliards d\u2019euros, soit 1 200 \u00e0 1 300 milliards de dollars, d\u2019investissements suppl\u00e9mentaires seront n\u00e9cessaires chaque ann\u00e9e d\u2019ici \u00e0 2030 pour que l\u2019Europe reste comp\u00e9titive au niveau mondial. L\u2019\u00e9lectricit\u00e9 devrait alors repr\u00e9senter 32 % de la consommation d\u2019\u00e9nergie en Europe, contre 21 % pr\u00e9sentement.<\/p>\n<p>Pour Wopke Hoekstra, le plan d\u2019investissement de l\u2019Union europ\u00e9enne doit permettre la mobilisation des caisses de retraite, en servant d\u2019effet de levier. Plusieurs grandes caisses de retraite des Pays-Bas et du Danemark se sont d\u00e9j\u00e0 montr\u00e9es int\u00e9ress\u00e9es.<\/p>\n","protected":false},"excerpt":{"rendered":"Toutefois, ce montant ne constitue qu\u2019une partie des investissements n\u00e9cessaires, qui feront appel aux caisses de retraite. Cette&hellip;\n","protected":false},"author":2,"featured_media":264075,"comment_status":"","ping_status":"","sticky":false,"template":"","format":"standard","meta":{"footnotes":""},"categories":[1586],"tags":[11,1777,674,1011,27,7504,12,25],"class_list":{"0":"post-264074","1":"post","2":"type-post","3":"status-publish","4":"format-standard","5":"has-post-thumbnail","7":"category-europe","8":"tag-actualites","9":"tag-eu","10":"tag-europe","11":"tag-fr","12":"tag-france","13":"tag-infrastructure-energetique","14":"tag-news","15":"tag-republique-francaise"},"share_on_mastodon":{"url":"https:\/\/pubeurope.com\/@fr\/114892882850372991","error":""},"_links":{"self":[{"href":"https:\/\/www.europesays.com\/fr\/wp-json\/wp\/v2\/posts\/264074","targetHints":{"allow":["GET"]}}],"collection":[{"href":"https:\/\/www.europesays.com\/fr\/wp-json\/wp\/v2\/posts"}],"about":[{"href":"https:\/\/www.europesays.com\/fr\/wp-json\/wp\/v2\/types\/post"}],"author":[{"embeddable":true,"href":"https:\/\/www.europesays.com\/fr\/wp-json\/wp\/v2\/users\/2"}],"replies":[{"embeddable":true,"href":"https:\/\/www.europesays.com\/fr\/wp-json\/wp\/v2\/comments?post=264074"}],"version-history":[{"count":0,"href":"https:\/\/www.europesays.com\/fr\/wp-json\/wp\/v2\/posts\/264074\/revisions"}],"wp:featuredmedia":[{"embeddable":true,"href":"https:\/\/www.europesays.com\/fr\/wp-json\/wp\/v2\/media\/264075"}],"wp:attachment":[{"href":"https:\/\/www.europesays.com\/fr\/wp-json\/wp\/v2\/media?parent=264074"}],"wp:term":[{"taxonomy":"category","embeddable":true,"href":"https:\/\/www.europesays.com\/fr\/wp-json\/wp\/v2\/categories?post=264074"},{"taxonomy":"post_tag","embeddable":true,"href":"https:\/\/www.europesays.com\/fr\/wp-json\/wp\/v2\/tags?post=264074"}],"curies":[{"name":"wp","href":"https:\/\/api.w.org\/{rel}","templated":true}]}}