{"id":264084,"date":"2025-07-21T19:36:15","date_gmt":"2025-07-21T19:36:15","guid":{"rendered":"https:\/\/www.europesays.com\/fr\/264084\/"},"modified":"2025-07-21T19:36:15","modified_gmt":"2025-07-21T19:36:15","slug":"ubb-un-gros-rate-revele-sports-fr","status":"publish","type":"post","link":"https:\/\/www.europesays.com\/fr\/264084\/","title":{"rendered":"UBB, un gros rat\u00e9 r\u00e9v\u00e9l\u00e9 &#8211; Sports.fr"},"content":{"rendered":"<ol>\n<li><a href=\"https:\/\/news.google.com\/rss\/articles\/CBMicEFVX3lxTE93Q0ZRZWJ1VThuWTYtU201RHdueGh3UWJzdVFuZFlRTWJUSHluZHNTaDBDckpvX0VVY2hldkVXczN5dGNDQnpONEpSUWZPZEM5Q05jVHZqN1Q2SmtETkNUOGdza2Jka2dLSzdfQkk1cTI?oc=5\" target=\"_blank\" rel=\"nofollow noopener\">UBB, un gros rat\u00e9 r\u00e9v\u00e9l\u00e9<\/a>&nbsp;&nbsp;Sports.fr<\/li>\n<li><a href=\"https:\/\/news.google.com\/rss\/articles\/CBMihAJBVV95cUxNTG4yOWpETVZZbnp4SkdxNGlJa3VoRk5jRnlWWWZMNU80ZEhwRFUzcmNkSDRhZ282RnBqNVlTZnpHSjNabnJjMDRTU2N4c1p3QW5wTTZ6bHdEQ255ZlVsdWVoLU9iYlMxRVlGZ0s0TmlmUzlhc1lrYkd4OE1Jald2cFNiMmxHR2dGenVnSVl0TTZXaWNqN2M0QjdaaFdLaTEzWllTQU9rOWY2MG1SSlNvbnVOa3Z5alFNRURhQVIwdUE3ZE8tZTc1N2w2VktwaTNVMkpBMHZISmtGTG55bWpQVS1oQnFpc0VRckd6MVkzQTlESGZyZ3FLcG91cU1ydGtjV01hMg?oc=5\" target=\"_blank\" rel=\"nofollow noopener\">John Cooney, nouveau demi de m\u00eal\u00e9e du CA Brive : \u00ab\u00a0Bordeaux m&rsquo;avait contact\u00e9 mais le projet de Brive m&rsquo;a s\u00e9duit\u00a0\u00bb<\/a>&nbsp;&nbsp;La Montagne<\/li>\n<li><a href=\"https:\/\/news.google.com\/rss\/articles\/CBMiswFBVV95cUxQRlVCSjNzV0prVnVpSUxRSUhtcXZ4WU9LMUlrd0RHb0pBWUtTc3lYSkJjZVV2RmxUUWNhZ3FZV05hb1dOeG5GY2l0WnZtR0J2bzJKcWtkTmxKZ3pSOWREX3NScUlFY3hwcHZabXZmSHN1MnBCWFFZbWlfUU1mYms1S2ZIeDU3OTNQNFFKVloxQW14aE9IUll2akZtQnhXZ2NSRURaOG5jSzIwSVA4TThHc2EzNA?oc=5\" target=\"_blank\" rel=\"nofollow noopener\">John Cooney : \u201cBordeaux m\u2019avait contact\u00e9 mais le projet de Brive m\u2019a s\u00e9duit\u201d<\/a>&nbsp;&nbsp;Rugby Scapulaire<\/li>\n<li><a href=\"https:\/\/news.google.com\/rss\/articles\/CBMihAFBVV95cUxNRnhzY3Z2bmRWbDlDLUVpUi1MMmpjSi01bmt4UjFrMTlhSjBGUkFFSVlURWFiWU1GUl96dG54N2E4NTN2VHhkTW1tdXpsRl9RR25lMnRyVFdOcktlbXZsQ0ItODNnMWNMMkYxVmxBU0t1VUhRY1dOU2s5cENjbXJJdDVKM3M?oc=5\" target=\"_blank\" rel=\"nofollow noopener\">Le d\u00e9fi XXL qui le fait signer loin de l&rsquo;UBB !<\/a>&nbsp;&nbsp;Le10Sport<\/li>\n<li><a href=\"https:\/\/news.google.com\/rss\/articles\/CBMiqAFBVV95cUxPbnJvVkctLWlxenMwVE5LblFvOHNjNmRkRE40bS1ZRzBCaUgzTmNEdno0a2gwa0RwZ25JT09INmNENnlmaDV6c3RsaDBlMHQ1Q3FaY2JFbFpyaG0zZ1U2cGJIbE91N0JsNUFtSGV5b1BMb3RZVkJRUkJ0eGY3bUdRalJ2aUxhaUNDLXJMQ3RqOXVXaUEtSkRETjBLeHNqN1VSNE1pVElCVC0?oc=5\" target=\"_blank\" rel=\"nofollow noopener\">Ce joueur qui a refus\u00e9 de signer \u00e0 l\u2019UBB afin de rejoindre le CA Brive, en Pro D2 !<\/a>&nbsp;&nbsp;Blog RCT<\/li>\n<\/ol>\n","protected":false},"excerpt":{"rendered":"UBB, un gros rat\u00e9 r\u00e9v\u00e9l\u00e9&nbsp;&nbsp;Sports.fr John Cooney, nouveau demi de m\u00eal\u00e9e du CA Brive : \u00ab\u00a0Bordeaux m&rsquo;avait contact\u00e9&hellip;\n","protected":false},"author":2,"featured_media":264085,"comment_status":"","ping_status":"","sticky":false,"template":"","format":"standard","meta":{"footnotes":""},"categories":[1416],"tags":[1011,27,479,1468,60],"class_list":{"0":"post-264084","1":"post","2":"type-post","3":"status-publish","4":"format-standard","5":"has-post-thumbnail","7":"category-rugby","8":"tag-fr","9":"tag-france","10":"tag-rugby","11":"tag-rugby-football","12":"tag-sports"},"share_on_mastodon":{"url":"https:\/\/pubeurope.com\/@fr\/114892910332350872","error":""},"_links":{"self":[{"href":"https:\/\/www.europesays.com\/fr\/wp-json\/wp\/v2\/posts\/264084","targetHints":{"allow":["GET"]}}],"collection":[{"href":"https:\/\/www.europesays.com\/fr\/wp-json\/wp\/v2\/posts"}],"about":[{"href":"https:\/\/www.europesays.com\/fr\/wp-json\/wp\/v2\/types\/post"}],"author":[{"embeddable":true,"href":"https:\/\/www.europesays.com\/fr\/wp-json\/wp\/v2\/users\/2"}],"replies":[{"embeddable":true,"href":"https:\/\/www.europesays.com\/fr\/wp-json\/wp\/v2\/comments?post=264084"}],"version-history":[{"count":0,"href":"https:\/\/www.europesays.com\/fr\/wp-json\/wp\/v2\/posts\/264084\/revisions"}],"wp:featuredmedia":[{"embeddable":true,"href":"https:\/\/www.europesays.com\/fr\/wp-json\/wp\/v2\/media\/264085"}],"wp:attachment":[{"href":"https:\/\/www.europesays.com\/fr\/wp-json\/wp\/v2\/media?parent=264084"}],"wp:term":[{"taxonomy":"category","embeddable":true,"href":"https:\/\/www.europesays.com\/fr\/wp-json\/wp\/v2\/categories?post=264084"},{"taxonomy":"post_tag","embeddable":true,"href":"https:\/\/www.europesays.com\/fr\/wp-json\/wp\/v2\/tags?post=264084"}],"curies":[{"name":"wp","href":"https:\/\/api.w.org\/{rel}","templated":true}]}}