{"id":264086,"date":"2025-07-21T19:37:10","date_gmt":"2025-07-21T19:37:10","guid":{"rendered":"https:\/\/www.europesays.com\/fr\/264086\/"},"modified":"2025-07-21T19:37:10","modified_gmt":"2025-07-21T19:37:10","slug":"titouan-droguet-et-terence-atmane-passent-le-premier-tour-pierre-hugues-herbert-sorti-au-dentree-a-umag-lequipe","status":"publish","type":"post","link":"https:\/\/www.europesays.com\/fr\/264086\/","title":{"rendered":"Titouan Droguet et Terence Atmane passent le premier tour, Pierre-Hugues Herbert sorti au d&#039;entr\u00e9e \u00e0 Umag &#8211; L&#039;\u00c9quipe"},"content":{"rendered":"<ol>\n<li><a href=\"https:\/\/news.google.com\/rss\/articles\/CBMi6AFBVV95cUxPTl9BLXNGeFZmOGNCdV8zdS16MUtDZjEybGxzQ2pDQ1JSa3RMNWxacWFUckRDNEtJVGl4TG5oWFVQVGRpNkw5eWtZNU1yV3FpUEJVdXdfRGtIcmNnbWc4VTZlZmxITXZXZ1RyYU5ieTlNc1RneE9LZXV3MVd1c3REbjVhaUY4V2lqbXNjV1p6WUgyRG1DWU5SNWptbm1UNnFWVkM5SFhveTJqX253RmNjanJrYkEtUTdGMVFrODlIbWVQelF5OF9qLWo2b2Z0MjRUU3p4cld4VTFNbGhnWnJjbjBaYlhtcmhF?oc=5\" target=\"_blank\" rel=\"nofollow noopener\">Titouan Droguet et Terence Atmane passent le premier tour, Pierre-Hugues Herbert sorti au d&rsquo;entr\u00e9e \u00e0 Umag<\/a>&nbsp;&nbsp;L&rsquo;\u00c9quipe<\/li>\n<li><a href=\"https:\/\/news.google.com\/rss\/articles\/CBMiqwFBVV95cUxPeEhzTzNpZXJucmV5QmFwa0pONVdZZDJBbXl6X2VlY3RRbHZ2Qks4ZXkxVGJMM3VKOHkwU0RzQUJtTGh5QTVsZzV0emtnSXk0dmlvNGlobkNaMnRaSXdMWVo2ajhLdV9RdlZGdkdXWlk4azdMbF9xSEpNT3AzUlRneU9IZEVzRDFVUGxhUjhzMXN1LVE3dV9lc0tvTmtxY3pvSXBzRkZfWjVPUWvSAaoBQVVfeXFMTkxUVy14WEZVOXNFblhvczZMM0xmX0MyN0xnaEUwclgtcnVvckQ5NXR2dFFCLWdlVXBaemlFVVBNblU5a0sxLThGd3lCTC1PaU1hV0RaWS01V2duWWYtbE5vNWo3aVlHeEtoNDVFRU45aXZFWDA0Zm03NXF0eVpGd2FBa1J3S1U4T0Y2QkpNRElQRkdLYmpGdklXT3FBQnlsOXc1aHNDNHBFS3c?oc=5\" target=\"_blank\" rel=\"nofollow noopener\">ATP : Cinqui\u00e8me d\u00e9faite de suite pour Herbert<\/a>&nbsp;&nbsp;Orange Actualit\u00e9s | Sports<\/li>\n<li><a href=\"https:\/\/news.google.com\/rss\/articles\/CBMilAFBVV95cUxOYVpub1l2SWxOMnVuWWhpTVZYLVJGMERFOGxKRUttRWpncEFsb1NTLXdBWV9ickQtY1lEYnNyb0VkMjlRM3l3ZHBhYXR3NUo4LUNYY2pWMXRxOEg0SkRMUnExdy1zWmtYYk5ZOUU3NVZKaG01YjlYWXo5V3dzQUdFTU0yVTBiQ05FNndLd3dZT3I5em1O?oc=5\" target=\"_blank\" rel=\"nofollow noopener\">Pronostic Carlos Taberner &#8211; Pierre Hughes Herbert<\/a>&nbsp;&nbsp;RueDesJoueurs<\/li>\n<li><a href=\"https:\/\/news.google.com\/rss\/articles\/CBMipAFBVV95cUxNVnpEZUNFOU1UTVk5Uk9SZ3RlVG1jMDN5ZUFEWjNwRmNxdi1pUUtIakU5QUxBSzhrVE9RdTMtVTJwdHFFSjg2NE5iQlUxQVEzYk16bDRnV2d6WUduMXFvZjBTTDBWZTI2SWlHTHgtU3NSVlpaVWRIcTl0X3BOZFh3QnA1bFozemQwbWpSd2otSndTekhqbXN5NXdjVUVYWG5TVEJNTA?oc=5\" target=\"_blank\" rel=\"nofollow noopener\">Umag: Stan Wawrinka se frottera \u00e0 un qualifi\u00e9 en Croatie | blue News<\/a>&nbsp;&nbsp;blue News<\/li>\n<li><a href=\"https:\/\/news.google.com\/rss\/articles\/CBMiswFBVV95cUxQNzIzXzJNdnZQeWVqR3BJeXFEOFl0UFBHaW9MMEFEamYzelNQTTEwSXlfaEVqUGdBME91cUNua3AzSWhVc1lEVG5aX1BJRmhhRUcybFdwUG5HYnY4QnprN2tmZkRQSjhtY0o5Y3FyYXNyY1FPRWZVYjlYaTZ3YnIyc2N4d2JFdzB5ZWZoTHc1TnhPNUFTX3RkX3pncnhKQkhRZ0dydlJ4NEZ6LUJiUDBfVGU5SQ?oc=5\" target=\"_blank\" rel=\"nofollow noopener\">ATP &#8211; Umag &#8211; Stan Wawrinka et trois Fran\u00e7ais au programme ce lundi \u00e0 Umag<\/a>&nbsp;&nbsp;Tennis Actu<\/li>\n<\/ol>\n","protected":false},"excerpt":{"rendered":"Titouan Droguet et Terence Atmane passent le premier tour, Pierre-Hugues Herbert sorti au d&rsquo;entr\u00e9e \u00e0 Umag&nbsp;&nbsp;L&rsquo;\u00c9quipe ATP :&hellip;\n","protected":false},"author":2,"featured_media":264087,"comment_status":"","ping_status":"","sticky":false,"template":"","format":"standard","meta":{"footnotes":""},"categories":[1415],"tags":[1011,27,60,1467],"class_list":{"0":"post-264086","1":"post","2":"type-post","3":"status-publish","4":"format-standard","5":"has-post-thumbnail","7":"category-tennis","8":"tag-fr","9":"tag-france","10":"tag-sports","11":"tag-tennis"},"share_on_mastodon":{"url":"https:\/\/pubeurope.com\/@fr\/114892914187759915","error":""},"_links":{"self":[{"href":"https:\/\/www.europesays.com\/fr\/wp-json\/wp\/v2\/posts\/264086","targetHints":{"allow":["GET"]}}],"collection":[{"href":"https:\/\/www.europesays.com\/fr\/wp-json\/wp\/v2\/posts"}],"about":[{"href":"https:\/\/www.europesays.com\/fr\/wp-json\/wp\/v2\/types\/post"}],"author":[{"embeddable":true,"href":"https:\/\/www.europesays.com\/fr\/wp-json\/wp\/v2\/users\/2"}],"replies":[{"embeddable":true,"href":"https:\/\/www.europesays.com\/fr\/wp-json\/wp\/v2\/comments?post=264086"}],"version-history":[{"count":0,"href":"https:\/\/www.europesays.com\/fr\/wp-json\/wp\/v2\/posts\/264086\/revisions"}],"wp:featuredmedia":[{"embeddable":true,"href":"https:\/\/www.europesays.com\/fr\/wp-json\/wp\/v2\/media\/264087"}],"wp:attachment":[{"href":"https:\/\/www.europesays.com\/fr\/wp-json\/wp\/v2\/media?parent=264086"}],"wp:term":[{"taxonomy":"category","embeddable":true,"href":"https:\/\/www.europesays.com\/fr\/wp-json\/wp\/v2\/categories?post=264086"},{"taxonomy":"post_tag","embeddable":true,"href":"https:\/\/www.europesays.com\/fr\/wp-json\/wp\/v2\/tags?post=264086"}],"curies":[{"name":"wp","href":"https:\/\/api.w.org\/{rel}","templated":true}]}}