{"id":264090,"date":"2025-07-21T19:40:15","date_gmt":"2025-07-21T19:40:15","guid":{"rendered":"https:\/\/www.europesays.com\/fr\/264090\/"},"modified":"2025-07-21T19:40:15","modified_gmt":"2025-07-21T19:40:15","slug":"le-nicois-gaetan-laborde-rejoint-larabie-saoudite","status":"publish","type":"post","link":"https:\/\/www.europesays.com\/fr\/264090\/","title":{"rendered":"le Ni\u00e7ois Ga\u00ebtan Laborde rejoint l\u2019Arabie saoudite"},"content":{"rendered":"<p>L\u2019attaquant de l\u2019OGC Nice s\u2019est engag\u00e9 ce lundi avec le club saoudien de deuxi\u00e8me division de Diriyah.<\/p>\n<p class=\"fig-paragraph\">L&rsquo;attaquant de\u00a0<a href=\"http:\/\/www.lefigaro.fr\/sports\/football\/ligue-des-champions\/ligue-des-champions-la-tuile-pour-nice-qui-defiera-benfica-20250721\" data-fig-type=\"NewsFlash\" data-gtm-custom-categorie=\"navigation\" data-gtm-custom-action=\"crossclick\" data-gtm-custom-label=\"Contextuel\" data-gtm-event=\"customEventSPE\" data-fig-domain=\"LEFIGARO\" target=\"_blank\" rel=\"noopener\">Nice<\/a>, Ga\u00ebtan Laborde, 31 ans, s&rsquo;est engag\u00e9 avec le club saoudien de deuxi\u00e8me division de Diriyah, a annonc\u00e9 ce lundi le club azur\u00e9en.<\/p>\n<p class=\"fig-paragraph\">En trois saisons avec Nice, Laborde a disput\u00e9 118 rencontres, inscrit 33 buts et fait 11 passes d\u00e9cisives. La saison derni\u00e8re, il avait particip\u00e9 activement \u00e0 la qualification du club pour le 3e tour pr\u00e9liminaire de Ligue des champions en inscrivant 11 buts et effectu\u00e9 quatre passes d\u00e9cisives en 28 matches de L1.<\/p>\n<p>                                    <a class=\"fig-a11y-skip a11y-hidden\" href=\"#fig-a11y-skip-main-inarticle\"><br \/>\n        Passer la publicit\u00e9<br \/>\n    <\/a><\/p>\n<p class=\"fig-paragraph\">Joueur exp\u00e9riment\u00e9 de l&rsquo;\u00e9lite en France o\u00f9 il compte 297 matches de L1 (88 buts) sous les couleurs de Nice, Rennes, Montpellier et Bordeaux, Laborde va conna\u00eetre la premi\u00e8re exp\u00e9rience \u00e0 l&rsquo;\u00e9tranger de sa carri\u00e8re, dans un club qui lui offre des conditions salariales sup\u00e9rieures \u00e0 celles de Nice, o\u00f9 il poss\u00e9dait l&rsquo;un des salaires les plus \u00e9lev\u00e9s du vestiaire.<\/p>\n<p>Guessand courtis\u00e9<\/p>\n<p class=\"fig-paragraph\">Transf\u00e9r\u00e9 \u00e0 un an de la fin de son contrat pour un peu plus de 4 millions d&rsquo;euros, selon diff\u00e9rentes sources proches du dossier, Laborde est le deuxi\u00e8me Ni\u00e7ois \u00e0 signer en Arabie saoudite cet \u00e9t\u00e9, apr\u00e8s le gardien polonais Marcin Bulka \u00e0 Neom.<\/p>\n<p class=\"fig-paragraph\">Pendant ce temps, un effectif de 27 joueurs ni\u00e7ois, dont Evann Guessand tr\u00e8s courtis\u00e9, est parti en stage \u00e0 Anif en Autriche, o\u00f9 sera pr\u00e9par\u00e9 le 3e tour pr\u00e9liminaire de Ligue des champions contre Benfica (aller: 5 ou 6 ao\u00fbt \u00e0 Nice, retour: 12 ao\u00fbt \u00e0 Lisbonne) avec deux matches, contre les N\u00e9erlandais du Feyenoord Rotterdam et les Allemands de Sankt Pauli, le samedi 26 juillet, le matin pour le premier, dans l&rsquo;apr\u00e8s-midi pour le second.<\/p>\n","protected":false},"excerpt":{"rendered":"L\u2019attaquant de l\u2019OGC Nice s\u2019est engag\u00e9 ce lundi avec le club saoudien de deuxi\u00e8me division de Diriyah. L&rsquo;attaquant&hellip;\n","protected":false},"author":2,"featured_media":264091,"comment_status":"","ping_status":"","sticky":false,"template":"","format":"standard","meta":{"footnotes":""},"categories":[1412],"tags":[1451,1452,1453,1454,1455,1011,27,40346,2268,60],"class_list":{"0":"post-264090","1":"post","2":"type-post","3":"status-publish","4":"format-standard","5":"has-post-thumbnail","7":"category-f1","8":"tag-f1","9":"tag-formula-1","10":"tag-formula1","11":"tag-formule-1","12":"tag-formule1","13":"tag-fr","14":"tag-france","15":"tag-gaetan-laborde","16":"tag-ogc-nice","17":"tag-sports"},"share_on_mastodon":{"url":"https:\/\/pubeurope.com\/@fr\/114892926069181126","error":""},"_links":{"self":[{"href":"https:\/\/www.europesays.com\/fr\/wp-json\/wp\/v2\/posts\/264090","targetHints":{"allow":["GET"]}}],"collection":[{"href":"https:\/\/www.europesays.com\/fr\/wp-json\/wp\/v2\/posts"}],"about":[{"href":"https:\/\/www.europesays.com\/fr\/wp-json\/wp\/v2\/types\/post"}],"author":[{"embeddable":true,"href":"https:\/\/www.europesays.com\/fr\/wp-json\/wp\/v2\/users\/2"}],"replies":[{"embeddable":true,"href":"https:\/\/www.europesays.com\/fr\/wp-json\/wp\/v2\/comments?post=264090"}],"version-history":[{"count":0,"href":"https:\/\/www.europesays.com\/fr\/wp-json\/wp\/v2\/posts\/264090\/revisions"}],"wp:featuredmedia":[{"embeddable":true,"href":"https:\/\/www.europesays.com\/fr\/wp-json\/wp\/v2\/media\/264091"}],"wp:attachment":[{"href":"https:\/\/www.europesays.com\/fr\/wp-json\/wp\/v2\/media?parent=264090"}],"wp:term":[{"taxonomy":"category","embeddable":true,"href":"https:\/\/www.europesays.com\/fr\/wp-json\/wp\/v2\/categories?post=264090"},{"taxonomy":"post_tag","embeddable":true,"href":"https:\/\/www.europesays.com\/fr\/wp-json\/wp\/v2\/tags?post=264090"}],"curies":[{"name":"wp","href":"https:\/\/api.w.org\/{rel}","templated":true}]}}