{"id":264092,"date":"2025-07-21T19:41:11","date_gmt":"2025-07-21T19:41:11","guid":{"rendered":"https:\/\/www.europesays.com\/fr\/264092\/"},"modified":"2025-07-21T19:41:11","modified_gmt":"2025-07-21T19:41:11","slug":"tour-de-france-2025-pogacar-vs-vingegaard-le-match-nest-pas-fini-je-suis-pret-a-sacrifier-ma-deuxieme-place-pour-essayer-de-gagner","status":"publish","type":"post","link":"https:\/\/www.europesays.com\/fr\/264092\/","title":{"rendered":"Tour de France 2025 \u2013 Pogacar vs Vingegaard, le match n&rsquo;est pas fini\u00a0: \u00ab\u00a0Je suis pr\u00eat \u00e0 sacrifier ma deuxi\u00e8me place pour essayer de gagner\u00a0\u00bb"},"content":{"rendered":"<p>Pourquoi Vingegaard peut encore y croire ?<\/p>\n<ol class=\"ap-StoryLinkElement list-decimal ap-StoryElement ap-StoryElement--mb\">\n<li class=\"ap-StoryLinkElement-item\"><b>Il n&rsquo;a pas encore l\u00e2ch\u00e9 mentalement<\/b><\/li>\n<\/ol>\n<p class=\"ap-StoryElement ap-StoryElement--mb ap-StoryText\">Il faut l&rsquo;avouer, pour trouver des raisons de croire encore au succ\u00e8s du Danois sur cette Grande Boucle, il a fallu se creuser un peu les m\u00e9ninges. D&rsquo;autant que Jonas Vingegaard aurait franchement de quoi \u00eatre abattu apr\u00e8s ces deux semaines o\u00f9 il a \u00e9t\u00e9 torpill\u00e9 par un Pogacar irr\u00e9sistible. Mais non, le Danois y croit toujours, plus que jamais m\u00eame. Et cela constitue d\u00e9j\u00e0 un motif d&rsquo;espoir dans la perspective dans un grand spectacle dans cette 3e semaine. \u00ab\u00a0C&rsquo;est un gros \u00e9cart, mais ma force, c&rsquo;est la troisi\u00e8me semaine. On doit attaquer, essayer quelque chose. J&rsquo;ai perdu du temps sur deux mauvaises journ\u00e9es, mais je sais que mon niveau r\u00e9el est bien meilleur. \u00c7a m&rsquo;aide \u00e0 garder foi en moi. Je suis pr\u00eat \u00e0 sacrifier ma deuxi\u00e8me place pour essayer de gagner\u00a0\u00bb, a-t-il averti lors de la journ\u00e9e de repos.<\/p>\n<ol class=\"ap-StoryLinkElement list-decimal ap-StoryElement ap-StoryElement--mb\">\n<li class=\"ap-StoryLinkElement-item\"><b>Visma veut la peau d&rsquo;UAE<\/b><\/li>\n<\/ol>\n<p class=\"ap-StoryElement ap-StoryElement--mb ap-StoryText\">En d\u00e9plorant ouvertement la strat\u00e9gie de l&rsquo;\u00e9quipe n\u00e9erlandaise d&rsquo;attaquer pour rallier l&rsquo;\u00e9chapp\u00e9e alors que le Danois \u00e9tait pris dans une chute, lors de l&rsquo;\u00e9tape dominicale, Pogacar a remis de l&rsquo;huile sur le feu dans la gu\u00e9guerre m\u00e9diatique qui oppose les deux formations. \u00ab\u00a0Si j&rsquo;\u00e9tais dans la situation de Vingegaard, je ne serais pas le plus heureux \u00e0 table ce soir\u00a0\u00bb, a d\u00e9clar\u00e9 le Slov\u00e8ne sur TV2. Une pique \u00e0 laquelle Wout van Aert s&rsquo;est charg\u00e9 de r\u00e9pondre : \u00ab\u00a0Si Tadej s&rsquo;\u00e9tait simplement repli\u00e9 dans le groupe de Jonas, cela aurait \u00e9t\u00e9 vraiment sportif. Maintenant, il se plaint de quelque chose qui n&rsquo;existe pas.\u00a0\u00bb Et comme on dit que rien n&rsquo;unit plus qu&rsquo;un ennemi commun, Pogacar est pr\u00e9venu.<\/p>\n<ol class=\"ap-StoryLinkElement list-decimal ap-StoryElement ap-StoryElement--mb\">\n<li class=\"ap-StoryLinkElement-item\"><b>Pogacar a d\u00e9j\u00e0 sombr\u00e9 au Col de la Loze<\/b><\/li>\n<\/ol>\n<p class=\"ap-StoryElement ap-StoryElement--mb ap-StoryText\">\u00ab\u00a0Cette ann\u00e9e, le parcours, je suis presque s\u00fbr qu&rsquo;il a \u00e9t\u00e9 con\u00e7u pour me faire un peu peur. On est all\u00e9s \u00e0 Hautacam, on va au Ventoux, au Col de la Loze : exactement l\u00e0 o\u00f9 Jonas m&rsquo;a l\u00e2ch\u00e9 trois fois\u00a0\u00bb, a d\u00e9clar\u00e9 dans un l\u00e9ger sourire, Tadej Pogacar, ce lundi lors d&rsquo;un point presse. Il faut rappeler que la plus grande d\u00e9faillance du Slov\u00e8ne s&rsquo;est produite sur le Col de la Loze o\u00f9 il avait l\u00e2ch\u00e9 plus de 5 minutes \u00e0 Vingegaard et dit adieu d\u00e9finitivement au Tour en 2023. Si l&rsquo;espace pour une strat\u00e9gie d&rsquo;\u00e9quipe devrait \u00eatre limit\u00e9 ce mardi, avec comme seule ascension le Mont-Ventoux, il pourrait y avoir une br\u00e8che jeudi. Puisque les coureurs escaladeront trois cols Hors Cat\u00e9gorie (le Glandon, la Madeleine, la Loze). De quoi placer des hommes \u00e0 l&rsquo;avant en d\u00e9but d&rsquo;\u00e9tape afin de faire tomber Pogacar sur les pentes du Col de la Loze, une fois de plus ?<\/p>\n<p>Pourquoi Vingegaard ne peut pas y croire ?<\/p>\n<ol class=\"ap-StoryLinkElement list-decimal ap-StoryElement ap-StoryElement--mb\">\n<li class=\"ap-StoryLinkElement-item\"><b>Pogacar est dans la forme de sa vie<\/b><\/li>\n<\/ol>\n<p class=\"ap-StoryElement ap-StoryElement--mb ap-StoryText\">Dans quelques ann\u00e9es lorsque l&rsquo;on devra d\u00e9finir le prime (point le plus haut dans une carri\u00e8re) de Tadej Pogacar, c&rsquo;est s\u00fbrement \u00e0 cette p\u00e9riode des Strade Bianche 2024 et jusqu&rsquo;au Tour 2025 (a minima) \u00e0 laquelle on se r\u00e9f\u00e9rera. Depuis 16 mois, le Slov\u00e8ne para\u00eet intouchable avec ses deux Grands Tours et 4 monuments glan\u00e9s. Et face \u00e0 cette h\u00e9g\u00e9monie, pas un coureur, ni m\u00eame une \u00e9quipe, n&rsquo;a encore trouv\u00e9 la cl\u00e9. Ajoutons \u00e0 cela qu&rsquo;on ne l&rsquo;a plus vu sombrer, \u00e0 la p\u00e9dale, depuis deux ans. Et lorsque l&rsquo;on compte 4 minutes 13 d&rsquo;avance en plus, cela permet de voir venir<\/p>\n<ol class=\"ap-StoryLinkElement list-decimal ap-StoryElement ap-StoryElement--mb\">\n<li class=\"ap-StoryLinkElement-item\"><b>UAE est sup\u00e9rieur \u00e0 Visma<\/b><\/li>\n<\/ol>\n<p class=\"ap-StoryElement ap-StoryElement--mb ap-StoryText\">Il fut une force \u00e9minente par le pass\u00e9, mais le collectif des Visma n&rsquo;est, il faut le dire, plus celui qu&rsquo;il \u00e9tait en 2022 et surtout en 2023 o\u00f9 ils avaient remport\u00e9 tous les grands tours. Les abeilles se sont fait piquer le titre de meilleur collectif par UAE, qui d\u00e9tient un meilleur train, malgr\u00e9 l&rsquo;abandon pr\u00e9matur\u00e9 d&rsquo;Almeida<b>.<\/b><\/p>\n<ol class=\"ap-StoryLinkElement list-decimal ap-StoryElement ap-StoryElement--mb\">\n<li class=\"ap-StoryLinkElement-item\"><b>Le Slov\u00e8ne voudra renforcer sa l\u00e9gende<\/b><\/li>\n<\/ol>\n<p class=\"ap-StoryElement ap-StoryElement--mb ap-StoryText\">Lorsque l&rsquo;on est un grand coureur et que l&rsquo;on veut marquer l&rsquo;histoire du v\u00e9lo, s&rsquo;imposer au sommet du Mont Ventoux est presque une obligation. Le G\u00e9ant de Provence est au v\u00e9lo ce qu&rsquo;est Wimbledon au tennis ou Augusta au golf. Et \u00e7a, Tadej Pogacar, en bon glouton qu&rsquo;il est, le sait. \u00ab\u00a0J&rsquo;aime le Ventoux, c&rsquo;est super iconique\u00a0\u00bb, a-t-il d\u00e9clar\u00e9. Vingegaard est pr\u00e9venu, lui aussi.<\/p>\n","protected":false},"excerpt":{"rendered":"Pourquoi Vingegaard peut encore y croire ? Il n&rsquo;a pas encore l\u00e2ch\u00e9 mentalement Il faut l&rsquo;avouer, pour trouver&hellip;\n","protected":false},"author":2,"featured_media":264093,"comment_status":"","ping_status":"","sticky":false,"template":"","format":"standard","meta":{"footnotes":""},"categories":[1411],"tags":[1154,207,1011,27,27884,60,1138,4173,11698],"class_list":{"0":"post-264092","1":"post","2":"type-post","3":"status-publish","4":"format-standard","5":"has-post-thumbnail","7":"category-cyclisme","8":"tag-cycling","9":"tag-cyclisme","10":"tag-fr","11":"tag-france","12":"tag-jonas-vingegaard","13":"tag-sports","14":"tag-tadej-pogacar","15":"tag-wimbledon","16":"tag-wout-van-aert"},"share_on_mastodon":{"url":"https:\/\/pubeurope.com\/@fr\/114892930031490133","error":""},"_links":{"self":[{"href":"https:\/\/www.europesays.com\/fr\/wp-json\/wp\/v2\/posts\/264092","targetHints":{"allow":["GET"]}}],"collection":[{"href":"https:\/\/www.europesays.com\/fr\/wp-json\/wp\/v2\/posts"}],"about":[{"href":"https:\/\/www.europesays.com\/fr\/wp-json\/wp\/v2\/types\/post"}],"author":[{"embeddable":true,"href":"https:\/\/www.europesays.com\/fr\/wp-json\/wp\/v2\/users\/2"}],"replies":[{"embeddable":true,"href":"https:\/\/www.europesays.com\/fr\/wp-json\/wp\/v2\/comments?post=264092"}],"version-history":[{"count":0,"href":"https:\/\/www.europesays.com\/fr\/wp-json\/wp\/v2\/posts\/264092\/revisions"}],"wp:featuredmedia":[{"embeddable":true,"href":"https:\/\/www.europesays.com\/fr\/wp-json\/wp\/v2\/media\/264093"}],"wp:attachment":[{"href":"https:\/\/www.europesays.com\/fr\/wp-json\/wp\/v2\/media?parent=264092"}],"wp:term":[{"taxonomy":"category","embeddable":true,"href":"https:\/\/www.europesays.com\/fr\/wp-json\/wp\/v2\/categories?post=264092"},{"taxonomy":"post_tag","embeddable":true,"href":"https:\/\/www.europesays.com\/fr\/wp-json\/wp\/v2\/tags?post=264092"}],"curies":[{"name":"wp","href":"https:\/\/api.w.org\/{rel}","templated":true}]}}