{"id":264096,"date":"2025-07-21T19:43:12","date_gmt":"2025-07-21T19:43:12","guid":{"rendered":"https:\/\/www.europesays.com\/fr\/264096\/"},"modified":"2025-07-21T19:43:12","modified_gmt":"2025-07-21T19:43:12","slug":"lacteur-malcolm-jamal-warner-connu-pour-son-role-dans-le-serie-the-cosby-show-est-mort-a-lage-de-54-ans","status":"publish","type":"post","link":"https:\/\/www.europesays.com\/fr\/264096\/","title":{"rendered":"L&rsquo;acteur Malcolm Jamal Warner, connu pour son r\u00f4le dans le s\u00e9rie \u00ab\u00a0The Cosby Show\u00a0\u00bb, est mort \u00e0 l&rsquo;\u00e2ge de 54 ans"},"content":{"rendered":"<p>L&rsquo;acteur Malcom-Jamal Warner, connu pour avoir incarn\u00e9 le r\u00f4le du lyc\u00e9en Theodore Huxtable dans la s\u00e9rie The Cosby Show dans les ann\u00e9es 80-90, est mort \u00e0 l&rsquo;\u00e2ge de 54 ans ce lundi 21 juillet, suite \u00e0 une noyade accidentelle, selon plusieurs m\u00e9dias am\u00e9ricains et britannique, notamment <a href=\"https:\/\/abc7.com\/post\/malcolm-jamal-warner-best-known-playing-theo-huxtable-cosby-show-dies-54\/17228843\/\" rel=\"nofollow noopener\" target=\"_blank\" data-ylk=\"slk:ABC News;elm:context_link;itc:0;sec:content-canvas\" class=\"link \">ABC News<\/a>.<\/p>\n<p>Malcom-Jamal Warner avait \u00e9t\u00e9 nomm\u00e9 pour l&rsquo;Emmy Awards du meilleur acteur dans un second r\u00f4le pour avoir jou\u00e9 le personnage de Theo Huxtable dans la production am\u00e9ricaine co-cr\u00e9\u00e9e par Bill Cosby et class\u00e9e dans de top 20 des meilleurs s\u00e9ries.<\/p>\n<p>\u00ab\u00a0Une s\u00e9rie dont nous sommes tous tr\u00e8s fiers\u00a0\u00bb<\/p>\n<p>\u00ab\u00a0Je sais que je peux parler au nom de toute la distribution en disant que The Cosby Show est une s\u00e9rie dont nous sommes tous tr\u00e8s fiers\u00a0\u00bb, avait confi\u00e9 Malcolm-Jamal Warner au site am\u00e9ricain <a href=\"https:\/\/people.com\/tv\/malcolm-jamal-warner-still-proud-cosby-show-legacy\/\" rel=\"nofollow noopener\" target=\"_blank\" data-ylk=\"slk:People;elm:context_link;itc:0;sec:content-canvas\" class=\"link \">People<\/a> au cours d&rsquo;une interview en 2023.<\/p>\n<p>Outre son r\u00f4le dans le Cosby Show, l&rsquo;acteur \u00e9tait notamment connu pour avoir jou\u00e9 Malcolm McGee, un des r\u00f4les principaux dans la s\u00e9rie Malcolm &amp; Eddie. Il campait le personnage d&rsquo;un jeune d&rsquo;une vingtaine d&rsquo;ann\u00e9es en colocation avec Eddie, jou\u00e9 par Eddie Griffin.<\/p>\n<p>Dans les ann\u00e9es 2000, l&rsquo;acteur est apparu dans plusieurs autres s\u00e9ries am\u00e9ricaines comme Reed Between the Lines aux c\u00f4t\u00e9s de Tracee Ellis Ross,The Resident, ou encore American Horror Story.<\/p>\n<p><a href=\"https:\/\/www.bfmtv.com\/people\/series\/l-acteur-malcolm-jamal-warner-connu-pour-son-role-dans-le-serie-the-cosby-show-est-mort-a-l-age-de-54-ans_AN-202507210508.html#xtor=AL-68\" rel=\"nofollow noopener\" target=\"_blank\" data-ylk=\"slk:Article original publi\u00e9 sur BFMTV.com;elm:context_link;itc:0;sec:content-canvas\" class=\"link \">Article original publi\u00e9 sur BFMTV.com<\/a><\/p>\n","protected":false},"excerpt":{"rendered":"L&rsquo;acteur Malcom-Jamal Warner, connu pour avoir incarn\u00e9 le r\u00f4le du lyc\u00e9en Theodore Huxtable dans la s\u00e9rie The Cosby&hellip;\n","protected":false},"author":2,"featured_media":264097,"comment_status":"","ping_status":"","sticky":false,"template":"","format":"standard","meta":{"footnotes":""},"categories":[1359],"tags":[40333,40334,58,59,1011,27,13466,40349,40348,973,40347],"class_list":{"0":"post-264096","1":"post","2":"type-post","3":"status-publish","4":"format-standard","5":"has-post-thumbnail","7":"category-people","8":"tag-bill-cosby","9":"tag-cosby-show","10":"tag-divertissement","11":"tag-entertainment","12":"tag-fr","13":"tag-france","14":"tag-lacteur","15":"tag-malcolm-jamal-warner","16":"tag-malcom-jamal-warner","17":"tag-people","18":"tag-theodore-huxtable"},"share_on_mastodon":{"url":"https:\/\/pubeurope.com\/@fr\/114892937843228393","error":""},"_links":{"self":[{"href":"https:\/\/www.europesays.com\/fr\/wp-json\/wp\/v2\/posts\/264096","targetHints":{"allow":["GET"]}}],"collection":[{"href":"https:\/\/www.europesays.com\/fr\/wp-json\/wp\/v2\/posts"}],"about":[{"href":"https:\/\/www.europesays.com\/fr\/wp-json\/wp\/v2\/types\/post"}],"author":[{"embeddable":true,"href":"https:\/\/www.europesays.com\/fr\/wp-json\/wp\/v2\/users\/2"}],"replies":[{"embeddable":true,"href":"https:\/\/www.europesays.com\/fr\/wp-json\/wp\/v2\/comments?post=264096"}],"version-history":[{"count":0,"href":"https:\/\/www.europesays.com\/fr\/wp-json\/wp\/v2\/posts\/264096\/revisions"}],"wp:featuredmedia":[{"embeddable":true,"href":"https:\/\/www.europesays.com\/fr\/wp-json\/wp\/v2\/media\/264097"}],"wp:attachment":[{"href":"https:\/\/www.europesays.com\/fr\/wp-json\/wp\/v2\/media?parent=264096"}],"wp:term":[{"taxonomy":"category","embeddable":true,"href":"https:\/\/www.europesays.com\/fr\/wp-json\/wp\/v2\/categories?post=264096"},{"taxonomy":"post_tag","embeddable":true,"href":"https:\/\/www.europesays.com\/fr\/wp-json\/wp\/v2\/tags?post=264096"}],"curies":[{"name":"wp","href":"https:\/\/api.w.org\/{rel}","templated":true}]}}