{"id":264098,"date":"2025-07-21T19:44:11","date_gmt":"2025-07-21T19:44:11","guid":{"rendered":"https:\/\/www.europesays.com\/fr\/264098\/"},"modified":"2025-07-21T19:44:11","modified_gmt":"2025-07-21T19:44:11","slug":"au-centre-pompidou-metz-linegal-feu-de-miroir-de-lexposition-copistes-liberation","status":"publish","type":"post","link":"https:\/\/www.europesays.com\/fr\/264098\/","title":{"rendered":"Au centre Pompidou-Metz, l\u2019in\u00e9gal feu de\u00a0miroir de l\u2019exposition \u00abCopistes\u00bb \u2013 Lib\u00e9ration"},"content":{"rendered":"<p class=\"sc-ksZaOG ehjQrN text-element\">En voil\u00e0 une exposition amusante\u2026 et un peu casse-gueule. Sur le papier, l\u2019id\u00e9e est s\u00e9duisante : cent artistes de la sc\u00e8ne contemporaine ont \u00e9t\u00e9 invit\u00e9s \u00e0 copier une \u0153uvre du Louvre en toute libert\u00e9, selon ce qui leur \u00absemble juste aujourd\u2019hui\u00bb \u2013 les commissaires (Chiara Parisi et Donatien Grau) n\u2019attendaient pas une reproduction fid\u00e8le, mais plut\u00f4t une cr\u00e9ation en accord avec l\u2019\u0153uvre de chacun. Car si la copie est devenue suspecte (\u00abLes bons artistes copient, les grands artistes volent\u00bb a dit Picasso torpillant ainsi cette pratique au XXe si\u00e8cle), on le sait, les plasticiens regardent encore beaucoup les \u0153uvres du pass\u00e9, ils s\u2019en inspirent aussi.<\/p>\n<p class=\"sc-ksZaOG ehjQrN text-element\">Apr\u00e8s un d\u00e9lai serr\u00e9 \u2013 moins d\u2019un an \u2013, les \u00abcopies\u00bb actuelles \u2013 sculptures, peintures, installations, v\u00eatements, vid\u00e9os \u2013 ont donc \u00e9t\u00e9 rendues et les voici accroch\u00e9es au centre Pompidou-Metz dans un parcours h\u00e9t\u00e9rog\u00e8ne qui assemble tant bien que mal des signatures tr\u00e8s diff\u00e9rentes. Une d\u00e9ception, d\u00e8s le d\u00e9but du parcours : aucun rappel de l\u2019\u0153uvre originale du Louvre n\u2019est affich\u00e9 pr\u00e8s de la cr\u00e9ation. Comment voir alors les libert\u00e9s que les artistes ont prises avec l\u2019\u0153uvre originale, aussi c\u00e9l\u00e8bre soit-elle ? Dommage, car il est assez amusant de parcourir l\u2019exposition avec le regard d\u2019un professeur \u00e0 qui l\u2019on rend une \u00abcopie\u00bb : le contrat a-t-il \u00e9t\u00e9 rempli ? Comment s\u2019est d\u00e9patouill\u00e9 l\u2019artiste avec son sujet ?<\/p>\n<p class=\"sc-ksZaOG ehjQrN text-element\">Les \u0153uvres de \u00abCopistes\u00bb peuvent ainsi se regarder comme celles d\u2019une joyeuse classe turbulente, parfois brilla<\/p>\n","protected":false},"excerpt":{"rendered":"En voil\u00e0 une exposition amusante\u2026 et un peu casse-gueule. Sur le papier, l\u2019id\u00e9e est s\u00e9duisante : cent artistes&hellip;\n","protected":false},"author":2,"featured_media":264099,"comment_status":"","ping_status":"","sticky":false,"template":"","format":"standard","meta":{"footnotes":""},"categories":[1358],"tags":[1348,1384,1385,1386,58,59,1011,27],"class_list":{"0":"post-264098","1":"post","2":"type-post","3":"status-publish","4":"format-standard","5":"has-post-thumbnail","7":"category-arts-et-design","8":"tag-arts","9":"tag-arts-and-design","10":"tag-arts-et-design","11":"tag-design","12":"tag-divertissement","13":"tag-entertainment","14":"tag-fr","15":"tag-france"},"share_on_mastodon":{"url":"https:\/\/pubeurope.com\/@fr\/114892942326588784","error":""},"_links":{"self":[{"href":"https:\/\/www.europesays.com\/fr\/wp-json\/wp\/v2\/posts\/264098","targetHints":{"allow":["GET"]}}],"collection":[{"href":"https:\/\/www.europesays.com\/fr\/wp-json\/wp\/v2\/posts"}],"about":[{"href":"https:\/\/www.europesays.com\/fr\/wp-json\/wp\/v2\/types\/post"}],"author":[{"embeddable":true,"href":"https:\/\/www.europesays.com\/fr\/wp-json\/wp\/v2\/users\/2"}],"replies":[{"embeddable":true,"href":"https:\/\/www.europesays.com\/fr\/wp-json\/wp\/v2\/comments?post=264098"}],"version-history":[{"count":0,"href":"https:\/\/www.europesays.com\/fr\/wp-json\/wp\/v2\/posts\/264098\/revisions"}],"wp:featuredmedia":[{"embeddable":true,"href":"https:\/\/www.europesays.com\/fr\/wp-json\/wp\/v2\/media\/264099"}],"wp:attachment":[{"href":"https:\/\/www.europesays.com\/fr\/wp-json\/wp\/v2\/media?parent=264098"}],"wp:term":[{"taxonomy":"category","embeddable":true,"href":"https:\/\/www.europesays.com\/fr\/wp-json\/wp\/v2\/categories?post=264098"},{"taxonomy":"post_tag","embeddable":true,"href":"https:\/\/www.europesays.com\/fr\/wp-json\/wp\/v2\/tags?post=264098"}],"curies":[{"name":"wp","href":"https:\/\/api.w.org\/{rel}","templated":true}]}}