{"id":264110,"date":"2025-07-21T19:50:10","date_gmt":"2025-07-21T19:50:10","guid":{"rendered":"https:\/\/www.europesays.com\/fr\/264110\/"},"modified":"2025-07-21T19:50:10","modified_gmt":"2025-07-21T19:50:10","slug":"atp-toronto-carlos-alcaraz-forfait-au-canada-son-agent-dement-les-rumeurs-nous-navons-pas-encore-decide","status":"publish","type":"post","link":"https:\/\/www.europesays.com\/fr\/264110\/","title":{"rendered":"ATP &#8211; Toronto > Carlos Alcaraz forfait au Canada ? Son agent d\u00e9ment les rumeurs : \u00ab\u00a0Nous n&rsquo;avons pas encore d\u00e9cid\u00e9\u00a0\u00bb"},"content":{"rendered":"<p>Alors que la presse espa\u00adgnole annon\u00ad\u00e7ait ce lundi le forfait de Carlos Alcaraz pour le Masters 1000 de Toronto (du 27 juillet au 7 ao\u00fbt), l\u2019agent du joueur espa\u00adgnol, Albert Molina, inter\u00adrog\u00e9 par DAZN, a tenu \u00e0 d\u00e9mentir ces informations.\u00a0<\/p>\n<p>Alors qu\u2019il \u00e9tait inter\u00adrog\u00e9 sur la pr\u00e9sence de son joueur \u00e0 Cincinnati dans deux semaines, Molina n\u2019a pas ferm\u00e9 la porte \u00e0 un retour au Canada. <strong>\u00ab\u202fIl (Carlos Alcaraz) envi\u00adsage m\u00eame de revenir \u00e0 Toronto\u202f; nous n\u2019avons pas encore d\u00e9cid\u00e9.\u202f\u00bb<\/strong><\/p>\n<p>Un vrai signe d\u2019es\u00adpoir pour les fans locaux qui seront d\u00e9j\u00e0 priv\u00e9s de Jannik Sinner, Novak Djokovic et Jack Draper.\u00a0<\/p>\n<p class=\"post-published-date\" style=\"color: silver; font-size: 75%; text-align: left;\">Publi\u00e9 le lundi 21 juillet 2025 \u00e0 19:44<\/p>\n","protected":false},"excerpt":{"rendered":"Alors que la presse espa\u00adgnole annon\u00ad\u00e7ait ce lundi le forfait de Carlos Alcaraz pour le Masters 1000 de&hellip;\n","protected":false},"author":2,"featured_media":264111,"comment_status":"","ping_status":"","sticky":false,"template":"","format":"standard","meta":{"footnotes":""},"categories":[9],"tags":[1744,105,4388,1011,27,2127,60],"class_list":{"0":"post-264110","1":"post","2":"type-post","3":"status-publish","4":"format-standard","5":"has-post-thumbnail","7":"category-sports","8":"tag-alcaraz","9":"tag-djokovic","10":"tag-draper","11":"tag-fr","12":"tag-france","13":"tag-sinner","14":"tag-sports"},"share_on_mastodon":{"url":"https:\/\/pubeurope.com\/@fr\/114892965420043675","error":""},"_links":{"self":[{"href":"https:\/\/www.europesays.com\/fr\/wp-json\/wp\/v2\/posts\/264110","targetHints":{"allow":["GET"]}}],"collection":[{"href":"https:\/\/www.europesays.com\/fr\/wp-json\/wp\/v2\/posts"}],"about":[{"href":"https:\/\/www.europesays.com\/fr\/wp-json\/wp\/v2\/types\/post"}],"author":[{"embeddable":true,"href":"https:\/\/www.europesays.com\/fr\/wp-json\/wp\/v2\/users\/2"}],"replies":[{"embeddable":true,"href":"https:\/\/www.europesays.com\/fr\/wp-json\/wp\/v2\/comments?post=264110"}],"version-history":[{"count":0,"href":"https:\/\/www.europesays.com\/fr\/wp-json\/wp\/v2\/posts\/264110\/revisions"}],"wp:featuredmedia":[{"embeddable":true,"href":"https:\/\/www.europesays.com\/fr\/wp-json\/wp\/v2\/media\/264111"}],"wp:attachment":[{"href":"https:\/\/www.europesays.com\/fr\/wp-json\/wp\/v2\/media?parent=264110"}],"wp:term":[{"taxonomy":"category","embeddable":true,"href":"https:\/\/www.europesays.com\/fr\/wp-json\/wp\/v2\/categories?post=264110"},{"taxonomy":"post_tag","embeddable":true,"href":"https:\/\/www.europesays.com\/fr\/wp-json\/wp\/v2\/tags?post=264110"}],"curies":[{"name":"wp","href":"https:\/\/api.w.org\/{rel}","templated":true}]}}