{"id":264112,"date":"2025-07-21T19:51:10","date_gmt":"2025-07-21T19:51:10","guid":{"rendered":"https:\/\/www.europesays.com\/fr\/264112\/"},"modified":"2025-07-21T19:51:10","modified_gmt":"2025-07-21T19:51:10","slug":"notre-resume-des-vieilles-charrues-2025-en-video","status":"publish","type":"post","link":"https:\/\/www.europesays.com\/fr\/264112\/","title":{"rendered":"Notre r\u00e9sum\u00e9 des Vieilles Charrues 2025 en vid\u00e9o"},"content":{"rendered":"<p><a href=\"https:\/\/www.letelegramme.fr\/culture-loisirs\/festivals\/vieilles-charrues\/julien-dore-retourne-les-vieilles-charrues-des-son-entree-sur-scene-6857950.php\" target=\"_blank\" rel=\"noopener\">Julien Dor\u00e9 a peut-\u00eatre livr\u00e9 l\u2019un des concerts les plus marquants de cette 33e \u00e9dition des Vieilles Charrues<\/a> le vendredi lors duquel il avait \u00e9videmment pr\u00e9par\u00e9 quelques surprises pour le plus grand plaisir d\u2019une foule particuli\u00e8rement r\u00e9ceptive. Mais cette journ\u00e9e a aussi \u00e9t\u00e9 marqu\u00e9e par l\u2019engagement de plusieurs artistes \u00e0 l\u2019affiche\u00a0: que ce soit contre le racisme, l\u2019homophobie ou en soutien \u00e0 la Palestine, l\u2019Am\u00e9ricain Macklemore, le rappeur TIF ou la prometteuse Solann ont tous exprim\u00e9 des positions importantes.<\/p>\n<p>Concert d\u2019adieu et concert joyeux<\/p>\n<p>C\u2019est une annonce compl\u00e8tement inattendue faite par les organisateurs des Vieilles Charrues en fin de matin\u00e9e, samedi. <a href=\"https:\/\/www.letelegramme.fr\/culture-loisirs\/festivals\/vieilles-charrues\/martin-solveig-a-fait-le-dernier-concert-de-sa-carriere-aux-vieilles-charrues-video-6858301.php\" target=\"_blank\" rel=\"noopener\">Le concert du soir de Martin Solveig sera le tout dernier de son immense carri\u00e8re de DJ<\/a>. Il a donc livr\u00e9 une derni\u00e8re prestation particuli\u00e8rement attendue et fait monter sur sc\u00e8ne ses proches.<\/p>\n<p>Avant lui, le trio Fleuves a livr\u00e9 un concert \u00e9v\u00e9nement avec plus de 200 danseurs et danseuses de cercles qui ont invit\u00e9 le public \u00e0 une prestation collective particuli\u00e8rement puissante. <a href=\"https:\/\/www.letelegramme.fr\/culture-loisirs\/festivals\/vieilles-charrues\/on-est-sales-mais-cetait-genial-aux-vieilles-charrues-fleuves-orchestre-un-fest-deiz-geant-video-6858245.php\" target=\"_blank\" rel=\"noopener\">Ce fest-deiz g\u00e9ant a \u00e9t\u00e9 l\u2019un des grands moments de cette \u00e9dition<\/a>. Aurora et Philippe Katerine ont eux aussi marqu\u00e9 de leur empreinte cette journ\u00e9e de samedi.<\/p>\n<p>Communion entre public et artistes<\/p>\n<p>Clap de fin le dimanche pour la quatri\u00e8me et derni\u00e8re journ\u00e9e de festival \u00e0 Carhaix. Avant qu\u2019Ofenbach ne referme cette \u00e9dition, la journ\u00e9e a \u00e9t\u00e9 marqu\u00e9e par la proximit\u00e9 des artistes du jour et du public. Ce sont d\u2019abord les rockeurs de Last Train qui ont enflamm\u00e9 le public, <a href=\"https:\/\/www.letelegramme.fr\/culture-loisirs\/festivals\/vieilles-charrues\/quand-le-chanteur-de-last-train-joue-en-etant-porte-par-la-foule-des-vieilles-charrues-en-images-6858676.php\" title=\"www.letelegramme.fr\" target=\"_blank\" rel=\"noopener\">leur chanteur-guitariste finissant par jouer port\u00e9 par la foule<\/a>. Ben Mazu\u00e9 a aussi su toucher, \u00e0 sa mani\u00e8re, les festivaliers, livrant avec \u00e9motion son plaisir d\u2019\u00eatre l\u00e0 et en retra\u00e7ant son parcours\u00a0: ses chagrins d\u2019amour, les r\u00e9conciliations, les enfants et leur garde.<\/p>\n<p>Zaho de Sagazan a \u00e9galement fait preuve d\u2019une profonde g\u00e9n\u00e9rosit\u00e9, n\u2019h\u00e9sitant pas \u00e0 \u00e9changer avec son public. Pleine d\u2019\u00e9nergie, elle s\u2019affirme comme l\u2019un des grands noms de la sc\u00e8ne actuelle de la chanson fran\u00e7aise. Juste apr\u00e8s elle, le chanteur des Sex Pistols reform\u00e9s s\u2019est aussi livr\u00e9 \u00e0 un bain de foule qu\u2019a appr\u00e9ci\u00e9 le public des Charrues qui a retrouv\u00e9 <a href=\"https:\/\/www.letelegramme.fr\/culture-loisirs\/festivals\/vieilles-charrues\/je-retrouve-lenergie-et-la-decadence-aux-vieilles-charrues-les-sex-pistols-et-franck-carter-decoiffent-les-vieilles-charrues-6858733.php\" target=\"_blank\" rel=\"noopener\">\u00ab\u00a0l\u2019\u00e9nergie et la d\u00e9cadence\u00a0\u00bb qui font le sel du groupe de punk<\/a>. Enfin, le rappeur belge Damso, s\u2019il a beaucoup moins \u00e9chang\u00e9 avec la foule, a livr\u00e9 un show millim\u00e9tr\u00e9 avec une prestation sc\u00e9nique assez impressionnante. Merci les Charrues, c\u2019\u00e9tait grand, c\u2019\u00e9tait beau. Et maintenant, <a href=\"https:\/\/www.letelegramme.fr\/culture-loisirs\/festivals\/vieilles-charrues\/les-dates-des-vieilles-charrues-2026-sont-connues-rendez-vous-a-carhaix-du-16-au-19-juillet-6858715.php\" target=\"_blank\" rel=\"noopener\">\u00e0 l\u2019ann\u00e9e prochaine\u00a0: du 16 au 19 juillet 2026<\/a>\u00a0!<\/p>\n","protected":false},"excerpt":{"rendered":"Julien Dor\u00e9 a peut-\u00eatre livr\u00e9 l\u2019un des concerts les plus marquants de cette 33e \u00e9dition des Vieilles Charrues&hellip;\n","protected":false},"author":2,"featured_media":264113,"comment_status":"","ping_status":"","sticky":false,"template":"","format":"standard","meta":{"footnotes":""},"categories":[8],"tags":[11,829,5934,251,58,765,59,3337,1011,27,873,2955,38885,35758],"class_list":{"0":"post-264112","1":"post","2":"type-post","3":"status-publish","4":"format-standard","5":"has-post-thumbnail","7":"category-divertissement","8":"tag-actualites","9":"tag-bretagne","10":"tag-carhaix-plouguer","11":"tag-culture","12":"tag-divertissement","13":"tag-en-continu","14":"tag-entertainment","15":"tag-festivals","16":"tag-fr","17":"tag-france","18":"tag-musique","19":"tag-videos","20":"tag-vieilles-charrues-2025","21":"tag-vieilles-charrues"},"share_on_mastodon":{"url":"https:\/\/pubeurope.com\/@fr\/114892969334534484","error":""},"_links":{"self":[{"href":"https:\/\/www.europesays.com\/fr\/wp-json\/wp\/v2\/posts\/264112","targetHints":{"allow":["GET"]}}],"collection":[{"href":"https:\/\/www.europesays.com\/fr\/wp-json\/wp\/v2\/posts"}],"about":[{"href":"https:\/\/www.europesays.com\/fr\/wp-json\/wp\/v2\/types\/post"}],"author":[{"embeddable":true,"href":"https:\/\/www.europesays.com\/fr\/wp-json\/wp\/v2\/users\/2"}],"replies":[{"embeddable":true,"href":"https:\/\/www.europesays.com\/fr\/wp-json\/wp\/v2\/comments?post=264112"}],"version-history":[{"count":0,"href":"https:\/\/www.europesays.com\/fr\/wp-json\/wp\/v2\/posts\/264112\/revisions"}],"wp:featuredmedia":[{"embeddable":true,"href":"https:\/\/www.europesays.com\/fr\/wp-json\/wp\/v2\/media\/264113"}],"wp:attachment":[{"href":"https:\/\/www.europesays.com\/fr\/wp-json\/wp\/v2\/media?parent=264112"}],"wp:term":[{"taxonomy":"category","embeddable":true,"href":"https:\/\/www.europesays.com\/fr\/wp-json\/wp\/v2\/categories?post=264112"},{"taxonomy":"post_tag","embeddable":true,"href":"https:\/\/www.europesays.com\/fr\/wp-json\/wp\/v2\/tags?post=264112"}],"curies":[{"name":"wp","href":"https:\/\/api.w.org\/{rel}","templated":true}]}}