{"id":264114,"date":"2025-07-21T19:52:11","date_gmt":"2025-07-21T19:52:11","guid":{"rendered":"https:\/\/www.europesays.com\/fr\/264114\/"},"modified":"2025-07-21T19:52:11","modified_gmt":"2025-07-21T19:52:11","slug":"apollo-11-les-fichiers-oublies-une-reconstitution-meticuleuse-du-voyage-lunaire-telerama","status":"publish","type":"post","link":"https:\/\/www.europesays.com\/fr\/264114\/","title":{"rendered":"\u201cApollo 11 : Les fichiers oubli\u00e9s\u201d, une reconstitution m\u00e9ticuleuse du voyage lunaire &#8211; T\u00e9l\u00e9rama"},"content":{"rendered":"<ol>\n<li><a href=\"https:\/\/news.google.com\/rss\/articles\/CBMiygFBVV95cUxQOEJKWU9TTjlaS3E0anE1M0NDMzZSYjVDYWVGeEVyTmdGb2JCRGJFZ3RyYV9xd3dlVXp4OUVoeGF0NFNLcFg1Ylg5UXRSMWVHalRuYzJBZkY3X1ZoT3JNS3lCUXQ3Mmh1UVQ2MG02YkpDeDJDTXNaVlBFMFo4TG9hZkhVSzNKZ0wyajJmVWJwUWh0Vy1VS3hvSGJKaXFUVkpZRW1rVHV0TVl3aXlPNGdoYTJuSC1RRUEyY3dBeGFZWGJ0c0I2R2NxQWVn?oc=5\" target=\"_blank\" rel=\"nofollow noopener\">\u201cApollo 11 : Les fichiers oubli\u00e9s\u201d, une reconstitution m\u00e9ticuleuse du voyage lunaire<\/a>&nbsp;&nbsp;T\u00e9l\u00e9rama<\/li>\n<li><a href=\"https:\/\/news.google.com\/rss\/articles\/CBMipAFBVV95cUxPZFkxQjJKVzZxc3NuTEQzckZhTVNzSWtpM1czcmM0XzhlNW1BYi15OENWM2xZSjJVSERkLVZ5NlpZXzhBaGhxVHkwemNFekRiUHd6dkV4UHBETzVtVlFxM1VrNWJOZUdnaTktdHBYeWdfOG9jLXNUN1ZwN2IyQlAzb2o5RkVYQl9jRzZFMDM5Qk1TV3k5THdSdGM4TV9lZ3FYajNPSw?oc=5\" target=\"_blank\" rel=\"nofollow noopener\">21 juillet 1969 : le jour o\u00f9 l\u2019Homme a march\u00e9 sur la Lune<\/a>&nbsp;&nbsp;parismatch.com<\/li>\n<li><a href=\"https:\/\/news.google.com\/rss\/articles\/CBMivgFBVV95cUxNS2FCNEpRT1A2cXZsQ1RfZlZwTERqQUxWN29KdVhYTWdmdURxb3g2aF9WRGpEaXNscWJrVWF0TTNvT1ZEX2Z6WWYyS2FvbkdvZzNOakNpSU5nOUdpc3F1YVJaVmZzNXFGd0lPaS00RTFKdWstSUpSNHhkZzlpMHkyV28wQ1dmN0ZIUjJsQWc2OGh0WjRYU3J5NTJ2TU9kM2ZfTDVjcTVUUmE5Y1FKZ1ktdndSWUlmYko4VWpqekFR?oc=5\" target=\"_blank\" rel=\"nofollow noopener\">56e anniversaire d&rsquo;Apollo 11 : une mission \u00e0 l&rsquo;origine de th\u00e9ories conspirationnistes<\/a>&nbsp;&nbsp;Euronews<\/li>\n<li><a href=\"https:\/\/news.google.com\/rss\/articles\/CBMiogFBVV95cUxPS2hoNVVCU200VUFfcVJlcDJpMHZDTTVpakx4ZHFXZGp1ZGxCRWdGMGktQm9ZemhScE9qVGFTMHRJWVV5V1Y0Z092RkYteGJtQnFQZmREWUtpMXp0b2VrM19IaFpycTdQRlhZLVI0MGo3R3A4WEpBNnlud3l4ZWVjR185Ukd5V01vVFN4SElvQzM4THdhWlJ1cXE5ZHprQW1sVlE?oc=5\" target=\"_blank\" rel=\"nofollow noopener\">Apollo 11 : Les fichiers oubli\u00e9s sur RMC D\u00e9couverte : r\u00e9sum\u00e9 et diffusions<\/a>&nbsp;&nbsp;Programme TV Ouest-France<\/li>\n<li><a href=\"https:\/\/news.google.com\/rss\/articles\/CBMiekFVX3lxTE5nc2FEVDRhV1NTOFlkV2hvMFpSaC1fQjdqWmxKUFQtcjAweWYxY3RualVWVjFMVXo3b2l0RlVvc3VJM1FjYmdKWG9lMVJLYnozZkY2VHh6MkI0ekE0U0d0bVc4aFduWGlBOUN3bHNnd3JjUzB0ZEpoelJR?oc=5\" target=\"_blank\" rel=\"nofollow noopener\">D\u00e9croche moi la lune<\/a>&nbsp;&nbsp;We demain<\/li>\n<\/ol>\n","protected":false},"excerpt":{"rendered":"\u201cApollo 11 : Les fichiers oubli\u00e9s\u201d, une reconstitution m\u00e9ticuleuse du voyage lunaire&nbsp;&nbsp;T\u00e9l\u00e9rama 21 juillet 1969 : le jour&hellip;\n","protected":false},"author":2,"featured_media":264115,"comment_status":"","ping_status":"","sticky":false,"template":"","format":"standard","meta":{"footnotes":""},"categories":[7],"tags":[1011,27,43,40,41,39,42,44],"class_list":{"0":"post-264114","1":"post","2":"type-post","3":"status-publish","4":"format-standard","5":"has-post-thumbnail","7":"category-sciences-et-technologies","8":"tag-fr","9":"tag-france","10":"tag-science","11":"tag-science-and-technology","12":"tag-sciences","13":"tag-sciences-et-technologies","14":"tag-technologies","15":"tag-technology"},"share_on_mastodon":{"url":"https:\/\/pubeurope.com\/@fr\/114892973246858046","error":""},"_links":{"self":[{"href":"https:\/\/www.europesays.com\/fr\/wp-json\/wp\/v2\/posts\/264114","targetHints":{"allow":["GET"]}}],"collection":[{"href":"https:\/\/www.europesays.com\/fr\/wp-json\/wp\/v2\/posts"}],"about":[{"href":"https:\/\/www.europesays.com\/fr\/wp-json\/wp\/v2\/types\/post"}],"author":[{"embeddable":true,"href":"https:\/\/www.europesays.com\/fr\/wp-json\/wp\/v2\/users\/2"}],"replies":[{"embeddable":true,"href":"https:\/\/www.europesays.com\/fr\/wp-json\/wp\/v2\/comments?post=264114"}],"version-history":[{"count":0,"href":"https:\/\/www.europesays.com\/fr\/wp-json\/wp\/v2\/posts\/264114\/revisions"}],"wp:featuredmedia":[{"embeddable":true,"href":"https:\/\/www.europesays.com\/fr\/wp-json\/wp\/v2\/media\/264115"}],"wp:attachment":[{"href":"https:\/\/www.europesays.com\/fr\/wp-json\/wp\/v2\/media?parent=264114"}],"wp:term":[{"taxonomy":"category","embeddable":true,"href":"https:\/\/www.europesays.com\/fr\/wp-json\/wp\/v2\/categories?post=264114"},{"taxonomy":"post_tag","embeddable":true,"href":"https:\/\/www.europesays.com\/fr\/wp-json\/wp\/v2\/tags?post=264114"}],"curies":[{"name":"wp","href":"https:\/\/api.w.org\/{rel}","templated":true}]}}