{"id":264120,"date":"2025-07-21T19:55:10","date_gmt":"2025-07-21T19:55:10","guid":{"rendered":"https:\/\/www.europesays.com\/fr\/264120\/"},"modified":"2025-07-21T19:55:10","modified_gmt":"2025-07-21T19:55:10","slug":"face-a-une-petition-orchestree-les-syndicats-agricoles-defendent-la-loi-duplomb","status":"publish","type":"post","link":"https:\/\/www.europesays.com\/fr\/264120\/","title":{"rendered":"face \u00e0 une p\u00e9tition \u00aborchestr\u00e9e\u00bb, les syndicats agricoles d\u00e9fendent la loi Duplomb"},"content":{"rendered":"<p><strong>ANALYSE <\/strong>&#8211; Hormis la Conf\u00e9d\u00e9ration paysanne, les syndicats et agriculteurs alertent sur le risque d\u2019une nouvelle perc\u00e9e des importations alimentaires, en cas de r\u00e9trop\u00e9dalage sur la loi levant les contraintes au m\u00e9tier d\u2019agriculteur.<\/p>\n<p class=\"fig-paragraph\">Les producteurs fran\u00e7ais de betteraves risquent bien de<a href=\"http:\/\/www.lefigaro.fr\/flash-eco\/jaunisse-recolte-2020-catastrophique-pour-la-betterave-a-sucre-en-france-20201201\" data-fig-type=\"NewsFlash\" data-gtm-custom-categorie=\"navigation\" data-gtm-custom-action=\"crossclick\" data-gtm-custom-label=\"Contextuel\" data-gtm-event=\"customEventSPE\" data-fig-domain=\"LEFIGARO\" rel=\"nofollow noopener\" target=\"_blank\">\u00a0revivre l\u2019ann\u00e9e noire de 2020.<\/a>\u00a0Alors que des signes de jaunisse, cette maladie virale transmise par un puceron, se multiplient dans les parcelles sucri\u00e8res ces derni\u00e8res semaines, les 23.000 planteurs fran\u00e7ais craignent le pire. Mais ce n\u2019est pas ce qui les alarme le plus. Ils misaient sur l\u2019adoption r\u00e9cente de la loi Duplomb pour changer la donne.\u00a0Il va leur falloir encore patienter avant que ce texte, cens\u00e9 \u00ab\u00a0lever les contraintes \u00e0 l\u2019exercice du m\u00e9tier d\u2019agriculteur\u00a0\u00bb, produise ses effets.<\/p>\n<p class=\"fig-paragraph\">Celui-ci pr\u00e9voit, entre autres,\u00a0la r\u00e9introduction sous conditions et temporaire de\u00a0<a href=\"http:\/\/www.lefigaro.fr\/conjoncture\/qu-est-ce-que-l-acetamipride-ce-pesticide-decrie-dans-la-proposition-de-loi-duplomb-20250526\" data-fig-type=\"NewsFlash\" data-gtm-custom-categorie=\"navigation\" data-gtm-custom-action=\"crossclick\" data-gtm-custom-label=\"Contextuel\" data-gtm-event=\"customEventSPE\" data-fig-domain=\"LEFIGARO\" rel=\"nofollow noopener\" target=\"_blank\">l\u2019ac\u00e9tamipride, un insecticide de la classe des n\u00e9onicotino\u00efdes<\/a>\u00a0(NNI), pour lutter plus efficacement contre la maladie ayant caus\u00e9 lors de sa derni\u00e8re vague, plus de 30\u00a0% de pertes dans les champs betteraviers. \u00ab\u00a0Depuis 2023 et l\u2019interdiction des n\u00e9onicotino\u00efdes, nous redoutions ce sc\u00e9nario car nous ne disposons pas de moyens de lutte efficaces, contre les pucerons\u2026<\/p>\n<p class=\"fig-premium-paywall__infos\">\n        Cet article est r\u00e9serv\u00e9 aux abonn\u00e9s.        Il vous reste 84% \u00e0 d\u00e9couvrir.\n    <\/p>\n<p>                <img  data- alt=\"Le Figaro\" class=\"fig-img--complete fig-img\"\/><\/p>\n<p class=\"fig-premium-paywall__title\">Vous avez envie de lire la suite ?<\/p>\n<p class=\"fig-premium-paywall__subtitle\">D\u00e9bloquez tous les articles imm\u00e9diatement.<\/p>\n<p class=\"fig-premium-paywall__connect\">\n                D\u00e9j\u00e0 abonn\u00e9\u00a0?                <a class=\"fig-premium-paywall__connect-link\" href=\"https:\/\/connect.lefigaro.fr\/login?client=horizon_web&amp;type=main&amp;redirect_uri=https%3A%2F%2Fwww.lefigaro.fr%2Fpolitique%2Fc-est-un-peu-david-contre-goliath-face-a-une-petition-orchestree-les-syndicats-agricoles-defendent-la-loi-duplomb-20250721\" data-js-gtm=\"{&quot;customCategorie&quot;: &quot;conversion&quot;, &quot;customAction&quot;: &quot;before_Landing_Connexion_paywall_auto&quot;, &quot;customLabel&quot;: &quot;bGVmaWdhcm8uZnJfXzFmMDY2MTYwLWQyYzEtNjUyMC1hMjEzLWI1ZTcxMWNmNDVmZF9fQXJ0aWNsZQ==_\u00abC\u2019est un peu David contre Goliath\u00bb\u00a0: face \u00e0 une p\u00e9tition \u00aborchestr\u00e9e\u00bb, les syndicats agricoles d\u00e9fendent la loi Duplomb_442&quot;, &quot;customIDSPE&quot;: &quot;bGVmaWdhcm8uZnJfXzFmMDY2MTYwLWQyYzEtNjUyMC1hMjEzLWI1ZTcxMWNmNDVmZF9fQXJ0aWNsZQ==&quot;, &quot;event&quot;: &quot;customEventSPE&quot;}\" rel=\"nofollow noopener\" target=\"_blank\"><br \/>\n                    Connectez-vous<br \/>\n                <\/a>\n            <\/p>\n","protected":false},"excerpt":{"rendered":"ANALYSE &#8211; Hormis la Conf\u00e9d\u00e9ration paysanne, les syndicats et agriculteurs alertent sur le risque d\u2019une nouvelle perc\u00e9e des&hellip;\n","protected":false},"author":2,"featured_media":264121,"comment_status":"","ping_status":"","sticky":false,"template":"","format":"standard","meta":{"footnotes":""},"categories":[4],"tags":[11,327,1011,27,12,25,3427],"class_list":{"0":"post-264120","1":"post","2":"type-post","3":"status-publish","4":"format-standard","5":"has-post-thumbnail","7":"category-france","8":"tag-actualites","9":"tag-agriculture","10":"tag-fr","11":"tag-france","12":"tag-news","13":"tag-republique-francaise","14":"tag-syndicats"},"share_on_mastodon":{"url":"https:\/\/pubeurope.com\/@fr\/114892985071131571","error":""},"_links":{"self":[{"href":"https:\/\/www.europesays.com\/fr\/wp-json\/wp\/v2\/posts\/264120","targetHints":{"allow":["GET"]}}],"collection":[{"href":"https:\/\/www.europesays.com\/fr\/wp-json\/wp\/v2\/posts"}],"about":[{"href":"https:\/\/www.europesays.com\/fr\/wp-json\/wp\/v2\/types\/post"}],"author":[{"embeddable":true,"href":"https:\/\/www.europesays.com\/fr\/wp-json\/wp\/v2\/users\/2"}],"replies":[{"embeddable":true,"href":"https:\/\/www.europesays.com\/fr\/wp-json\/wp\/v2\/comments?post=264120"}],"version-history":[{"count":0,"href":"https:\/\/www.europesays.com\/fr\/wp-json\/wp\/v2\/posts\/264120\/revisions"}],"wp:featuredmedia":[{"embeddable":true,"href":"https:\/\/www.europesays.com\/fr\/wp-json\/wp\/v2\/media\/264121"}],"wp:attachment":[{"href":"https:\/\/www.europesays.com\/fr\/wp-json\/wp\/v2\/media?parent=264120"}],"wp:term":[{"taxonomy":"category","embeddable":true,"href":"https:\/\/www.europesays.com\/fr\/wp-json\/wp\/v2\/categories?post=264120"},{"taxonomy":"post_tag","embeddable":true,"href":"https:\/\/www.europesays.com\/fr\/wp-json\/wp\/v2\/tags?post=264120"}],"curies":[{"name":"wp","href":"https:\/\/api.w.org\/{rel}","templated":true}]}}