{"id":264132,"date":"2025-07-21T20:01:23","date_gmt":"2025-07-21T20:01:23","guid":{"rendered":"https:\/\/www.europesays.com\/fr\/264132\/"},"modified":"2025-07-21T20:01:23","modified_gmt":"2025-07-21T20:01:23","slug":"rare-a-toulon-infoclimat","status":"publish","type":"post","link":"https:\/\/www.europesays.com\/fr\/264132\/","title":{"rendered":"rare \u00e0 Toulon &#8211; Infoclimat"},"content":{"rendered":"<ol>\n<li><a href=\"https:\/\/news.google.com\/rss\/articles\/CBMif0FVX3lxTE5SRGpLMnJ5bE5GZ3RiMGhESU9uOEdOTkJBTFVLU2FMUTBHM1luSWNQUExaV0Q0S1U4cVZxWV9QQUJlaUpxSFNNTVlwcUE1OEhEaDFVQ053dWZsdm1KTkE4S0I2OTYxNGdvMEpqMlpLNVczUTdMYXFDeVp0TFFhVm8?oc=5\" target=\"_blank\" rel=\"nofollow noopener\">rare \u00e0 Toulon<\/a>&nbsp;&nbsp;Infoclimat<\/li>\n<li><a href=\"https:\/\/news.google.com\/rss\/articles\/CBMimwFBVV95cUxPLWRyaTFsdVZscmJHTUpRRzBrSmczMG80VjR5bEdYajVPVmgyRmtCVG1Edl9EaG5lOFAyaEpEaUpvSzdXVVloTm1fZmRYemdVaURtcDFyR2EycndrMG55bmQ3TUZRVk4tZkM2TjFscFA0dE9RT1BGckIza0VzT2ozejNVUGNUZ0hhZGZBMGRfM0xLSXd2OW8wcUY0WQ?oc=5\" target=\"_blank\" rel=\"nofollow noopener\">M\u00e9t\u00e9o: du soleil et jusqu&rsquo;\u00e0 34 degr\u00e9s ce lundi dans le Var<\/a>&nbsp;&nbsp;Var-Matin<\/li>\n<li><a href=\"https:\/\/news.google.com\/rss\/articles\/CBMipwFBVV95cUxNQ2xYX2xsUzRWcmc5RFJNemZFcXJUcVB2UUhhczZOdFVJMEYzU01Yby1kdHgxbnFPU0NpUS1xNnVFSDh4V2ZFS2dWQW5lQXVMWmFmZGRhamZjY2FPcTRHV0NreER0czV0NEdCN2M2UDhQNlYtbDFxbzI1aW9uTlE4NjBLYTFkZElGVExsMjVPaF9TX1hxbjBsaTdWRWtFN0FlTXFudDJUZw?oc=5\" target=\"_blank\" rel=\"nofollow noopener\">Quelle m\u00e9t\u00e9o pour ce vendredi 18 juillet dans les Alpes-Maritimes?<\/a>&nbsp;&nbsp;Nice-Matin<\/li>\n<li><a href=\"https:\/\/news.google.com\/rss\/articles\/CBMi0wFBVV95cUxQVi1Ec19NX2F0dnZXRTNubzdvREtTSlRYY0JKbVp6OFJxYXBQYWRQNk1SallpY1h0R2hoNUtXS1BNRlJ1YUZ1SGVGYlBoc3ZTMjBCd3VZaER2SVJhZmxYWW91dDU3WG5fd3otWm1NMFhDYXUtR3c5UUU4MTVOUkl1OERtbEFPYnJ1aVFmdEZFYmQ4eFIwUFFlMlBtcDdjbG1MRzZnVldYbFlWOHdZdjhLQ3pDVWVyZ1ZMS3pZRngwekotTGJYNDJxWkJqd3pTLUhybVFF?oc=5\" target=\"_blank\" rel=\"nofollow noopener\">Le temps sera mitig\u00e9 dans le Var: on fait le point sur les pr\u00e9visions pour ce week-end de mi-juillet<\/a>&nbsp;&nbsp;Var-Matin<\/li>\n<li><a href=\"https:\/\/news.google.com\/rss\/articles\/CBMilAFBVV95cUxQcEI5VlRPX1NvczhFelJtYXQtVXJNMDJOMXVLaHZudmUxd29CQUJTMmp1UkhDQjJLcjZCWU9iMUt6Z3czQ0pVd29UNHFTWFZGcUVsU3VQNWs0bDBwVVd5LUo5Ym5yMEJ5ZHVBYXBfbWpLakhsVTNTRUVLRHV3VDF0UkVxTGlWMnpFUFhsUGV4UURNenRZ?oc=5\" target=\"_blank\" rel=\"nofollow noopener\">TOULON : Vigilance jaune SMS ORAGES pour le Var de 4h \u00e0 8h du matin<\/a>&nbsp;&nbsp;Presse Agence<\/li>\n<\/ol>\n","protected":false},"excerpt":{"rendered":"rare \u00e0 Toulon&nbsp;&nbsp;Infoclimat M\u00e9t\u00e9o: du soleil et jusqu&rsquo;\u00e0 34 degr\u00e9s ce lundi dans le Var&nbsp;&nbsp;Var-Matin Quelle m\u00e9t\u00e9o pour&hellip;\n","protected":false},"author":2,"featured_media":264133,"comment_status":"","ping_status":"","sticky":false,"template":"","format":"standard","meta":{"footnotes":""},"categories":[9619],"tags":[1111,11,4077,1129,40354,1777,674,1011,27,40355,40351,6417,820,2487,40352,40358,12,40353,7917,882,40359,23643,25,13209,5426,2310,40356,3876,40360,39989,40357],"class_list":{"0":"post-264132","1":"post","2":"type-post","3":"status-publish","4":"format-standard","5":"has-post-thumbnail","7":"category-toulon","8":"tag-actu","9":"tag-actualites","10":"tag-association","11":"tag-climat","12":"tag-climatologie","13":"tag-eu","14":"tag-europe","15":"tag-fr","16":"tag-france","17":"tag-gfs","18":"tag-infoclimat","19":"tag-information","20":"tag-live","21":"tag-meteo","22":"tag-meteo-en-direct","23":"tag-modeles","24":"tag-news","25":"tag-observation-meteo","26":"tag-previsions","27":"tag-provence-alpes-cote-dazur","28":"tag-realtime","29":"tag-reel","30":"tag-republique-francaise","31":"tag-temperatures","32":"tag-temps","33":"tag-toulon","34":"tag-ukmo","35":"tag-weather","36":"tag-wetter","37":"tag-wind","38":"tag-wrf"},"share_on_mastodon":{"url":"https:\/\/pubeurope.com\/@fr\/114893008751954858","error":""},"_links":{"self":[{"href":"https:\/\/www.europesays.com\/fr\/wp-json\/wp\/v2\/posts\/264132","targetHints":{"allow":["GET"]}}],"collection":[{"href":"https:\/\/www.europesays.com\/fr\/wp-json\/wp\/v2\/posts"}],"about":[{"href":"https:\/\/www.europesays.com\/fr\/wp-json\/wp\/v2\/types\/post"}],"author":[{"embeddable":true,"href":"https:\/\/www.europesays.com\/fr\/wp-json\/wp\/v2\/users\/2"}],"replies":[{"embeddable":true,"href":"https:\/\/www.europesays.com\/fr\/wp-json\/wp\/v2\/comments?post=264132"}],"version-history":[{"count":0,"href":"https:\/\/www.europesays.com\/fr\/wp-json\/wp\/v2\/posts\/264132\/revisions"}],"wp:featuredmedia":[{"embeddable":true,"href":"https:\/\/www.europesays.com\/fr\/wp-json\/wp\/v2\/media\/264133"}],"wp:attachment":[{"href":"https:\/\/www.europesays.com\/fr\/wp-json\/wp\/v2\/media?parent=264132"}],"wp:term":[{"taxonomy":"category","embeddable":true,"href":"https:\/\/www.europesays.com\/fr\/wp-json\/wp\/v2\/categories?post=264132"},{"taxonomy":"post_tag","embeddable":true,"href":"https:\/\/www.europesays.com\/fr\/wp-json\/wp\/v2\/tags?post=264132"}],"curies":[{"name":"wp","href":"https:\/\/api.w.org\/{rel}","templated":true}]}}