{"id":264134,"date":"2025-07-21T20:02:18","date_gmt":"2025-07-21T20:02:18","guid":{"rendered":"https:\/\/www.europesays.com\/fr\/264134\/"},"modified":"2025-07-21T20:02:18","modified_gmt":"2025-07-21T20:02:18","slug":"design-parade-toulon-2025-les-laureats-de-la-9e-edition","status":"publish","type":"post","link":"https:\/\/www.europesays.com\/fr\/264134\/","title":{"rendered":"Design Parade Toulon 2025\u00a0: les laur\u00e9ats de la 9e \u00e9dition"},"content":{"rendered":"<p><strong>Dans le Var, un territoire de rendez-vous cr\u00e9atifs s\u2019installe \u00e0 l\u2019heure d\u2019\u00e9t\u00e9. De Hy\u00e8res \u00e0 Toulon, de l\u2019architecture d\u2019int\u00e9rieur au design, les arts d\u00e9coratifs paradent. Les 27, 28 et 29 juin 2025, s\u2019est tenue la 9e \u00e9dition du festival Design Parade Toulon. Retour sur les laur\u00e9ats et autres finalistes de ce concours consacr\u00e9 \u00e0 la jeune cr\u00e9ation contemporaine.<\/strong><\/p>\n<p>Bient\u00f4t une d\u00e9cennie que la <a href=\"https:\/\/www.harpersbazaar.fr\/culture\/marie-laure-et-charles-de-noailles-les-magnifiques_3994\" target=\"_blank\" rel=\"noopener\">Villa Noailles<\/a>, en incubateur de jeunes cr\u00e9ateurs, a d\u00e9clin\u00e9 ses rencontres avec la sc\u00e8ne design contemporaine de <a href=\"https:\/\/www.harpersbazaar.fr\/mode\/le-festival-de-hyeres-devoile-des-jurys-d-elite-pour-ses-40-ans_4665\" target=\"_blank\" rel=\"noopener\">Hy\u00e8res<\/a> \u00e0 Toulon, ville voisine, visant <a href=\"https:\/\/www.harpersbazaar.fr\/lifestyle\/marion-mailaender-un-vent-de-liberte-sur-l-architecture-interieure_3051\" target=\"_blank\" rel=\"noopener\">l\u2019architecture d\u2019int\u00e9rieur<\/a>. Chaque ann\u00e9e, le concours rassemble public et professionnels pour <strong>t\u00e9moigner de la cr\u00e9ation \u00e9mergente<\/strong>, le temps d\u2019un week-end \u00e9largi. Et chaque ann\u00e9e, ce sont <strong>dix travaux de jeunes designers<\/strong> noblement pr\u00e9sent\u00e9s dans la vitrine qui leur est attribu\u00e9e le temps du festival, puis, accompagn\u00e9s les deux ann\u00e9es suivantes, du financement \u00e0 la production.<\/p>\n<p>Palmar\u00e8s : les cr\u00e9ations en lumi\u00e8re<\/p>\n<p>Cette neuvi\u00e8me \u00e9dition, le jury \u00e9tait notamment compos\u00e9 de <a href=\"https:\/\/www.harpersbazaar.fr\/culture\/lartiste-harry-nuriev-est-en-train-de-conquerir-paris_1617\" target=\"_blank\" rel=\"noopener\">Harry Nuriev<\/a>, son pr\u00e9sident et invit\u00e9 d\u2019honneur, de l\u2019architecte, designer et sc\u00e9nographe <a href=\"https:\/\/www.harpersbazaar.fr\/lifestyle\/3-questions-a-l-architecte-et-designer-india-mahdavi_5121\" target=\"_blank\" rel=\"noopener\">India Mahdavi<\/a>, ou encore de Willie Morlon, la laur\u00e9ate du Grand Prix Design Parade Toulon <a href=\"https:\/\/www.harpersbazaar.fr\/mode\/l-alhambra-anatomie-d-un-collier-van-cleef-arpels-mythique_4740\" target=\"_blank\" rel=\"noopener\">Van Cleef &amp; Arpels<\/a> 2024. Un prix pour mesurer l\u2019attachement de la maison joailli\u00e8re aux valeurs de cr\u00e9ation, qui a consacr\u00e9 cette ann\u00e9e le projet de <strong>Thomas Takada<\/strong>, Villa des \u00e9chos. Un environnement complexe, qui s\u2019orne de d\u00e9bris v\u00e9g\u00e9taux fragiles, des feuilles presque mortes aux fines branches, v\u00e9ritables incertitudes en \u00e9cho \u00e0 notre existence. Cr\u00e9ative et engag\u00e9e, la d\u00e9marche de Thomas Takada d\u00e9croche \u00e9galement le Prix Visual Merchandising d\u00e9cern\u00e9 par <a href=\"https:\/\/www.harpersbazaar.fr\/culture\/mains-davenir-le-grand-rendez-vous-des-metiers-dart-chanel-a-decouvrir-au-19m_4764\" target=\"_blank\" rel=\"noopener\">Chanel<\/a>, un projet de vitrine li\u00e9 au th\u00e8me de la M\u00e9diterran\u00e9e.<\/p>\n<p>Le Prix Mobilier national consacre quant \u00e0 lui le travail de <strong>Malo Gagliardini<\/strong>, La vie aquatique, une cuisine contemplative, o\u00f9 la tomette proven\u00e7ale devient presque th\u00e9rapeutique. Une science \u00e0 carreaux que l\u2019artiste pourra approfondir au sein de l\u2019Atelier de Recherche et de Cr\u00e9ation du Mobilier national. La Design Parade de Toulon offre \u00e9galement une r\u00e9sidence d&rsquo;artiste unique entre l\u2019Inde et la France \u00e0 <strong>Marie Gastini<\/strong>, choisie pour L\u2019atelier d\u2019\u00e9t\u00e9, sa qu\u00eate visuelle d\u2019un peintre absent, \u00e0 la palette po\u00e9tique. Un dialogue de savoir-faire qui lui est permis par l\u2019Institut fran\u00e7ais en Inde, via son programme Villa Swagatam et son association avec la galerie \u00e6qu\u014d. Enfin, parce que ces rencontres s\u2019ouvrent au public, le Prix de la ville de Toulon honore le travail de <strong>Magali Lamoureux et Joanne Riachi<\/strong>, artisanes de Submerg\u00e9.e.s, un espace temp\u00e9r\u00e9 pour contempler l\u2019horizon \u00e0 l\u2019heure o\u00f9 le monde vacille.<\/p>\n<p>Les dix travaux des finalistes 2025\u201cL\u2019agave et le citronnier\u201d, Pierre Bourr\u00e9 et Margaux Dinam<br \/>\n<img decoding=\"async\" src=\"https:\/\/www.europesays.com\/fr\/wp-content\/uploads\/2025\/07\/1753128131_35_picture.jpg\" alt=\"\u201cL\u2019agave et le citronnier\u201d, Pierre Bourr\u00e9 et Margaux Dinam, finalistes de la 9e \u00e9dition du festival Design Parade Toulon. \" class=\"allowseedtag apply-ratio lazyload\"\/>\u00a9 Design Parade Toulon 2025 \/ \u00a9 Luc Bertrand\u201cL\u2019agave et le citronnier\u201d, Pierre Bourr\u00e9 et Margaux Dinam, finalistes de la 9e \u00e9dition du festival Design Parade Toulon. \u201cTemperarium\u201d, Mesure Studio Raphael Boursier Desvignes<br \/>\n<img decoding=\"async\" src=\"https:\/\/www.europesays.com\/fr\/wp-content\/uploads\/2025\/07\/1753128131_950_picture.jpg\" alt=\"\u201cTemperarium\u201d, Mesure Studio Raphael Boursier Desvignes, finaliste de la 9e \u00e9dition du festival Design Parade Toulon. \" class=\"allowseedtag apply-ratio lazyload\"\/>\u00a9 Design Parade Toulon 2025 \/ \u00a9 Luc Bertrand\u201cTemperarium\u201d, Mesure Studio Raphael Boursier Desvignes, finaliste de la 9e \u00e9dition du festival Design Parade Toulon. \u201cLa vie aquatique\u201d, Malo Gagliardini<br \/>\n<img decoding=\"async\" src=\"https:\/\/www.europesays.com\/fr\/wp-content\/uploads\/2025\/07\/1753128132_646_picture.jpg\" alt=\"\u201cLa vie aquatique\u201d, Malo Gagliardini, finaliste de la 9e \u00e9dition du festival Design Parade Toulon. \" class=\"allowseedtag apply-ratio lazyload\"\/>\u00a9 Design Parade Toulon 2025 \/ \u00a9 Luc Bertrand\u201cLa vie aquatique\u201d, Malo Gagliardini, finaliste de la 9e \u00e9dition du festival Design Parade Toulon. \u201cL\u2019atelier d\u2019\u00e9t\u00e9\u201d, Marie Gastini<br \/>\n<img decoding=\"async\" src=\"https:\/\/www.europesays.com\/fr\/wp-content\/uploads\/2025\/07\/1753128133_967_picture.jpg\" alt=\"\u201cL\u2019atelier d\u2019\u00e9t\u00e9\u201d, Marie Gastini, finaliste de la 9e \u00e9dition du festival Design Parade Toulon.\" class=\"allowseedtag apply-ratio lazyload\"\/>\u00a9 Design Parade Toulon 2025 \/ \u00a9 Luc Bertrand\u201cL\u2019atelier d\u2019\u00e9t\u00e9\u201d, Marie Gastini, finaliste de la 9e \u00e9dition du festival Design Parade Toulon.\u201cAbri-terran\u00e9en\u201d, Pauline Labarthe<br \/>\n<img decoding=\"async\" src=\"https:\/\/www.europesays.com\/fr\/wp-content\/uploads\/2025\/07\/1753128134_988_picture.jpg\" alt=\"\u201cAbri-terran\u00e9en\u201d, Pauline Labarthe, finaliste de la 9e \u00e9dition du festival Design Parade Toulon.\" class=\"allowseedtag apply-ratio lazyload\"\/>\u00a9 Design Parade Toulon 2025 \/ \u00a9 Luc Bertrand\u201cAbri-terran\u00e9en\u201d, Pauline Labarthe, finaliste de la 9e \u00e9dition du festival Design Parade Toulon.\u201cSubmerg\u00e9.e.s\u201d, Magali Lamoureux et Joanne Riachi<br \/>\n<img decoding=\"async\" src=\"https:\/\/www.europesays.com\/fr\/wp-content\/uploads\/2025\/07\/1753128134_719_picture.jpg\" alt=\"\u201cSubmerg\u00e9.e.s\u201d, Magali Lamoureux et Joanne Riachi, finalistes de la 9e \u00e9dition du festival Design Parade Toulon.\" class=\"allowseedtag apply-ratio lazyload\"\/>\u00a9 Design Parade Toulon 2025 \/ \u00a9 Luc Bertrand\u201cSubmerg\u00e9.e.s\u201d, Magali Lamoureux et Joanne Riachi, finalistes de la 9e \u00e9dition du festival Design Parade Toulon.\u201cLatcho drom\u201d, Rapha\u00eblle Lhuillier et Margaux Padrutt<br \/>\n<img decoding=\"async\" src=\"https:\/\/www.europesays.com\/fr\/wp-content\/uploads\/2025\/07\/1753128135_149_picture.jpg\" alt=\"\u201cLatcho drom\u201d, Rapha\u00eblle Lhuillier et Margaux Padrutt, finalistes de la 9e \u00e9dition du festival Design Parade Toulon.\" class=\"allowseedtag apply-ratio lazyload\"\/>\u00a9 Design Parade Toulon 2025 \/ \u00a9 Luc Bertrand\u201cLatcho drom\u201d, Rapha\u00eblle Lhuillier et Margaux Padrutt, finalistes de la 9e \u00e9dition du festival Design Parade Toulon.\u201cGarmenting\u201d, Ania Martchenko et Antonin Simon Giraudet<br \/>\n<img decoding=\"async\" src=\"https:\/\/www.europesays.com\/fr\/wp-content\/uploads\/2025\/07\/1753128136_130_picture.jpg\" alt=\"\u201cGarmenting\u201d, Ania Martchenko et Antonin Simon Giraudet, finalistes de la 9e \u00e9dition du festival Design Parade Toulon.\" class=\"allowseedtag apply-ratio lazyload\"\/>\u00a9 Design Parade Toulon 2025 \/ \u00a9 Luc Bertrand\u201cGarmenting\u201d, Ania Martchenko et Antonin Simon Giraudet, finalistes de la 9e \u00e9dition du festival Design Parade Toulon.\u201cSpot\u201d, Joseph Melka et Balthazar Auguste-Dormeuil<br \/>\n<img decoding=\"async\" src=\"https:\/\/www.europesays.com\/fr\/wp-content\/uploads\/2025\/07\/1753128137_419_picture.jpg\" alt=\"\u201cSpot\u201d, Joseph Melka et Balthazar Auguste-Dormeuil, finalistes de la 9e \u00e9dition du festival Design Parade Toulon.\" class=\"allowseedtag apply-ratio lazyload\"\/>\u00a9 Design Parade Toulon 2025 \/ \u00a9 Luc Bertrand\u201cSpot\u201d, Joseph Melka et Balthazar Auguste-Dormeuil, finalistes de la 9e \u00e9dition du festival Design Parade Toulon.\u201cVilla des \u00e9chos\u201d, Thomas Takada<br \/>\n<img decoding=\"async\" src=\"https:\/\/www.europesays.com\/fr\/wp-content\/uploads\/2025\/07\/1753128138_754_picture.jpg\" alt=\"\u201cVilla des \u00e9chos\u201d, Thomas Takada, finaliste de la 9e \u00e9dition du festival Design Parade Toulon.\" class=\"allowseedtag apply-ratio lazyload\"\/>\u00a9 Design Parade Toulon 2025 \/ \u00a9 Luc Bertrand\u201cVilla des \u00e9chos\u201d, Thomas Takada, finaliste de la 9e \u00e9dition du festival Design Parade Toulon.<\/p>\n","protected":false},"excerpt":{"rendered":"Dans le Var, un territoire de rendez-vous cr\u00e9atifs s\u2019installe \u00e0 l\u2019heure d\u2019\u00e9t\u00e9. De Hy\u00e8res \u00e0 Toulon, de l\u2019architecture&hellip;\n","protected":false},"author":2,"featured_media":264135,"comment_status":"","ping_status":"","sticky":false,"template":"","format":"standard","meta":{"footnotes":""},"categories":[9619],"tags":[1111,11,1350,3734,1386,1777,674,1011,27,12,882,25,2310],"class_list":{"0":"post-264134","1":"post","2":"type-post","3":"status-publish","4":"format-standard","5":"has-post-thumbnail","7":"category-toulon","8":"tag-actu","9":"tag-actualites","10":"tag-architecture","11":"tag-art","12":"tag-design","13":"tag-eu","14":"tag-europe","15":"tag-fr","16":"tag-france","17":"tag-news","18":"tag-provence-alpes-cote-dazur","19":"tag-republique-francaise","20":"tag-toulon"},"share_on_mastodon":{"url":"https:\/\/pubeurope.com\/@fr\/114893012816108179","error":""},"_links":{"self":[{"href":"https:\/\/www.europesays.com\/fr\/wp-json\/wp\/v2\/posts\/264134","targetHints":{"allow":["GET"]}}],"collection":[{"href":"https:\/\/www.europesays.com\/fr\/wp-json\/wp\/v2\/posts"}],"about":[{"href":"https:\/\/www.europesays.com\/fr\/wp-json\/wp\/v2\/types\/post"}],"author":[{"embeddable":true,"href":"https:\/\/www.europesays.com\/fr\/wp-json\/wp\/v2\/users\/2"}],"replies":[{"embeddable":true,"href":"https:\/\/www.europesays.com\/fr\/wp-json\/wp\/v2\/comments?post=264134"}],"version-history":[{"count":0,"href":"https:\/\/www.europesays.com\/fr\/wp-json\/wp\/v2\/posts\/264134\/revisions"}],"wp:featuredmedia":[{"embeddable":true,"href":"https:\/\/www.europesays.com\/fr\/wp-json\/wp\/v2\/media\/264135"}],"wp:attachment":[{"href":"https:\/\/www.europesays.com\/fr\/wp-json\/wp\/v2\/media?parent=264134"}],"wp:term":[{"taxonomy":"category","embeddable":true,"href":"https:\/\/www.europesays.com\/fr\/wp-json\/wp\/v2\/categories?post=264134"},{"taxonomy":"post_tag","embeddable":true,"href":"https:\/\/www.europesays.com\/fr\/wp-json\/wp\/v2\/tags?post=264134"}],"curies":[{"name":"wp","href":"https:\/\/api.w.org\/{rel}","templated":true}]}}