{"id":26414,"date":"2025-04-15T11:36:07","date_gmt":"2025-04-15T11:36:07","guid":{"rendered":"https:\/\/www.europesays.com\/fr\/26414\/"},"modified":"2025-04-15T11:36:07","modified_gmt":"2025-04-15T11:36:07","slug":"les-staffs-des-equipes-de-france-jeunes-devoiles","status":"publish","type":"post","link":"https:\/\/www.europesays.com\/fr\/26414\/","title":{"rendered":"Les staffs des \u00e9quipes de France jeunes d\u00e9voil\u00e9s"},"content":{"rendered":"<p>Les \u00e9quipes de France jeunes participeront \u00e0 6 championnats d&rsquo;Europe, 2 Coupes du Monde et au Tournoi de l&rsquo;Amiti\u00e9 cet \u00e9t\u00e9. On connaissait d\u00e9j\u00e0 <a href=\"https:\/\/www.basketeurope.com\/la-liste-des-entraineurs-des-equipes-de-france-jeunes-3\/\" rel=\"nofollow noopener\" target=\"_blank\">les coachs retenus<\/a>, l\u2019identit\u00e9 des assistants et pr\u00e9parateur physique de chaque staff technique est d\u00e9sormais connue. Voici <a href=\"https:\/\/www.ffbb.com\/actualites\/les-staffs-des-equipes-de-france-jeunes-5x5?ref=basketeurope.com\" rel=\"nofollow noopener\" target=\"_blank\">la liste<\/a> :\u00a0<\/p>\n<p><strong>F\u00c9MININES<\/strong><\/p>\n<p><strong>U15<\/strong> : Yves TEKPLI (Tournoi de l\u2019Amiti\u00e9 du 12 au 14 juillet 2025, \u00e0 Voiron et FOJE \u00e0 Skopje, Mac\u00e9doine du 18 au 28 juillet)<br \/>\u2022 Assistants : Laure BELLEVILLE (Charnay), Johann ZIOLKOVSKI (CT P\u00f4le de Reims)<\/p>\n<p><strong>U16<\/strong> : Julien EGLOFF (Euro du 15 au 23 ao\u00fbt 2025 \u00e0 Pitesti, Roumanie)<br \/>\u2022 Assistants : Priscilla ROGER (ETR Nouvelle-Aquitaine), Christophe PONTCHARRAUD (CT Nouvelle-Aquitaine)<br \/>\u2022 Pr\u00e9parateur physique : Lisa KUCUKASLAN (P\u00f4le France)<br \/>\u2022 Analyste du jeu : Thomas GIORGUITTI (CTS Nord-Pas-De Calais)<\/p>\n<p><strong>U18<\/strong> : Vincent BOURDEAU (Euro du 5 au 13 juillet 2025 \u00e0 La Palma, Espagne)<br \/>\u2022 Assistants : Pierre-Laurent BALIELLO (CTS Pays-de-la-Loire), Julie MASSON (CT Occitanie)\u00a0<br \/>\u2022 Pr\u00e9parateur physique : Thomas HUBERT (P\u00f4le France)<br \/>\u2022 Analyste du jeu : Julien MAHE (CF Chalon-sur-Sa\u00f4ne)<\/p>\n<p><strong>U19<\/strong> : Aur\u00e9lie BONNAN (Coupe du Monde du 12 au 20 juillet 2025 \u00e0 Brno, R\u00e9publique Tch\u00e8que)<br \/>\u2022 Assistants : Julien PINCEMIN (sans club), Julien CLAUDE (CTS Pays-de-la-Loire)<br \/>\u2022 Pr\u00e9parateur Physique : Claudio DEIANA (ASVEL f\u00e9minin)<br \/>\u2022 Analyste du jeu : Valentin POUPLIN (JSA Bordeaux)<\/p>\n<p><strong>U20<\/strong> : Emmanuel BODY (Euro du 2 au 10 ao\u00fbt 2025 \u00e0 Matosinhos, Portugal)<br \/>\u2022 Assistants : Valentin GARREAU (Roche Vend\u00e9e), Romain GARDE (Roche Vend\u00e9e)<br \/>\u2022 Pr\u00e9parateur physique : Marine BERNARD (FC Fleury 91, football)<br \/>\u2022 Analyste du jeu : J\u00e9r\u00f4me GRECKSCH (Saint Vallier)<\/p>\n<p><strong>MASCULINS<\/strong><\/p>\n<p><strong>U15<\/strong> : Stanislas HACQUARD (Tournoi de l\u2019Amiti\u00e9 du 12 au 14 juillet 2025, \u00e0 Voiron et FOJE \u00e0 Skopje, Mac\u00e9doine du 18 au 28 juillet)<br \/>\u2022 Assistant : L\u00e9o SANSOT (CTS Bretagne)<br \/>\u2022 Assistant et pr\u00e9parateur physique : Styve SOUCHETTE (CTS Martinique)\u00a0\u00a0\u00a0\u00a0<\/p>\n<p><strong>U16 <\/strong>: Nicolas ABSALON (Euro du 8 au 16 ao\u00fbt \u00e0 Tbilissi, G\u00e9orgie)<br \/>\u2022 Assistants : Benjamin BERKANI (CT Hauts de France), Damien JEAN-JOSEPH (CT Nord Est)<br \/>\u2022 Pr\u00e9parateur physique : Hugo LEGENTIL (Le Mans SB)<br \/>\u2022 Analyste du jeu : B\u00e9ranger SILLIAU (Landerneau)<\/p>\n<p><strong>U18<\/strong> : Elise PRODHOMME (Euro du 26 juillet au 3 ao\u00fbt \u00e0 Belgrade, Serbie)<br \/>\u2022 Assistants : Fabien FRYDRYSZAK (P\u00f4le France)<br \/>\u2022 Pr\u00e9parateur physique : Alexandre DUGENY (SIG Strasbourg)<br \/>\u2022 Analyste du jeu : Keny FOREAU (JDA Dijon)<\/p>\n<p><strong>U19<\/strong> : Ruddy NELHOMME (Coupe du Monde du 28 juin au 6 juillet \u00e0 Lausanne, Suisse)<br \/>\u2022 Assistants : Fran\u00e7ois PERONNET (P\u00f4le France), Benjamin VILLEGER (Cholet Basket), David Hermine (P\u00f4le France)<br \/>\u2022 Pr\u00e9parateur physique : Julien LENNE (ASVEL)<\/p>\n<p><strong>U20<\/strong> : Micka\u00ebl HAY (Euro du 12 au 20 juillet \u00e0 H\u00e9raklion, Gr\u00e8ce)<br \/>\u2022 Assistants : Alexandre MENARD (Boulazac), Bienvenu KINDOKI (Paris Basketball), Azzedine LABOUIZE (CTS AURA), Jonathan NEBOUT (SLUC Nancy)<br \/>\u2022 Pr\u00e9parateur physique : Armand VINCENT (P\u00f4le France)<\/p>\n<p><strong>La r\u00e9action de Jacques Comm\u00e8res (Directeur de la performance et des \u00e9quipes de France) : <\/strong>\u00ab La composition des staffs des \u00e9quipes de France jeunes r\u00e9pond \u00e0 plusieurs logiques et objectifs f\u00e9d\u00e9raux, notamment par rapport \u00e0 la f\u00e9minisation et \u00e0 l\u2019ouverture vers le monde professionnel. Le but est \u00e9galement que l\u2019ensemble de la famille du basket fran\u00e7ais soit repr\u00e9sent\u00e9 et concern\u00e9 dans ces staffs. Des profils d\u2019assistants, de pr\u00e9parateurs physiques et d\u2019analystes du jeu viennent des clubs, d\u2019autres sont des cadres d&rsquo;\u00c9tat ou des conseillers territoriaux, aux c\u00f4t\u00e9s des entra\u00eeneurs nationaux. \u00bb<\/p>\n","protected":false},"excerpt":{"rendered":"Les \u00e9quipes de France jeunes participeront \u00e0 6 championnats d&rsquo;Europe, 2 Coupes du Monde et au Tournoi de&hellip;\n","protected":false},"author":2,"featured_media":26415,"comment_status":"","ping_status":"","sticky":false,"template":"","format":"standard","meta":{"footnotes":""},"categories":[1414],"tags":[1465,1464,1011,27,60],"class_list":{"0":"post-26414","1":"post","2":"type-post","3":"status-publish","4":"format-standard","5":"has-post-thumbnail","7":"category-basket","8":"tag-basket","9":"tag-basketball","10":"tag-fr","11":"tag-france","12":"tag-sports"},"share_on_mastodon":{"url":"https:\/\/pubeurope.com\/@fr\/114341778937045132","error":""},"_links":{"self":[{"href":"https:\/\/www.europesays.com\/fr\/wp-json\/wp\/v2\/posts\/26414","targetHints":{"allow":["GET"]}}],"collection":[{"href":"https:\/\/www.europesays.com\/fr\/wp-json\/wp\/v2\/posts"}],"about":[{"href":"https:\/\/www.europesays.com\/fr\/wp-json\/wp\/v2\/types\/post"}],"author":[{"embeddable":true,"href":"https:\/\/www.europesays.com\/fr\/wp-json\/wp\/v2\/users\/2"}],"replies":[{"embeddable":true,"href":"https:\/\/www.europesays.com\/fr\/wp-json\/wp\/v2\/comments?post=26414"}],"version-history":[{"count":0,"href":"https:\/\/www.europesays.com\/fr\/wp-json\/wp\/v2\/posts\/26414\/revisions"}],"wp:featuredmedia":[{"embeddable":true,"href":"https:\/\/www.europesays.com\/fr\/wp-json\/wp\/v2\/media\/26415"}],"wp:attachment":[{"href":"https:\/\/www.europesays.com\/fr\/wp-json\/wp\/v2\/media?parent=26414"}],"wp:term":[{"taxonomy":"category","embeddable":true,"href":"https:\/\/www.europesays.com\/fr\/wp-json\/wp\/v2\/categories?post=26414"},{"taxonomy":"post_tag","embeddable":true,"href":"https:\/\/www.europesays.com\/fr\/wp-json\/wp\/v2\/tags?post=26414"}],"curies":[{"name":"wp","href":"https:\/\/api.w.org\/{rel}","templated":true}]}}