{"id":264144,"date":"2025-07-21T20:10:28","date_gmt":"2025-07-21T20:10:28","guid":{"rendered":"https:\/\/www.europesays.com\/fr\/264144\/"},"modified":"2025-07-21T20:10:28","modified_gmt":"2025-07-21T20:10:28","slug":"un-rennais-tue-par-balles-au-havre-une-enquete-ouverte","status":"publish","type":"post","link":"https:\/\/www.europesays.com\/fr\/264144\/","title":{"rendered":"Un Rennais tu\u00e9 par balles au Havre : une enqu\u00eate ouverte"},"content":{"rendered":"<p>Peu avant 21h, samedi 26 juillet, un homme bless\u00e9 par balle a \u00e9t\u00e9 d\u00e9pos\u00e9 aux urgences du CH Monod \u00ab en urgence absolue \u00bb. Il est d\u00e9c\u00e9d\u00e9 dimanche \u00ab dans l\u2018apr\u00e8s-midi \u00bb, a indiqu\u00e9 la procureure \u00e0 l\u2019AFP la procureure de la R\u00e9publique du Havre Soizic Guillaume.<\/p>\n<p>Selon une source polici\u00e8re \u00e0 l\u2018AFP, la victime, qui pr\u00e9sentait au moins deux plaies par balle dans le dos, aurait \u00e9t\u00e9 d\u00e9pos\u00e9e par deux personnes aux urgences. Ces derni\u00e8res auraient ensuite pris la fuite.<\/p>\n<p>Connue pour des faits de trafic de stup\u00e9fiants<\/p>\n<p>Une enqu\u00eate a \u00e9t\u00e9 ouverte, confi\u00e9e \u00e0 l\u2018antenne de la PJ du Havre, du chef d\u2019homicide volontaire, a ajout\u00e9 la procureure.<\/p>\n<p>La victime \u00e9tait \u00e2g\u00e9e d\u2018une trentaine d\u2019ann\u00e9es, originaire de Rennes et connue pour des faits de trafic de stup\u00e9fiants, a-t-elle aussi pr\u00e9cis\u00e9. Les investigations se poursuivent et aucune piste n\u2018est en l\u2019\u00e9tat privil\u00e9gi\u00e9e.<\/p>\n","protected":false},"excerpt":{"rendered":"Peu avant 21h, samedi 26 juillet, un homme bless\u00e9 par balle a \u00e9t\u00e9 d\u00e9pos\u00e9 aux urgences du CH&hellip;\n","protected":false},"author":2,"featured_media":264145,"comment_status":"","ping_status":"","sticky":false,"template":"","format":"standard","meta":{"footnotes":""},"categories":[2821],"tags":[1111,11,829,1777,674,118,3383,1011,27,848,12,584,25],"class_list":{"0":"post-264144","1":"post","2":"type-post","3":"status-publish","4":"format-standard","5":"has-post-thumbnail","7":"category-rennes","8":"tag-actu","9":"tag-actualites","10":"tag-bretagne","11":"tag-eu","12":"tag-europe","13":"tag-faits-divers","14":"tag-faits-divers-a-rennes","15":"tag-fr","16":"tag-france","17":"tag-ille-et-vilaine","18":"tag-news","19":"tag-rennes","20":"tag-republique-francaise"},"share_on_mastodon":{"url":"https:\/\/pubeurope.com\/@fr\/114893044081932889","error":""},"_links":{"self":[{"href":"https:\/\/www.europesays.com\/fr\/wp-json\/wp\/v2\/posts\/264144","targetHints":{"allow":["GET"]}}],"collection":[{"href":"https:\/\/www.europesays.com\/fr\/wp-json\/wp\/v2\/posts"}],"about":[{"href":"https:\/\/www.europesays.com\/fr\/wp-json\/wp\/v2\/types\/post"}],"author":[{"embeddable":true,"href":"https:\/\/www.europesays.com\/fr\/wp-json\/wp\/v2\/users\/2"}],"replies":[{"embeddable":true,"href":"https:\/\/www.europesays.com\/fr\/wp-json\/wp\/v2\/comments?post=264144"}],"version-history":[{"count":0,"href":"https:\/\/www.europesays.com\/fr\/wp-json\/wp\/v2\/posts\/264144\/revisions"}],"wp:featuredmedia":[{"embeddable":true,"href":"https:\/\/www.europesays.com\/fr\/wp-json\/wp\/v2\/media\/264145"}],"wp:attachment":[{"href":"https:\/\/www.europesays.com\/fr\/wp-json\/wp\/v2\/media?parent=264144"}],"wp:term":[{"taxonomy":"category","embeddable":true,"href":"https:\/\/www.europesays.com\/fr\/wp-json\/wp\/v2\/categories?post=264144"},{"taxonomy":"post_tag","embeddable":true,"href":"https:\/\/www.europesays.com\/fr\/wp-json\/wp\/v2\/tags?post=264144"}],"curies":[{"name":"wp","href":"https:\/\/api.w.org\/{rel}","templated":true}]}}