{"id":264156,"date":"2025-07-21T20:16:58","date_gmt":"2025-07-21T20:16:58","guid":{"rendered":"https:\/\/www.europesays.com\/fr\/264156\/"},"modified":"2025-07-21T20:16:58","modified_gmt":"2025-07-21T20:16:58","slug":"sante-pic-dhepatite-a-dans-lagglomeration-de-nantes-lars-appelle-a-la-vaccination","status":"publish","type":"post","link":"https:\/\/www.europesays.com\/fr\/264156\/","title":{"rendered":"SANT\u00c9. Pic d\u2019h\u00e9patite A dans l\u2019agglom\u00e9ration de Nantes : l\u2019ARS appelle \u00e0 la vaccination"},"content":{"rendered":"<p>L\u2019heure n\u2019est pas \u00e0 l\u2019inqui\u00e9tude, mais \u00e0 la pr\u00e9vention. Depuis le mois de juin, au moins vingt et un\u00a0cas d\u2019infection au virus de l\u2019h\u00e9patite A ont \u00e9t\u00e9 d\u00e9tect\u00e9s <a href=\"https:\/\/nantes.maville.com\/info\/info-locale\/\" target=\"_self\" rel=\"noopener\">dans l\u2019agglom\u00e9ration nantaise<\/a>. \u00a0La maladie touche le foie, explique le docteur Marion Douaud, infectiologue au CHU de Nantes. Les enfants sont souvent asymptomatiques. Chez les adultes, les sympt\u00f4mes sont la fatigue, comme une grippe et surtout une jaunisse. Quelques cas peuvent \u00eatre graves, avec des formes fulminantes, mais ils sont exceptionnels. Il n\u2019y a pas de forme chronique, on en gu\u00e9rit, avant d\u2019\u00eatre immunis\u00e9.\u00a0<\/p>\n<p>\u00ab\u00a0On sait qu\u2019une \u00e9pid\u00e9mie progresse actuellement \u00e0 l\u2019est de l\u2019Europe\u00a0\u00bb<\/p>\n<p>Le virus est pr\u00e9sent dans les selles du patient infect\u00e9 et se transmet principalement par voie orale, via une consommation d\u2019eau ou d\u2019aliments souill\u00e9s, ou par contact direct avec des objets ou des mains contamin\u00e9s. En France, il circule tr\u00e8s faiblement. \u00a0Le virus est tr\u00e8s pr\u00e9sent dans les pays o\u00f9 il n\u2019y a pas de traitement des eaux us\u00e9es\u00a0, pr\u00e9cise la sp\u00e9cialiste, qui ajoute que l\u2019assainissement et l\u2019hygi\u00e8ne permettent de freiner sa circulation.<\/p>\n<p>Comment expliquer ce d\u00e9but de propagation autour de Nantes\u00a0? \u00a0On sait qu\u2019une \u00e9pid\u00e9mie progresse actuellement \u00e0 l\u2019est de l\u2019Europe, en Autriche, Slovaquie, Hongrie, Tch\u00e9quie. Ce n\u2019est pas \u00e9tonnant qu\u2019on ait des \u00e9pid\u00e9mies ponctuelles, avec des gens qui rentrent de voyage.\u00a0 Un acc\u00e8s limit\u00e9 \u00e0 l\u2019eau potable et un manque d\u2019hygi\u00e8ne peuvent \u00e9galement expliquer sa propagation.<\/p>\n<p>Pour l\u2019heure, <a href=\"https:\/\/nantes.maville.com\/actu\/actudet_-sante.-recrudescence-des-cas-d-hepatite-a-a-nantes-l-ars-pays-de-la-loire-appelle-a-la-vigilance-_8-6903523_actu.Htm\" target=\"_self\" rel=\"noopener\">l\u2019ARS Pays de la Loire travaille \u00e0 identifier les cha\u00eenes de transmission du virus dans le d\u00e9partement<\/a>, afin d\u2019assurer un suivi des cas confirm\u00e9s et prot\u00e9ger les cas contact.\u00a0Les cas observ\u00e9s r\u00e9cemment concernent principalement des voyageurs de tous les \u00e2ges, mais \u00e9galement des contaminations secondaires. \u00a0Il est important de vacciner l\u2019entourage des personnes malades, m\u00eame si le risque de voir augmenter l\u2019\u00e9pid\u00e9mie est relativement faible puisqu\u2019ici, il n\u2019y a pas de risque avec l\u2019eau du robinet\u00a0, rassure le docteur Douaud.<\/p>\n<p>Le vaccin, moyen de pr\u00e9vention efficace<\/p>\n<p>Les autorit\u00e9s de sant\u00e9 tiennent \u00e0 rappeler l\u2019importance de se faire vacciner contre l\u2019h\u00e9patite A, avant de se d\u00e9placer dans les pays ou le virus circule de mani\u00e8re end\u00e9mique. \u00a0Il faut le faire, d\u2019autant qu\u2019on a une efficacit\u00e9 proche des 100\u00a0% et respecter des mesures d\u2019hygi\u00e8ne, ne pas boire d\u2019eau du robinet, laver les fruits et l\u00e9gumes avec de l\u2019eau non souill\u00e9e et bien se laver les mains\u00a0, insiste la professionnelle de sant\u00e9.<\/p>\n<p>Le vaccin est \u00e0 se faire prescrire par un m\u00e9decin. Il consiste en deux injections, une premi\u00e8re avant de partir en voyage, puis une seconde six mois \u00e0 un an apr\u00e8s \u00a0pour \u00eatre d\u00e9finitivement immunis\u00e9\u00a0, ajoute le docteur. \u00a0Elle est aussi recommand\u00e9e \u00e0 toutes les personnes souffrant de pathologies du foie, m\u00eame s\u2019ils ne voyagent pas\u00a0. Le vaccin est rembours\u00e9 par la S\u00e9curit\u00e9 sociale pour les personnes \u00e0 risque.<\/p>\n<p>\u00a0<\/p>\n","protected":false},"excerpt":{"rendered":"L\u2019heure n\u2019est pas \u00e0 l\u2019inqui\u00e9tude, mais \u00e0 la pr\u00e9vention. Depuis le mois de juin, au moins vingt et&hellip;\n","protected":false},"author":2,"featured_media":264157,"comment_status":"","ping_status":"","sticky":false,"template":"","format":"standard","meta":{"footnotes":""},"categories":[2818],"tags":[1111,11,38929,18235,35712,1777,674,1011,27,40363,766,12,2636,26773,25,3272,71,148],"class_list":{"0":"post-264156","1":"post","2":"type-post","3":"status-publish","4":"format-standard","5":"has-post-thumbnail","7":"category-nantes","8":"tag-actu","9":"tag-actualites","10":"tag-agglomeration","11":"tag-appelle","12":"tag-ars","13":"tag-eu","14":"tag-europe","15":"tag-fr","16":"tag-france","17":"tag-hepatite","18":"tag-nantes","19":"tag-news","20":"tag-pays-de-la-loire","21":"tag-pic","22":"tag-republique-francaise","23":"tag-saint-nazaire","24":"tag-sante","25":"tag-vaccination"},"share_on_mastodon":{"url":"https:\/\/pubeurope.com\/@fr\/114893071468703854","error":""},"_links":{"self":[{"href":"https:\/\/www.europesays.com\/fr\/wp-json\/wp\/v2\/posts\/264156","targetHints":{"allow":["GET"]}}],"collection":[{"href":"https:\/\/www.europesays.com\/fr\/wp-json\/wp\/v2\/posts"}],"about":[{"href":"https:\/\/www.europesays.com\/fr\/wp-json\/wp\/v2\/types\/post"}],"author":[{"embeddable":true,"href":"https:\/\/www.europesays.com\/fr\/wp-json\/wp\/v2\/users\/2"}],"replies":[{"embeddable":true,"href":"https:\/\/www.europesays.com\/fr\/wp-json\/wp\/v2\/comments?post=264156"}],"version-history":[{"count":0,"href":"https:\/\/www.europesays.com\/fr\/wp-json\/wp\/v2\/posts\/264156\/revisions"}],"wp:featuredmedia":[{"embeddable":true,"href":"https:\/\/www.europesays.com\/fr\/wp-json\/wp\/v2\/media\/264157"}],"wp:attachment":[{"href":"https:\/\/www.europesays.com\/fr\/wp-json\/wp\/v2\/media?parent=264156"}],"wp:term":[{"taxonomy":"category","embeddable":true,"href":"https:\/\/www.europesays.com\/fr\/wp-json\/wp\/v2\/categories?post=264156"},{"taxonomy":"post_tag","embeddable":true,"href":"https:\/\/www.europesays.com\/fr\/wp-json\/wp\/v2\/tags?post=264156"}],"curies":[{"name":"wp","href":"https:\/\/api.w.org\/{rel}","templated":true}]}}