{"id":264163,"date":"2025-07-21T20:21:10","date_gmt":"2025-07-21T20:21:10","guid":{"rendered":"https:\/\/www.europesays.com\/fr\/264163\/"},"modified":"2025-07-21T20:21:10","modified_gmt":"2025-07-21T20:21:10","slug":"grievement-blessee-elle-est-transportee-a-lhopital","status":"publish","type":"post","link":"https:\/\/www.europesays.com\/fr\/264163\/","title":{"rendered":"gri\u00e8vement bless\u00e9e, elle est transport\u00e9e \u00e0 l&rsquo;h\u00f4pital"},"content":{"rendered":"<p>            Par<br \/>\n        <strong><br \/>\n            <a href=\"https:\/\/actu.fr\/auteur\/david-saint-sernin\" title=\"Consulter tous les articles de David Saint-Sernin\" rel=\"nofollow noopener\" target=\"_blank\">David Saint-Sernin<\/a><br \/>\n        <\/strong><\/p>\n<p>        Publi\u00e9 le<\/p>\n<p>            21 juil. 2025 \u00e0 19h23        <\/p>\n<p>Lundi 21 juillet 2025, peu apr\u00e8s 13 heures, une femme d\u2019environ <strong>40 ans<\/strong> \u00ab\u2009a chut\u00e9 d\u2019une <strong>hauteur importante<\/strong> sur la voie publique\u2009\u00bb, indiquent les <a href=\"https:\/\/actu.fr\/occitanie\/calmont_31100\/violent-incendie-dans-un-village-de-haute-garonne-deux-maisons-en-feu-et-une-vingtaine-de-pompiers-sur-place_62926144.html\" rel=\"nofollow noopener\" target=\"_blank\">pompiers de Haute-Garonne<\/a> ce lundi soir.<\/p>\n<p class=\" wall-content\"><a href=\"https:\/\/actu.fr\/occitanie\/toulouse_31555\/toulouse-un-homme-perd-la-vie-apres-avoir-chute-d-un-parking-couvert-du-centre-ville_62921144.html\" rel=\"nofollow noopener\" target=\"_blank\">Cette chute<\/a> a eu lieu juste \u00e0 c\u00f4t\u00e9 de <strong>la station de m\u00e9tro Pharmacie<\/strong>, \u00e0 proximit\u00e9 de la Facult\u00e9 de Pharmacie.<\/p>\n<p>Les circonstances restent inconnues<\/p>\n<p class=\" wall-content\">Les circonstances de cette chute restent inconnues \u00e0 ce stade. La <strong>police<\/strong> \u00e9tait sur place pour <strong>r\u00e9aliser les constatations<\/strong>.<\/p>\n<p>\u00c9vacu\u00e9e en urgence absolue<\/p>\n<p class=\" wall-content\">La victime a \u00e9t\u00e9 <strong>gri\u00e8vement bless\u00e9e<\/strong>. Elle a \u00e9t\u00e9 transport\u00e9e <strong>\u00ab\u2009en urgence absolue\u2009\u00bb<\/strong> vers un centre hospitalier de l\u2019agglom\u00e9ration.<\/p>\n<p class=\" wall-content\">Les sapeurs-pompiers, qui sont rapidement intervenus, ont \u00e9t\u00e9 appuy\u00e9s par une \u00e9quipe du SMUR 31.<\/p>\n<p>    <a href=\"https:\/\/www.google.com\/maps\/embed?pb=!1m18!1m12!1m3!1d50436.707040262416!2d1.427365138915289!3d43.57183150192291!2m3!1f0!2f0!3f0!3m2!1i1024!2i768!4f13.1!3m3!1m2!1s0x12aebc3e466424b5%3A0xe172207975379237!2sFacult%C3%A9%20de%20Pharmacie!5e0!3m2!1sfr!2sfr!4v1753117816124!5m2!1sfr!2sfr\" title=\"Ouvrie le lien\" rel=\"nofollow noopener\" target=\"_blank\">Cliquez ici pour visualiser le contenu<\/a><\/p>\n<p>Vid\u00e9os : en ce moment sur Actu<\/p>\n<p class=\" wall-content\">Suivez toute l\u2019actualit\u00e9 de vos villes et m\u00e9dias favoris en vous inscrivant \u00e0 <a href=\"https:\/\/moncompte.actu.fr\" title=\"D\u00e9couvez Mon Actu\" rel=\"nofollow noopener\" data-trk=\"{&quot;cta&quot;:{&quot;action&quot;:&quot;https:\\\/\\\/moncompte.actu.fr&quot;,&quot;category&quot;:&quot;mon compte&quot;,&quot;from&quot;:&quot;article footer&quot;,&quot;name&quot;:&quot;Mon actu&quot;,&quot;type&quot;:&quot;cta&quot;}}\" target=\"_blank\">Mon Actu<\/a>.<\/p>\n","protected":false},"excerpt":{"rendered":"Par David Saint-Sernin Publi\u00e9 le 21 juil. 2025 \u00e0 19h23 Lundi 21 juillet 2025, peu apr\u00e8s 13 heures,&hellip;\n","protected":false},"author":2,"featured_media":264164,"comment_status":"","ping_status":"","sticky":false,"template":"","format":"standard","meta":{"footnotes":""},"categories":[2816],"tags":[1111,11,1777,674,118,1011,27,12,2680,1311,25,2312],"class_list":{"0":"post-264163","1":"post","2":"type-post","3":"status-publish","4":"format-standard","5":"has-post-thumbnail","7":"category-toulouse","8":"tag-actu","9":"tag-actualites","10":"tag-eu","11":"tag-europe","12":"tag-faits-divers","13":"tag-fr","14":"tag-france","15":"tag-news","16":"tag-occitanie","17":"tag-pompiers","18":"tag-republique-francaise","19":"tag-toulouse"},"share_on_mastodon":{"url":"https:\/\/pubeurope.com\/@fr\/114893087303398915","error":""},"_links":{"self":[{"href":"https:\/\/www.europesays.com\/fr\/wp-json\/wp\/v2\/posts\/264163","targetHints":{"allow":["GET"]}}],"collection":[{"href":"https:\/\/www.europesays.com\/fr\/wp-json\/wp\/v2\/posts"}],"about":[{"href":"https:\/\/www.europesays.com\/fr\/wp-json\/wp\/v2\/types\/post"}],"author":[{"embeddable":true,"href":"https:\/\/www.europesays.com\/fr\/wp-json\/wp\/v2\/users\/2"}],"replies":[{"embeddable":true,"href":"https:\/\/www.europesays.com\/fr\/wp-json\/wp\/v2\/comments?post=264163"}],"version-history":[{"count":0,"href":"https:\/\/www.europesays.com\/fr\/wp-json\/wp\/v2\/posts\/264163\/revisions"}],"wp:featuredmedia":[{"embeddable":true,"href":"https:\/\/www.europesays.com\/fr\/wp-json\/wp\/v2\/media\/264164"}],"wp:attachment":[{"href":"https:\/\/www.europesays.com\/fr\/wp-json\/wp\/v2\/media?parent=264163"}],"wp:term":[{"taxonomy":"category","embeddable":true,"href":"https:\/\/www.europesays.com\/fr\/wp-json\/wp\/v2\/categories?post=264163"},{"taxonomy":"post_tag","embeddable":true,"href":"https:\/\/www.europesays.com\/fr\/wp-json\/wp\/v2\/tags?post=264163"}],"curies":[{"name":"wp","href":"https:\/\/api.w.org\/{rel}","templated":true}]}}